{"id":1184,"date":"2011-08-14T13:28:19","date_gmt":"2011-08-14T11:28:19","guid":{"rendered":"http:\/\/annakarinhatt.se\/blogg\/?p=1184"},"modified":"2011-08-15T10:48:30","modified_gmt":"2011-08-15T08:48:30","slug":"hattresan-dag-10-tre-raka-besked-om-ekonomi","status":"publish","type":"post","link":"http:\/\/annakarinhatt.se\/blogg\/hattresan-dag-10-tre-raka-besked-om-ekonomi\/","title":{"rendered":"Hattresan &#8211; dag 10, tre raka besked om ekonomi"},"content":{"rendered":"<p>De senaste dagarna har handlat mycket om att ge besked i flera viktiga ekonomisk-politiska fr\u00e5gor.<\/p>\n<p>P\u00e5 det temat skriver jag idag p\u00e5 <a title=\"SvD Br\u00e4nnpunkt\" href=\"http:\/\/www.svd.se\/opinion\/brannpunkt\/fragan-om-euron-ar-dod_6387677.svd\" target=\"_blank\">SvD Br\u00e4nnpunkt<\/a> om att jag tycker att Sverige borde avf\u00f6ra fr\u00e5gan om att g\u00e5 med i EMU f\u00f6r \u00e5tminstone den kommande tio\u00e5rsperioden. Bakgrunden \u00e4r den ekonomiska oro vi befinner oss i, och os\u00e4kerheterna kring hur det framtida euro-samarbetet ska fungera. Innan fr\u00e5gan om ett svenskt eurointr\u00e4de kan bli aktuell igen m\u00e5ste vi se f\u00f6rb\u00e4ttringar vad g\u00e4ller statsskuldernas andel av BNP i eurozonen och ett helt annat ramverk f\u00f6r EMU. Dessutom ska det pr\u00f6vas och visa sig fungera \u00e4ven i praktiken. Min bed\u00f6mning \u00e4r detta kommer att ta minst tio \u00e5r.<\/p>\n<p>P\u00e5 samma tema \u00e4r jag idag intervjuad i <a title=\"SvD\" href=\"http:\/\/www.svd.se\/nyheter\/inrikes\/hatt-vill-vanta-med-jobbskatteavdrag_6387651.svd\" target=\"_blank\">SvD<\/a> om de kommande budgetf\u00f6rhandlingarna, och d\u00e4r \u00e4r jag tydlig med att jag skulle vilja att vi avvaktade med att genomf\u00f6ra det femte jobbskatteavdraget. Vi har, och har haft, god ordning p\u00e5 statsfinanserna i Sverige och har sett till samla i ladorna under h\u00f6gkonjunkturen. D\u00e4rf\u00f6r har vi st\u00e5tt oss relativt v\u00e4l genom den ekonomiska krisen. Men den ekonomiska utvecklingen i v\u00e4rlden och Europa \u00e4r fortfarande h\u00f6gst os\u00e4ker. I det l\u00e4get m\u00e5ste vi dra ansvarsfulla slutsatser b\u00e5de vad g\u00e4ller Sveriges f\u00f6rh\u00e5llande till euron och hur prioriteringarna ska se ut i h\u00f6stens budget.<\/p>\n<p>Men, och det \u00e4r viktigt, f\u00f6r mig \u00e4r det en hederssak att l\u00f6ften till v\u00e4ljarna ocks\u00e5 ska h\u00e5llas. Och d\u00e4rf\u00f6r vill jag samtidigt vara tydlig med att jag tycker att det femte jobbskatteavdraget ska genomf\u00f6ras innan vi p\u00e5 nytt g\u00e5r till val 2014. Men i den kommande budgeten vill jag hellre prioritera \u00e5tg\u00e4rder som st\u00e4rker tillv\u00e4xten och utvecklingskraften i tj\u00e4nstesektorn och de sm\u00e5 f\u00f6retagen, exempelvis s\u00e4nkt arbetsgivaravgift f\u00f6r sm\u00e5f\u00f6retag och s\u00e4nkt restaurangmoms.<\/p>\n<p>Den tredje fr\u00e5gan som jag nyligt givit ett rakt besked i handlar om att jag tycker att det \u00e4r h\u00f6g tid att inf\u00f6ra en obligatorisk a-kassa. N\u00e4r var tredje arbetsl\u00f6s saknar r\u00e4tt till a-kassa \u00e4r det fel p\u00e5 systemet. En obligatorisk arbetsl\u00f6shetsf\u00f6rs\u00e4kring skulle skapa en betydligt b\u00e4ttre arbetsmarknad och skulle g\u00f6ra att fler fick en ekonomisk trygghet och d\u00e4rmed ocks\u00e5 kunde k\u00e4nnas sig tryggare n\u00e4r samh\u00e4llsomvandlingar kommer.<\/p>\n<p>Tre tydliga besked, som p\u00e5 olika s\u00e4tt \u00e4r v\u00e4ldigt viktiga f\u00f6r Centerpartiet och f\u00f6r Sverige.<\/p>\n","protected":false},"excerpt":{"rendered":"<p>De senaste dagarna har handlat mycket om att ge besked i flera viktiga ekonomisk-politiska fr\u00e5gor. P\u00e5 det temat skriver jag idag p\u00e5 SvD Br\u00e4nnpunkt om att jag tycker att Sverige borde avf\u00f6ra fr\u00e5gan om att g\u00e5 med i EMU f\u00f6r \u00e5tminstone den kommande tio\u00e5rsperioden. Bakgrunden \u00e4r den ekonomiska oro vi befinner oss i, och os\u00e4kerheterna&nbsp;<a href=\"http:\/\/annakarinhatt.se\/blogg\/hattresan-dag-10-tre-raka-besked-om-ekonomi\/\" class=\"read-more\">Continue Reading<\/a><\/p>\n","protected":false},"author":3,"featured_media":0,"comment_status":"open","ping_status":"open","sticky":false,"template":"","format":"standard","meta":{"ngg_post_thumbnail":0,"footnotes":""},"categories":[15,57],"tags":[71,72,73],"class_list":["post-1184","post","type-post","status-publish","format-standard","hentry","category-allman-politik","category-hattresan","tag-ekonomi","tag-euro","tag-jobbskatteavdrag","cat-15-id","cat-57-id"],"_links":{"self":[{"href":"http:\/\/annakarinhatt.se\/blogg\/wp-json\/wp\/v2\/posts\/1184","targetHints":{"allow":["GET"]}}],"collection":[{"href":"http:\/\/annakarinhatt.se\/blogg\/wp-json\/wp\/v2\/posts"}],"about":[{"href":"http:\/\/annakarinhatt.se\/blogg\/wp-json\/wp\/v2\/types\/post"}],"author":[{"embeddable":true,"href":"http:\/\/annakarinhatt.se\/blogg\/wp-json\/wp\/v2\/users\/3"}],"replies":[{"embeddable":true,"href":"http:\/\/annakarinhatt.se\/blogg\/wp-json\/wp\/v2\/comments?post=1184"}],"version-history":[{"count":7,"href":"http:\/\/annakarinhatt.se\/blogg\/wp-json\/wp\/v2\/posts\/1184\/revisions"}],"predecessor-version":[{"id":1192,"href":"http:\/\/annakarinhatt.se\/blogg\/wp-json\/wp\/v2\/posts\/1184\/revisions\/1192"}],"wp:attachment":[{"href":"http:\/\/annakarinhatt.se\/blogg\/wp-json\/wp\/v2\/media?parent=1184"}],"wp:term":[{"taxonomy":"category","embeddable":true,"href":"http:\/\/annakarinhatt.se\/blogg\/wp-json\/wp\/v2\/categories?post=1184"},{"taxonomy":"post_tag","embeddable":true,"href":"http:\/\/annakarinhatt.se\/blogg\/wp-json\/wp\/v2\/tags?post=1184"}],"curies":[{"name":"wp","href":"https:\/\/api.w.org\/{rel}","templated":true}]}}