{"id":1294,"date":"2011-08-18T20:11:43","date_gmt":"2011-08-18T18:11:43","guid":{"rendered":"http:\/\/annakarinhatt.se\/blogg\/?p=1294"},"modified":"2011-08-20T09:56:30","modified_gmt":"2011-08-20T07:56:30","slug":"hattresan-%e2%80%93-dag-13-falkoping","status":"publish","type":"post","link":"http:\/\/annakarinhatt.se\/blogg\/hattresan-%e2%80%93-dag-13-falkoping\/","title":{"rendered":"Hattresan \u2013 dag 13, Falk\u00f6ping"},"content":{"rendered":"<p>Idag gick Hattresan till klassisk centermark i Falk\u00f6ping. H\u00e4r bildades den f\u00f6rsta kretsf\u00f6reningen 1913 och h\u00e4r h\u00f6lls den allra f\u00f6rsta partist\u00e4mman 1916 p\u00e5 logen Falbygden. Och det var i Skaraborg som sj\u00e4lva uppropet \u201dBr\u00f6der l\u00e5tom oss enas\u201d startade, som kom att leda till bildandet av det som idag \u00e4r Centerpartiet.<\/p>\n<p>Kv\u00e4llens m\u00f6te blev ett m\u00f6te med mycket diskussioner om skola och utbildning, om f\u00f6rnybar energi, bredbandsutbyggnad och behovet av en stark politik f\u00f6r att ta till vara hela landets m\u00f6jligheter att v\u00e4xa och utvecklas.<\/p>\n<p>En av de som kom p\u00e5 m\u00f6tet var \u00c5ke, en riktig trotj\u00e4nare och l\u00e5ngv\u00e4gare i Centerpartiet. Han fr\u00e5gade mig vad jag ville g\u00f6ra f\u00f6r att se till s\u00e5 att Centerpartiet p\u00e5 nytt kan f\u00e5 m\u00e5nga medlemmar och finnas i m\u00e4nniskors vardag.<\/p>\n<p>Jag vill att Centerpartiet ska bli en modern folkr\u00f6relse, med h\u00f6gt i tak och sp\u00e4nnande id\u00e9debatt. Ska vi lyckas med det m\u00e5ste hela centerorganisationen kunna leva och v\u00e4xa. Det vore faktiskt ingen po\u00e4ng om Centerpartiet gick till botten som v\u00e4rldens rikaste parti. Vi m\u00e5ste, utan att f\u00f6rbruka kommande generationers m\u00f6jligheter att dra nytta av det kapital vi byggt upp, se till att anv\u00e4nda de resurser vi har f\u00f6r att st\u00e4rka ledarskapet i kretsar och distrikt, ge m\u00e4nniskor vettiga arbetsf\u00f6ruts\u00e4ttningar i en tid av krympande mandatst\u00f6d och se till s\u00e5 att Centerpartiet kan finnas och vara n\u00e4rvarande i m\u00e4nniskors vardag. Det \u00e4r bara s\u00e5 som vi kan l\u00e4gga grunden f\u00f6r en v\u00e4ndning d\u00e4r Centerpartiet \u00e5terigen blir ett v\u00e4xande och tongivande parti, ocks\u00e5 lokalt och regionalt.<\/p>\n<p>En annan som kom p\u00e5 medlemsm\u00f6tet ikv\u00e4ll var Lars-G\u00f6ran Pettersson, till alldeles nyss ordf\u00f6rande i LRF, och han ber\u00e4ttade varf\u00f6r han idag g\u00e5tt ut och sagt att han f\u00f6rordar mig som ny partiledare. N\u00e4r han f\u00e5r beskriva varf\u00f6r s\u00e4ger han s\u00e5h\u00e4r:<\/p>\n<blockquote><p>\u2013 Jag vill se it- och regionminister Anna-Karin Hatt som n\u00e4sta centerledare. Hennes socialliberala engagemang tilltalar mig mycket. Jag tror att hon \u00e4r b\u00e4st l\u00e4mpad att se och ta tillvara landsbygdens och de gr\u00f6na n\u00e4ringarnas stora potential.<\/p>\n<p>\u2013 Jag tror att Anna-Karin Hatt kan profilera Centerpartiet och ge Centerpartiet en ny identitet. Anna-Karin Hatt har en v\u00e4rdefull bredd. Hon kan f\u00f6rena f\u00f6rnyelse med en tydlig f\u00f6rankring i Centerpartiets r\u00f6tter. Hennes regeringsvana \u00e4r ocks\u00e5 oerh\u00f6rt betydelsefull f\u00f6r att kunna g\u00e5 fr\u00e5n ord till verklig handling. Hatt \u00e4r ju en av arkitekterna bakom alliansregeringen, s\u00e4ger Lars-G\u00f6ran Pettersson.<\/p>\n<p>\u2013 Sverige st\u00e5r inf\u00f6r ett antal viktiga v\u00e4gval. Ett avg\u00f6rande \u00e4r hur v\u00e4l vi lyckas ta tillvara all den h\u00e5llbara tillv\u00e4xtpotential som landsbygden och de gr\u00f6na n\u00e4ringarna rymmer. V\u00e4rldens matproduktion beh\u00f6ver f\u00f6rdubblas, \u00e4ndlig energi ska ers\u00e4ttas av f\u00f6rnybar och m\u00e4nniskors l\u00e4ngtan efter djur och natur ger m\u00e5nga nya aff\u00e4rsm\u00f6jligheter. Anna-Karin Hatt ser m\u00f6jligheterna och jag tror p\u00e5 hennes socialliberala \u00f6vertygelse. H\u00e4r fungerar inte en nyliberal politik, s\u00e4ger Lars-G\u00f6ran Pettersson.<\/p><\/blockquote>\n<p>Jag kan inte s\u00e4ga annat \u00e4n tack f\u00f6r de fina omd\u00f6mena!<\/p>\n","protected":false},"excerpt":{"rendered":"<p>Idag gick Hattresan till klassisk centermark i Falk\u00f6ping. H\u00e4r bildades den f\u00f6rsta kretsf\u00f6reningen 1913 och h\u00e4r h\u00f6lls den allra f\u00f6rsta partist\u00e4mman 1916 p\u00e5 logen Falbygden. Och det var i Skaraborg som sj\u00e4lva uppropet \u201dBr\u00f6der l\u00e5tom oss enas\u201d startade, som kom att leda till bildandet av det som idag \u00e4r Centerpartiet. Kv\u00e4llens m\u00f6te blev ett m\u00f6te&nbsp;<a href=\"http:\/\/annakarinhatt.se\/blogg\/hattresan-%e2%80%93-dag-13-falkoping\/\" class=\"read-more\">Continue Reading<\/a><\/p>\n","protected":false},"author":3,"featured_media":0,"comment_status":"open","ping_status":"open","sticky":false,"template":"","format":"standard","meta":{"ngg_post_thumbnail":0,"footnotes":""},"categories":[57],"tags":[],"class_list":["post-1294","post","type-post","status-publish","format-standard","hentry","category-hattresan","cat-57-id"],"_links":{"self":[{"href":"http:\/\/annakarinhatt.se\/blogg\/wp-json\/wp\/v2\/posts\/1294","targetHints":{"allow":["GET"]}}],"collection":[{"href":"http:\/\/annakarinhatt.se\/blogg\/wp-json\/wp\/v2\/posts"}],"about":[{"href":"http:\/\/annakarinhatt.se\/blogg\/wp-json\/wp\/v2\/types\/post"}],"author":[{"embeddable":true,"href":"http:\/\/annakarinhatt.se\/blogg\/wp-json\/wp\/v2\/users\/3"}],"replies":[{"embeddable":true,"href":"http:\/\/annakarinhatt.se\/blogg\/wp-json\/wp\/v2\/comments?post=1294"}],"version-history":[{"count":6,"href":"http:\/\/annakarinhatt.se\/blogg\/wp-json\/wp\/v2\/posts\/1294\/revisions"}],"predecessor-version":[{"id":1341,"href":"http:\/\/annakarinhatt.se\/blogg\/wp-json\/wp\/v2\/posts\/1294\/revisions\/1341"}],"wp:attachment":[{"href":"http:\/\/annakarinhatt.se\/blogg\/wp-json\/wp\/v2\/media?parent=1294"}],"wp:term":[{"taxonomy":"category","embeddable":true,"href":"http:\/\/annakarinhatt.se\/blogg\/wp-json\/wp\/v2\/categories?post=1294"},{"taxonomy":"post_tag","embeddable":true,"href":"http:\/\/annakarinhatt.se\/blogg\/wp-json\/wp\/v2\/tags?post=1294"}],"curies":[{"name":"wp","href":"https:\/\/api.w.org\/{rel}","templated":true}]}}