{"id":1300,"date":"2011-08-19T14:03:41","date_gmt":"2011-08-19T12:03:41","guid":{"rendered":"http:\/\/annakarinhatt.se\/blogg\/?p=1300"},"modified":"2011-08-19T18:52:06","modified_gmt":"2011-08-19T16:52:06","slug":"mediesvep-4","status":"publish","type":"post","link":"http:\/\/annakarinhatt.se\/blogg\/mediesvep-4\/","title":{"rendered":"Mediesvep 4"},"content":{"rendered":"<p>H\u00e4r finns de senaste dagarnas mediesvep:<\/p>\n\n\t\t<style type=\"text\/css\">\n\t\t\t#gallery-1 {\n\t\t\t\tmargin: auto;\n\t\t\t}\n\t\t\t#gallery-1 .gallery-item {\n\t\t\t\tfloat: left;\n\t\t\t\tmargin-top: 10px;\n\t\t\t\ttext-align: center;\n\t\t\t\twidth: 33%;\n\t\t\t}\n\t\t\t#gallery-1 img {\n\t\t\t\tborder: 2px solid #cfcfcf;\n\t\t\t}\n\t\t\t#gallery-1 .gallery-caption {\n\t\t\t\tmargin-left: 0;\n\t\t\t}\n\t\t\t\/* see gallery_shortcode() in wp-includes\/media.php *\/\n\t\t<\/style>\n\t\t<div id='gallery-1' class='gallery galleryid-1300 gallery-columns-3 gallery-size-thumbnail'><dl class='gallery-item'>\n\t\t\t<dt class='gallery-icon portrait'>\n\t\t\t\t<a href='http:\/\/annakarinhatt.se\/blogg\/mediesvep-4\/aftonbladet\/'><img loading=\"lazy\" decoding=\"async\" width=\"150\" height=\"150\" src=\"http:\/\/annakarinhatt.se\/blogg\/wp-content\/uploads\/2011\/08\/aftonbladet-150x150.png\" class=\"attachment-thumbnail size-thumbnail\" alt=\"\" aria-describedby=\"gallery-1-1311\" \/><\/a>\n\t\t\t<\/dt>\n\t\t\t\t<dd class='wp-caption-text gallery-caption' id='gallery-1-1311'>\n\t\t\t\tMin debattartikel i <a href=\"http:\/\/www.aftonbladet.se\/debatt\/debattamnen\/jamstalldhet\/article13491451.ab\" target=\"_blank\">Aftonbladet<\/a> om j\u00e4mst\u00e4lldhet\n\t\t\t\t<\/dd><\/dl><dl class='gallery-item'>\n\t\t\t<dt class='gallery-icon portrait'>\n\t\t\t\t<a href='http:\/\/annakarinhatt.se\/blogg\/mediesvep-4\/svd-2\/'><img loading=\"lazy\" decoding=\"async\" width=\"150\" height=\"150\" src=\"http:\/\/annakarinhatt.se\/blogg\/wp-content\/uploads\/2011\/08\/svd-150x150.png\" class=\"attachment-thumbnail size-thumbnail\" alt=\"\" aria-describedby=\"gallery-1-1309\" \/><\/a>\n\t\t\t<\/dt>\n\t\t\t\t<dd class='wp-caption-text gallery-caption' id='gallery-1-1309'>\n\t\t\t\tMitt svar till Folkpartisterna p\u00e5 <a href=\"http:\/\/www.svd.se\/opinion\/brannpunkt\/dalig-valutaunion-inget-for-sverige_6399545.svd\" target=\"_blank\">SvD Br\u00e4nnpunkt<\/a> om Euron.\n\t\t\t\t<\/dd><\/dl><dl class='gallery-item'>\n\t\t\t<dt class='gallery-icon landscape'>\n\t\t\t\t<a href='http:\/\/annakarinhatt.se\/blogg\/mediesvep-4\/aftonbladet2\/'><img loading=\"lazy\" decoding=\"async\" width=\"150\" height=\"150\" src=\"http:\/\/annakarinhatt.se\/blogg\/wp-content\/uploads\/2011\/08\/aftonbladet2-150x150.png\" class=\"attachment-thumbnail size-thumbnail\" alt=\"\" aria-describedby=\"gallery-1-1318\" \/><\/a>\n\t\t\t<\/dt>\n\t\t\t\t<dd class='wp-caption-text gallery-caption' id='gallery-1-1318'>\n\t\t\t\tSocialminister <a href=\"http:\/\/www.aftonbladet.se\/nyheter\/article13491704.ab\" target=\"_blank\">G\u00f6ran H\u00e4gglund<\/a> delar inte min uppfattning om v\u00e5rdnadsbidraget\n\t\t\t\t<\/dd><\/dl><br style=\"clear: both\" \/><dl class='gallery-item'>\n\t\t\t<dt class='gallery-icon portrait'>\n\t\t\t\t<a href='http:\/\/annakarinhatt.se\/blogg\/mediesvep-4\/hp\/'><img loading=\"lazy\" decoding=\"async\" width=\"150\" height=\"150\" src=\"http:\/\/annakarinhatt.se\/blogg\/wp-content\/uploads\/2011\/08\/hp-150x150.png\" class=\"attachment-thumbnail size-thumbnail\" alt=\"\" aria-describedby=\"gallery-1-1304\" \/><\/a>\n\t\t\t<\/dt>\n\t\t\t\t<dd class='wp-caption-text gallery-caption' id='gallery-1-1304'>\n\t\t\t\t<a href=\"http:\/\/hallandsposten.se\/nyheter\/halmstad\/1.1328100-hattresan-kom-till-stan\" target=\"_blank\">Hallandsposten<\/a> om mitt bes\u00f6k i Halland\n\t\t\t\t<\/dd><\/dl><dl class='gallery-item'>\n\t\t\t<dt class='gallery-icon landscape'>\n\t\t\t\t<a href='http:\/\/annakarinhatt.se\/blogg\/mediesvep-4\/hn-2\/'><img loading=\"lazy\" decoding=\"async\" width=\"150\" height=\"150\" src=\"http:\/\/annakarinhatt.se\/blogg\/wp-content\/uploads\/2011\/08\/hn-150x150.png\" class=\"attachment-thumbnail size-thumbnail\" alt=\"\" aria-describedby=\"gallery-1-1303\" \/><\/a>\n\t\t\t<\/dt>\n\t\t\t\t<dd class='wp-caption-text gallery-caption' id='gallery-1-1303'>\n\t\t\t\t<a href=\"http:\/\/hn.se\/asikter\/kronikor\/1.1329183-hattresan-ar-pa-riktigt\" target=_\"blank\">Hallands Nyheter<\/a> om min Hattresa och hur min make listigt fick sin vilja igenom\n\t\t\t\t<\/dd><\/dl><dl class='gallery-item'>\n\t\t\t<dt class='gallery-icon landscape'>\n\t\t\t\t<a href='http:\/\/annakarinhatt.se\/blogg\/mediesvep-4\/skd4\/'><img loading=\"lazy\" decoding=\"async\" width=\"150\" height=\"150\" src=\"http:\/\/annakarinhatt.se\/blogg\/wp-content\/uploads\/2011\/08\/skd4-150x150.png\" class=\"attachment-thumbnail size-thumbnail\" alt=\"\" aria-describedby=\"gallery-1-1324\" \/><\/a>\n\t\t\t<\/dt>\n\t\t\t\t<dd class='wp-caption-text gallery-caption' id='gallery-1-1324'>\n\t\t\t\tCenterpartister i Sk\u00e5ne ger mig hedrande st\u00f6d i <a href=\"http:\/\/www.skanskan.se\/article\/20110817\/OPINION\/708179729\/1411\/-\/ingen-rubrik\" target=\"_blank\">SkD<\/a>\n\t\t\t\t<\/dd><\/dl><br style=\"clear: both\" \/><dl class='gallery-item'>\n\t\t\t<dt class='gallery-icon portrait'>\n\t\t\t\t<a href='http:\/\/annakarinhatt.se\/blogg\/mediesvep-4\/nt-2\/'><img loading=\"lazy\" decoding=\"async\" width=\"150\" height=\"150\" src=\"http:\/\/annakarinhatt.se\/blogg\/wp-content\/uploads\/2011\/08\/nt1-150x150.png\" class=\"attachment-thumbnail size-thumbnail\" alt=\"\" aria-describedby=\"gallery-1-1306\" \/><\/a>\n\t\t\t<\/dt>\n\t\t\t\t<dd class='wp-caption-text gallery-caption' id='gallery-1-1306'>\n\t\t\t\t<a href=\"http:\/\/www.nt.se\/norrkoping\/artikel.aspx?articleid=7052658\" target=\"_blank\">Norrk\u00f6pings tidningar<\/a> om mitt bes\u00f6k i \u00d6sterg\u00f6tland\n\t\t\t\t<\/dd><\/dl><dl class='gallery-item'>\n\t\t\t<dt class='gallery-icon landscape'>\n\t\t\t\t<a href='http:\/\/annakarinhatt.se\/blogg\/mediesvep-4\/p4skaraborg\/'><img loading=\"lazy\" decoding=\"async\" width=\"150\" height=\"150\" src=\"http:\/\/annakarinhatt.se\/blogg\/wp-content\/uploads\/2011\/08\/p4skaraborg-150x150.png\" class=\"attachment-thumbnail size-thumbnail\" alt=\"\" aria-describedby=\"gallery-1-1307\" \/><\/a>\n\t\t\t<\/dt>\n\t\t\t\t<dd class='wp-caption-text gallery-caption' id='gallery-1-1307'>\n\t\t\t\t<a href=\"http:\/\/sverigesradio.se\/sida\/artikel.aspx?programid=97&#038;artikel=4652650\" target=\"_blank\">Radio P4 Skaraborg<\/a>  om partiledarvalet\n\t\t\t\t<\/dd><\/dl><dl class='gallery-item'>\n\t\t\t<dt class='gallery-icon landscape'>\n\t\t\t\t<a href='http:\/\/annakarinhatt.se\/blogg\/mediesvep-4\/skd\/'><img loading=\"lazy\" decoding=\"async\" width=\"150\" height=\"150\" src=\"http:\/\/annakarinhatt.se\/blogg\/wp-content\/uploads\/2011\/08\/skd-150x150.png\" class=\"attachment-thumbnail size-thumbnail\" alt=\"\" aria-describedby=\"gallery-1-1308\" \/><\/a>\n\t\t\t<\/dt>\n\t\t\t\t<dd class='wp-caption-text gallery-caption' id='gallery-1-1308'>\n\t\t\t\t<a href=\"http:\/\/www.skanskan.se\/article\/20110815\/OPINION\/708159858\/1061\/-\/hatten-av-for-hatt\" target=\"_blank\">Sk\u00e5nska Dagbladet<\/a> skriver om min kandidatur\n\t\t\t\t<\/dd><\/dl><br style=\"clear: both\" \/><dl class='gallery-item'>\n\t\t\t<dt class='gallery-icon portrait'>\n\t\t\t\t<a href='http:\/\/annakarinhatt.se\/blogg\/mediesvep-4\/corren\/'><img loading=\"lazy\" decoding=\"async\" width=\"150\" height=\"150\" src=\"http:\/\/annakarinhatt.se\/blogg\/wp-content\/uploads\/2011\/08\/corren-150x150.png\" class=\"attachment-thumbnail size-thumbnail\" alt=\"\" aria-describedby=\"gallery-1-1301\" \/><\/a>\n\t\t\t<\/dt>\n\t\t\t\t<dd class='wp-caption-text gallery-caption' id='gallery-1-1301'>\n\t\t\t\tJag skriver i <a href=\"http:\/\/www.corren.se\/asikter\/debatt\/?articleId=5740127\" target=\"_blank\">Corren<\/a> om Centerpartiets framtid\n\t\t\t\t<\/dd><\/dl><dl class='gallery-item'>\n\t\t\t<dt class='gallery-icon landscape'>\n\t\t\t\t<a href='http:\/\/annakarinhatt.se\/blogg\/mediesvep-4\/helahalsingland\/'><img loading=\"lazy\" decoding=\"async\" width=\"150\" height=\"150\" src=\"http:\/\/annakarinhatt.se\/blogg\/wp-content\/uploads\/2011\/08\/helahalsingland-150x150.png\" class=\"attachment-thumbnail size-thumbnail\" alt=\"\" aria-describedby=\"gallery-1-1302\" \/><\/a>\n\t\t\t<\/dt>\n\t\t\t\t<dd class='wp-caption-text gallery-caption' id='gallery-1-1302'>\n\t\t\t\tMin debattartikel i <a href=\"http:\/\/helahalsingland.se\/asiktstorget\/insandare\/1.3809777-vi-maste-fortydliga-centerpartiet\">Hela H\u00e4lsingland<\/a>\n\t\t\t\t<\/dd><\/dl><dl class='gallery-item'>\n\t\t\t<dt class='gallery-icon landscape'>\n\t\t\t\t<a href='http:\/\/annakarinhatt.se\/blogg\/mediesvep-4\/mvt\/'><img loading=\"lazy\" decoding=\"async\" width=\"150\" height=\"150\" src=\"http:\/\/annakarinhatt.se\/blogg\/wp-content\/uploads\/2011\/08\/mvt-150x150.png\" class=\"attachment-thumbnail size-thumbnail\" alt=\"\" aria-describedby=\"gallery-1-1305\" \/><\/a>\n\t\t\t<\/dt>\n\t\t\t\t<dd class='wp-caption-text gallery-caption' id='gallery-1-1305'>\n\t\t\t\t<a href=\"http:\/\/mvt.se\/nyheter\/motala\/1.1321154-hatt-besokte-borensberg\" target=\"_blank\">Motala och Vadstena Tidning<\/a> skriver om n\u00e4r jag kom till Borensberg\n\t\t\t\t<\/dd><\/dl><br style=\"clear: both\" \/><dl class='gallery-item'>\n\t\t\t<dt class='gallery-icon landscape'>\n\t\t\t\t<a href='http:\/\/annakarinhatt.se\/blogg\/mediesvep-4\/ttela\/'><img loading=\"lazy\" decoding=\"async\" width=\"150\" height=\"150\" src=\"http:\/\/annakarinhatt.se\/blogg\/wp-content\/uploads\/2011\/08\/ttela-150x150.png\" class=\"attachment-thumbnail size-thumbnail\" alt=\"\" aria-describedby=\"gallery-1-1310\" \/><\/a>\n\t\t\t<\/dt>\n\t\t\t\t<dd class='wp-caption-text gallery-caption' id='gallery-1-1310'>\n\t\t\t\tDebattartikel i <a href=\"http:\/\/ttela.se\/asiktdebatt\/debatt\/1.1329364-centerpartiet-ska-bli-allmanborgerligt\" target=\"_blank\">TTELA<\/a>\n\t\t\t\t<\/dd><\/dl>\n\t\t\t<br style='clear: both' \/>\n\t\t<\/div>\n\n<p><!--more--><\/p>\n<p>Se nedanst\u00e5ende inslag i TV4:s nyheter om bland annat min kampanj.<\/p>\n<p><object type=\"Application\/X-shockwave-flash\" width=\"480\" height=\"270\" data=\"http:\/\/embed.tv4play.se\/tv4play\/v0\/tv4video.swf?vid=1912056\" id=\"tv4play_1912056\"><param name=\"movie\" value=\"http:\/\/embed.tv4play.se\/tv4play\/v0\/tv4video.swf?vid=1912056\"><\/param><param name=\"allowfullscreen\" value=\"true\"><\/param><param name=\"allowScriptAccess\" value=\"always\"><\/param><param name=\"base\" value=\"http:\/\/embed.tv4play.se\/tv4play\/v0\/\"><\/param><a href=\"http:\/\/www.tv4play.se\/nyheter_och_debatt\/nyheterna?title=stora_kampanjer_for_c-ledarposten&#038;videoid=1912056&#038;utm_medium=sharing&#038;utm_source=embed&#038;utm_name=tv4play.se\" target=\"_blank\"><img decoding=\"async\" src=\"http:\/\/cdn01.tv4.se\/polopoly_fs\/1.2244117!picture\/622907184.jpg_gen\/derivatives\/w180\/622907184.jpg\" alt=\"Stora%20kampanjer%20f%C3%B6r%20C-ledarposten\" border=\"0\" \/><\/a><\/object><\/p>\n<p>Mediel\u00e4nkar:<br \/>\n<a href=\"http:\/\/www.aftonbladet.se\/debatt\/debattamnen\/jamstalldhet\/article13491451.ab\" target=\"_blank\">Aftonbladet1<\/a>, <a href=\"http:\/\/www.aftonbladet.se\/nyheter\/article13491704.ab\" target=\"_blank\">Aftonbladet2<\/a>, <a href=\"http:\/\/www.svd.se\/opinion\/brannpunkt\/dalig-valutaunion-inget-for-sverige_6399545.svd\" target=\"_blank\">Svd Br\u00e4nnpunkt<\/a>, <a href=\"http:\/\/hallandsposten.se\/nyheter\/halmstad\/1.1328100-hattresan-kom-till-stan\" target=\"_blank\">Hallandsposten<\/a>, <a href=\"http:\/\/hn.se\/asikter\/kronikor\/1.1329183-hattresan-ar-pa-riktigt\" target=\"_blank\">Hallands Nyheter<\/a>, <a href=\"http:\/\/ttela.se\/asiktdebatt\/debatt\/1.1329364-centerpartiet-ska-bli-allmanborgerligt\" target=\"_blank\">TTELA<\/a>, <a href=\"http:\/\/mvt.se\/nyheter\/motala\/1.1321154-hatt-besokte-borensberg\" target=\"_blank\">Motala och Vadstena Tidning<\/a>, <a href=\"http:\/\/www.skanskan.se\/article\/20110815\/OPINION\/708159858\/1061\/-\/hatten-av-for-hatt\" target=\"_blank\">SkD1<\/a>, <a href=\"http:\/\/www.skanskan.se\/article\/20110818\/OPINION\/708189716\/1411\/-\/ingen-rubrik\" target=\"_blank\">SkD3<\/a> <a href=\"http:\/\/www.skanskan.se\/article\/20110817\/OPINION\/708179729\/1411\/-\/ingen-rubrik\" target=\"_blank\">SkD2<\/a>, <a href=\"http:\/\/www.corren.se\/asikter\/debatt\/?articleId=5740127\" target=\"_blank\">Corren<\/a>, <a href=\"http:\/\/sverigesradio.se\/sida\/artikel.aspx?programid=97&#038;artikel=4652650\" target=\"_blank\">Radio P4 Skaraborg<\/a><\/p>\n","protected":false},"excerpt":{"rendered":"<p>H\u00e4r finns de senaste dagarnas mediesvep:<\/p>\n","protected":false},"author":3,"featured_media":0,"comment_status":"open","ping_status":"open","sticky":false,"template":"","format":"standard","meta":{"ngg_post_thumbnail":0,"footnotes":""},"categories":[19,69],"tags":[404,60,405],"class_list":["post-1300","post","type-post","status-publish","format-standard","hentry","category-kommunikation","category-mediesvep","tag-centerpartiet","tag-hatt-i-media","tag-hattresan","cat-19-id","cat-69-id"],"_links":{"self":[{"href":"http:\/\/annakarinhatt.se\/blogg\/wp-json\/wp\/v2\/posts\/1300","targetHints":{"allow":["GET"]}}],"collection":[{"href":"http:\/\/annakarinhatt.se\/blogg\/wp-json\/wp\/v2\/posts"}],"about":[{"href":"http:\/\/annakarinhatt.se\/blogg\/wp-json\/wp\/v2\/types\/post"}],"author":[{"embeddable":true,"href":"http:\/\/annakarinhatt.se\/blogg\/wp-json\/wp\/v2\/users\/3"}],"replies":[{"embeddable":true,"href":"http:\/\/annakarinhatt.se\/blogg\/wp-json\/wp\/v2\/comments?post=1300"}],"version-history":[{"count":13,"href":"http:\/\/annakarinhatt.se\/blogg\/wp-json\/wp\/v2\/posts\/1300\/revisions"}],"predecessor-version":[{"id":1339,"href":"http:\/\/annakarinhatt.se\/blogg\/wp-json\/wp\/v2\/posts\/1300\/revisions\/1339"}],"wp:attachment":[{"href":"http:\/\/annakarinhatt.se\/blogg\/wp-json\/wp\/v2\/media?parent=1300"}],"wp:term":[{"taxonomy":"category","embeddable":true,"href":"http:\/\/annakarinhatt.se\/blogg\/wp-json\/wp\/v2\/categories?post=1300"},{"taxonomy":"post_tag","embeddable":true,"href":"http:\/\/annakarinhatt.se\/blogg\/wp-json\/wp\/v2\/tags?post=1300"}],"curies":[{"name":"wp","href":"https:\/\/api.w.org\/{rel}","templated":true}]}}