{"id":1328,"date":"2011-08-19T14:21:58","date_gmt":"2011-08-19T12:21:58","guid":{"rendered":"http:\/\/annakarinhatt.se\/blogg\/?p=1328"},"modified":"2011-08-19T18:52:00","modified_gmt":"2011-08-19T16:52:00","slug":"jamstallda-familjer-ska-fa-mer-pengar","status":"publish","type":"post","link":"http:\/\/annakarinhatt.se\/blogg\/jamstallda-familjer-ska-fa-mer-pengar\/","title":{"rendered":"J\u00e4mst\u00e4llda familjer ska f\u00e5 mer pengar"},"content":{"rendered":"<p>Idag skriver jag p\u00e5 <a href=\"http:\/\/www.aftonbladet.se\/debatt\/debattamnen\/jamstalldhet\/article13491451.ab\" target=\"_blank\">Aftonbladets debattsida<\/a> om behovet av en j\u00e4mst\u00e4lld familjepolitik. Dagens situation, d\u00e4r kvinnor tar ut fyra femtedelar av f\u00f6r\u00e4ldraledigheten och d\u00e4r tre av fem m\u00e4n inte tar ut n\u00e5gon f\u00f6r\u00e4ldraledighet alls, g\u00f6r b\u00e5de kvinnor och m\u00e4n till f\u00f6rlorare. Kvinnor blir ekonomiska f\u00f6rlorare (l\u00e4gre l\u00f6n, pension osv) och m\u00e4n f\u00f6rlorar i kontakt med sina barn. Det h\u00e4r vill jag f\u00f6r\u00e4ndra. Ingen familj ska av ekonomiska sk\u00e4l hindras fr\u00e5n att dela f\u00f6r\u00e4ldraledigheten lika.<\/p>\n<p>D\u00e4rf\u00f6r vill jag:<\/p>\n<ol>F\u00f6rdubbla j\u00e4mst\u00e4lldhetsbonusen. Dagens bonus, som g\u00e5r till f\u00f6r\u00e4ldrar som delar f\u00f6r\u00e4ldraledigheten lika, har visat sig f\u00f6r l\u00e5g och f\u00f6r kr\u00e5nglig. Jag tror p\u00e5 linjen att ekonomiskt premiera j\u00e4mst\u00e4llda familjer och vill pr\u00f6va den s\u00e5 l\u00e5ngt m\u00f6jligt.<\/ol>\n<ul>Avskaffa v\u00e5rdnadsbidraget. Denna eftergift till Kristdemokraterna var ett kraftigt kliv bak\u00e5t i svensk j\u00e4mst\u00e4lldhetspolitik och har blivit en fattigdomsf\u00e4lla framf\u00f6rallt f\u00f6r utrikes f\u00f6dda kvinnor som redan har en svag st\u00e4llning p\u00e5 arbetsmarknaden.<\/ul>\n<ul>Jobba f\u00f6r ett barnv\u00e4nligt arbetsliv. Jag vill forts\u00e4tta p\u00e5 den linje som Karin S\u00f6der drev som socialminister p\u00e5 1970-talet. Barnomsorgen m\u00e5ste motsvara f\u00f6r\u00e4ldrars behov, s\u00e5 \u00e4r det inte i dag. Varannan kommun saknar barnomsorg utanf\u00f6r kontorstid. H\u00e4r har Centerpartister en viktig roll runt om i landets kommuner.<\/ul>\n<p>Centerpartiet har en stolt historia i kampen f\u00f6r j\u00e4mst\u00e4lldhet. Listan kan g\u00f6ras l\u00e5ng \u00f6ver starka C-kvinnor som gjort och g\u00f6r skillnad. F\u00f6r att n\u00e4mna n\u00e5gra; M\u00e4rta Leijon, Karin S\u00f6der, Karin Andersson med flera. Dessutom \u00e4r Centerkvinnorna Sveriges st\u00f6rsta feministiska politiska organisation. Jag vill g\u00e4rna ta \u00f6ver den stafettpinne som m\u00e5nga modiga kvinnor inom r\u00f6relsen burit f\u00f6re mig, f\u00f6r mycket \u00e5terst\u00e5r att g\u00f6ra. Centerpartiet ska vara alliansens starkaste j\u00e4mst\u00e4lldhetspolitiska kraft.<\/p>\n<p>Se \u00e4ven socialminister G\u00f6ran H\u00e4gglunds reaktion <a href=\"http:\/\/www.aftonbladet.se\/nyheter\/article13491704.ab\" target=\"_blank\">h\u00e4r<\/a>.<\/p>\n","protected":false},"excerpt":{"rendered":"<p>Idag skriver jag p\u00e5 Aftonbladets debattsida om behovet av en j\u00e4mst\u00e4lld familjepolitik. Dagens situation, d\u00e4r kvinnor tar ut fyra femtedelar av f\u00f6r\u00e4ldraledigheten och d\u00e4r tre av fem m\u00e4n inte tar ut n\u00e5gon f\u00f6r\u00e4ldraledighet alls, g\u00f6r b\u00e5de kvinnor och m\u00e4n till f\u00f6rlorare. Kvinnor blir ekonomiska f\u00f6rlorare (l\u00e4gre l\u00f6n, pension osv) och m\u00e4n f\u00f6rlorar i kontakt med&nbsp;<a href=\"http:\/\/annakarinhatt.se\/blogg\/jamstallda-familjer-ska-fa-mer-pengar\/\" class=\"read-more\">Continue Reading<\/a><\/p>\n","protected":false},"author":3,"featured_media":0,"comment_status":"open","ping_status":"open","sticky":false,"template":"","format":"standard","meta":{"ngg_post_thumbnail":0,"footnotes":""},"categories":[15,18],"tags":[60,76,67],"class_list":["post-1328","post","type-post","status-publish","format-standard","hentry","category-allman-politik","category-centerpartiet","tag-hatt-i-media","tag-jamstalldhet","tag-valfard","cat-15-id","cat-18-id"],"_links":{"self":[{"href":"http:\/\/annakarinhatt.se\/blogg\/wp-json\/wp\/v2\/posts\/1328","targetHints":{"allow":["GET"]}}],"collection":[{"href":"http:\/\/annakarinhatt.se\/blogg\/wp-json\/wp\/v2\/posts"}],"about":[{"href":"http:\/\/annakarinhatt.se\/blogg\/wp-json\/wp\/v2\/types\/post"}],"author":[{"embeddable":true,"href":"http:\/\/annakarinhatt.se\/blogg\/wp-json\/wp\/v2\/users\/3"}],"replies":[{"embeddable":true,"href":"http:\/\/annakarinhatt.se\/blogg\/wp-json\/wp\/v2\/comments?post=1328"}],"version-history":[{"count":10,"href":"http:\/\/annakarinhatt.se\/blogg\/wp-json\/wp\/v2\/posts\/1328\/revisions"}],"predecessor-version":[{"id":1338,"href":"http:\/\/annakarinhatt.se\/blogg\/wp-json\/wp\/v2\/posts\/1328\/revisions\/1338"}],"wp:attachment":[{"href":"http:\/\/annakarinhatt.se\/blogg\/wp-json\/wp\/v2\/media?parent=1328"}],"wp:term":[{"taxonomy":"category","embeddable":true,"href":"http:\/\/annakarinhatt.se\/blogg\/wp-json\/wp\/v2\/categories?post=1328"},{"taxonomy":"post_tag","embeddable":true,"href":"http:\/\/annakarinhatt.se\/blogg\/wp-json\/wp\/v2\/tags?post=1328"}],"curies":[{"name":"wp","href":"https:\/\/api.w.org\/{rel}","templated":true}]}}