{"id":1440,"date":"2011-08-31T11:33:09","date_gmt":"2011-08-31T09:33:09","guid":{"rendered":"http:\/\/annakarinhatt.se\/blogg\/?p=1440"},"modified":"2011-08-31T11:33:09","modified_gmt":"2011-08-31T09:33:09","slug":"hedrad-stolt-och-med-fokus-pa-framtiden","status":"publish","type":"post","link":"http:\/\/annakarinhatt.se\/blogg\/hedrad-stolt-och-med-fokus-pa-framtiden\/","title":{"rendered":"Hedrad, stolt och med fokus p\u00e5 framtiden"},"content":{"rendered":"<div>Den senaste m\u00e5naden har jag, under min Hattresa, m\u00f6tt s\u00e5 m\u00e5nga centerpartister runt om i landet som v\u00e4lkomnat och omfamnat min vilja att utveckla den varma, gr\u00f6na socialliberalismen i Centerpartiet och Sverige. Medlemmar som l\u00e4ngtar efter att Centerpartiet tydligare ska st\u00e5 upp f\u00f6r en h\u00e5llbar tillv\u00e4xt i landet, som l\u00e4ngtar efter att vi ska bli ett tydligare milj\u00f6parti och som vill att vi ska ha tydliga visioner ocks\u00e5 om viktiga omr\u00e5den som skolan och v\u00e4lf\u00e4rden. Inte s\u00e4llan har m\u00e4nniskor kommit fram efter v\u00e5ra m\u00f6ten med det fina omd\u00f6met <em>\u201ddet var ju f\u00f6r det h\u00e4r som jag blev centerpartist\u201d<\/em> eller <em>\u201dnu k\u00e4nner jag mig hemma i Centerpartiet<\/em>\u201d. Det har varit en fantastisk resa, och jag \u00e4r s\u00e5 glad \u00f6ver varje personligt m\u00f6te jag f\u00e5tt vara med om. Tack till var och en av er som kommit och gjort Hattresan speciell och unik!<\/div>\n<div>\u00a0<\/div>\n<div>Lika glad \u00e4r jag \u00f6ver alla er runtom i landet som tagit st\u00e4llning och g\u00e4rna skulle se mig som Centerpartiets n\u00e4sta partiledare. Ni som givit ert st\u00f6d \u2013 i artiklar, i m\u00f6ten och direkt till mig. Till var och en av er: stort tack! Ingenting kan vara finare \u00e4n att p\u00e5 det s\u00e4ttet ta emot andras f\u00f6rtroende.<\/div>\n<div>\u00a0<\/div>\n<div>Men \u00e4ven om resan varit fantastisk, och \u00e4ven om allt fler successivt tog st\u00e4llning f\u00f6r mig, s\u00e5 r\u00e4ckte det inte \u00e4nda fram. Och idag har valberedningen presenterat Annie som den som tydligt har starkast st\u00f6d runtom i landet f\u00f6r att bli Centerpartiets n\u00e4sta partiledare. Det \u00e4r en stor och viktig uppgift som v\u00e4ntar, d\u00e4r Annie kommer ha god nytta av all den karisma, all den beg\u00e5vning och all den politiska talang som jag och m\u00e5nga med mig vet att hon har. Och jag \u00f6nskar henne verkligen all den kraft, lycka och allt det mod som den viktiga och ansvarsfulla uppgiften kr\u00e4ver!<\/div>\n<div>\u00a0<\/div>\n<div>Sj\u00e4lv fick jag h\u00e4rom dagen fr\u00e5gan om att bli partiets andre vice partiordf\u00f6rande, vid sidan av Annie och Anders. Och jag har meddelat valberedningen att jag, om st\u00e4mman och Centerpartiet vill, g\u00e4rna g\u00e5r in i den rollen. Det starka st\u00f6d vi tre f\u00e5tt under partiledarkampanjen visar att Centerpartiet vill ha oss alla tre i ledande st\u00e4llning, men det visar ocks\u00e5 att medlemmarna vill ha den politiska bredd som vi tillsammans representerar. Just d\u00e4rf\u00f6r har jag tackat ja till att f\u00f6resl\u00e5s som andre vice partiordf\u00f6rande \u2013 f\u00f6r att med stolthet och ett tydligt fokus p\u00e5 framtiden och ett starkare Centerparti bidra med mina politiska id\u00e9er och de v\u00e4rderingar och drivkrafter som\u00a0 den varma, gr\u00f6na socialliberalismen inneb\u00e4r. All den kraft som ni som satt er tro och tillit till mig har visat kommer jag ta med mig i jobbet att som andre vice partiordf\u00f6rande vara med och ta ansvar f\u00f6r och utveckla Centerpartiet.<\/div>\n<div>\u00a0<\/div>\n<div>Jag ville g\u00e4rna bli partiledare, och f\u00f6r det s\u00f6kte jag ett v\u00e4ldigt tydligt mandat. Men mest av allt brinner jag f\u00f6r de id\u00e9er som Centerpartiet st\u00e5r f\u00f6r \u2013 om f\u00f6retagsamhet, milj\u00f6h\u00e4nsyn, underifr\u00e5nperspektiv, tilltro till den enskilda, r\u00e4ttvisa och internationell solidaritet. Och det \u00e4r min fasta \u00f6vertygelse, och absoluta m\u00e5ls\u00e4ttning, att vi med ett m\u00e5lmedvetet och uth\u00e5lligt arbete, tillsammans i partiledningen och i hela Centerpartiet, ska kunna bygga ett bredare, varmare och starkare parti. Just s\u00e5 som det anst\u00e5r ett angel\u00e4get Centerparti!<\/div>\n<div>\u00a0<\/div>\n","protected":false},"excerpt":{"rendered":"<p>Den senaste m\u00e5naden har jag, under min Hattresa, m\u00f6tt s\u00e5 m\u00e5nga centerpartister runt om i landet som v\u00e4lkomnat och omfamnat min vilja att utveckla den varma, gr\u00f6na socialliberalismen i Centerpartiet och Sverige. Medlemmar som l\u00e4ngtar efter att Centerpartiet tydligare ska st\u00e5 upp f\u00f6r en h\u00e5llbar tillv\u00e4xt i landet, som l\u00e4ngtar efter att vi ska bli&nbsp;<a href=\"http:\/\/annakarinhatt.se\/blogg\/hedrad-stolt-och-med-fokus-pa-framtiden\/\" class=\"read-more\">Continue Reading<\/a><\/p>\n","protected":false},"author":3,"featured_media":0,"comment_status":"open","ping_status":"open","sticky":false,"template":"","format":"standard","meta":{"ngg_post_thumbnail":0,"footnotes":""},"categories":[18,57],"tags":[405,51],"class_list":["post-1440","post","type-post","status-publish","format-standard","hentry","category-centerpartiet","category-hattresan","tag-hattresan","tag-stamman-i-are","cat-18-id","cat-57-id"],"_links":{"self":[{"href":"http:\/\/annakarinhatt.se\/blogg\/wp-json\/wp\/v2\/posts\/1440","targetHints":{"allow":["GET"]}}],"collection":[{"href":"http:\/\/annakarinhatt.se\/blogg\/wp-json\/wp\/v2\/posts"}],"about":[{"href":"http:\/\/annakarinhatt.se\/blogg\/wp-json\/wp\/v2\/types\/post"}],"author":[{"embeddable":true,"href":"http:\/\/annakarinhatt.se\/blogg\/wp-json\/wp\/v2\/users\/3"}],"replies":[{"embeddable":true,"href":"http:\/\/annakarinhatt.se\/blogg\/wp-json\/wp\/v2\/comments?post=1440"}],"version-history":[{"count":6,"href":"http:\/\/annakarinhatt.se\/blogg\/wp-json\/wp\/v2\/posts\/1440\/revisions"}],"predecessor-version":[{"id":1446,"href":"http:\/\/annakarinhatt.se\/blogg\/wp-json\/wp\/v2\/posts\/1440\/revisions\/1446"}],"wp:attachment":[{"href":"http:\/\/annakarinhatt.se\/blogg\/wp-json\/wp\/v2\/media?parent=1440"}],"wp:term":[{"taxonomy":"category","embeddable":true,"href":"http:\/\/annakarinhatt.se\/blogg\/wp-json\/wp\/v2\/categories?post=1440"},{"taxonomy":"post_tag","embeddable":true,"href":"http:\/\/annakarinhatt.se\/blogg\/wp-json\/wp\/v2\/tags?post=1440"}],"curies":[{"name":"wp","href":"https:\/\/api.w.org\/{rel}","templated":true}]}}