{"id":1616,"date":"2011-12-23T16:47:11","date_gmt":"2011-12-23T15:47:11","guid":{"rendered":"http:\/\/annakarinhatt.se\/blogg\/?p=1616"},"modified":"2011-12-23T16:47:39","modified_gmt":"2011-12-23T15:47:39","slug":"vindkraften-slar-rekord","status":"publish","type":"post","link":"http:\/\/annakarinhatt.se\/blogg\/vindkraften-slar-rekord\/","title":{"rendered":"Vindkraften sl\u00e5r rekord"},"content":{"rendered":"<p>Den sista energirelaterade nyheten innan julen g\u00f6r sitt int\u00e5g stod <a title=\"SR Ekot\" href=\"http:\/\/sverigesradio.se\/sida\/artikel.aspx?programid=83&amp;artikel=4860754\" target=\"_blank\">Ekot<\/a> f\u00f6r, n\u00e4r de tidigare idag rapporterade om att vindkraften v\u00e4rlden \u00f6ver v\u00e4xer s\u00e5 det knakar, och att den ocks\u00e5 i Sverige v\u00e4xt snabbt det senaste \u00e5ret.<\/p>\n<p>Och behovet av mer f\u00f6rnybar energi \u00e4r stort. Som Internationella Atomenergiorganet IEA rapporterade tidigare i h\u00f6stas s\u00e5 br\u00e4nner v\u00e4rlden n\u00e4mligen fossila br\u00e4nslen som aldrig f\u00f6rr, och s\u00e5 sent som i f\u00f6rra veckan presenterades aktuell statistik som pekar p\u00e5 att de svenska koldioxidutsl\u00e4ppen \u00f6kat tydligt mellan de tv\u00e5 senast m\u00e4tta \u00e5ren. En hel del av den effekten beror f\u00f6rmodligen p\u00e5 att man j\u00e4mf\u00f6rt ett extremt l\u00e5gkonjunktur\u00e5r med ett \u00e5r med god tillv\u00e4xt, men sett i ett internationellt perspektiv s\u00e5 \u00e4r det alarmerande att IEA s\u00e5 tydligt pekar p\u00e5 att f\u00f6nstret f\u00f6r att n\u00e5 tv\u00e5gradersm\u00e5let nu snabbt h\u00e5ller p\u00e5 att st\u00e4ngas. Och \u00e4ven om vissa framsteg gjordes vid klimatm\u00f6tet i Durban s\u00e5 var resultaten d\u00e4rifr\u00e5n l\u00e5ngt ifr\u00e5n tillr\u00e4ckliga.<\/p>\n<p>Just d\u00e4rf\u00f6r \u00e4r det s\u00e5 gl\u00e4djande att priserna f\u00f6r att investera i f\u00f6rnybart nu snabbt sjunker, i vindkraft likv\u00e4l som i solel. Den m\u00e5ls\u00e4ttning som slogs fast i energi\u00f6verenskommelsen, som sedan antogs av Riksdagen och som regeringen nu arbetar efter, \u00e4r att h\u00e4lften av all energiproduktion i Sverige ska vara f\u00f6rnybar 2020 och att ett stabilt f\u00f6rnybart tredje ben ska byggas ut i den svenska elproduktionen, s\u00e5 att vi f\u00e5r en tryggare och mer milj\u00f6m\u00e4ssig energimix i elsystemet, och s\u00e5 att vi nyttjar de unikt goda f\u00f6ruts\u00e4ttningar Sverige har till att bidra med mer f\u00f6rnybar energi ocks\u00e5 i det nordiska energisystemet och till v\u00e5ra grannl\u00e4nder runtom i Europa.<\/p>\n<p>&nbsp;<\/p>\n","protected":false},"excerpt":{"rendered":"<p>Den sista energirelaterade nyheten innan julen g\u00f6r sitt int\u00e5g stod Ekot f\u00f6r, n\u00e4r de tidigare idag rapporterade om att vindkraften v\u00e4rlden \u00f6ver v\u00e4xer s\u00e5 det knakar, och att den ocks\u00e5 i Sverige v\u00e4xt snabbt det senaste \u00e5ret. Och behovet av mer f\u00f6rnybar energi \u00e4r stort. Som Internationella Atomenergiorganet IEA rapporterade tidigare i h\u00f6stas s\u00e5 br\u00e4nner&nbsp;<a href=\"http:\/\/annakarinhatt.se\/blogg\/vindkraften-slar-rekord\/\" class=\"read-more\">Continue Reading<\/a><\/p>\n","protected":false},"author":3,"featured_media":0,"comment_status":"open","ping_status":"open","sticky":false,"template":"","format":"standard","meta":{"ngg_post_thumbnail":0,"footnotes":""},"categories":[87],"tags":[83,102],"class_list":["post-1616","post","type-post","status-publish","format-standard","hentry","category-energi","tag-energipolitik","tag-fornybart","cat-87-id"],"_links":{"self":[{"href":"http:\/\/annakarinhatt.se\/blogg\/wp-json\/wp\/v2\/posts\/1616","targetHints":{"allow":["GET"]}}],"collection":[{"href":"http:\/\/annakarinhatt.se\/blogg\/wp-json\/wp\/v2\/posts"}],"about":[{"href":"http:\/\/annakarinhatt.se\/blogg\/wp-json\/wp\/v2\/types\/post"}],"author":[{"embeddable":true,"href":"http:\/\/annakarinhatt.se\/blogg\/wp-json\/wp\/v2\/users\/3"}],"replies":[{"embeddable":true,"href":"http:\/\/annakarinhatt.se\/blogg\/wp-json\/wp\/v2\/comments?post=1616"}],"version-history":[{"count":2,"href":"http:\/\/annakarinhatt.se\/blogg\/wp-json\/wp\/v2\/posts\/1616\/revisions"}],"predecessor-version":[{"id":1618,"href":"http:\/\/annakarinhatt.se\/blogg\/wp-json\/wp\/v2\/posts\/1616\/revisions\/1618"}],"wp:attachment":[{"href":"http:\/\/annakarinhatt.se\/blogg\/wp-json\/wp\/v2\/media?parent=1616"}],"wp:term":[{"taxonomy":"category","embeddable":true,"href":"http:\/\/annakarinhatt.se\/blogg\/wp-json\/wp\/v2\/categories?post=1616"},{"taxonomy":"post_tag","embeddable":true,"href":"http:\/\/annakarinhatt.se\/blogg\/wp-json\/wp\/v2\/tags?post=1616"}],"curies":[{"name":"wp","href":"https:\/\/api.w.org\/{rel}","templated":true}]}}