{"id":1622,"date":"2011-12-31T15:27:05","date_gmt":"2011-12-31T14:27:05","guid":{"rendered":"http:\/\/annakarinhatt.se\/blogg\/?p=1622"},"modified":"2013-02-05T20:03:08","modified_gmt":"2013-02-05T19:03:08","slug":"gott-nytt-2012","status":"publish","type":"post","link":"http:\/\/annakarinhatt.se\/blogg\/gott-nytt-2012\/","title":{"rendered":"Gott Nytt 2012!"},"content":{"rendered":"<p>S\u00e5 n\u00e4rmar sig \u00e4n en g\u00e5ng timman d\u00e4r man kan l\u00e4gga det \u00e5r som g\u00e5tt till handlingarna, och f\u00f6rsiktigt gl\u00e4nta p\u00e5 d\u00f6rren till det nya. F\u00f6r m\u00e5nga, ocks\u00e5 f\u00f6r mig, \u00e4r ny\u00e5rshelgen en helg som st\u00e4mmer till eftertanke, men som ocks\u00e5 b\u00e4r med sig l\u00f6ftesrika f\u00f6rhoppningar inf\u00f6r det som komma skall.<\/p>\n<p>N\u00e4r jag summerar mitt yrkes\u00e5r 2011 s\u00e5 har det varit ett h\u00e4ndelserikt och omtumlande \u00e5r. Jag b\u00f6rjade \u00e5ret som it- och regionminister och \u00e4gnade mycket kraft under v\u00e5ren \u00e5t att f\u00f6ra dialog med f\u00f6retag, organisationer, eldsj\u00e4lar och andra om hur en digital agenda f\u00f6r Sverige borde se ut. Vi arrangerade rundabordssamtal, f\u00f6rde dialog p\u00e5 n\u00e4tet och br\u00f6t ny mark f\u00f6r hur regeringen kunde anv\u00e4nda ett \u00f6ppet och inkluderande arbetss\u00e4tt n\u00e4r vi utarbetade en s\u00e5 viktig strategi som den Digitala Agendan. Det var en fantastiskt sp\u00e4nnande och viktigt arbete och jag \u00e4r glad att vi fr\u00e5n b\u00f6rjan av oktober nu har en av regeringen antagen\u00a0<a title=\"Digitala Agendan\" href=\"http:\/\/regeringen.se\/sb\/d\/14375\/a\/177038\" target=\"_blank\">Digital Agenda f\u00f6r Sverige<\/a>, och att Riksdagen strax f\u00f6re \u00e5rsskiftet antog det nya it-politiska m\u00e5let, om att Sverige ska vara b\u00e4st i v\u00e4rlden p\u00e5 att anv\u00e4nda digitaliseringens m\u00f6jligheter.<\/p>\n<p>Under samma period, v\u00e5ren och f\u00f6rsommaren, \u00e4gnade jag mycket tid som regionminister \u00e5t att b\u00f6rja f\u00f6rhandla n\u00e4sta period i den europeiska sammanh\u00e5llningspolitiken &#8211; med vilket menas de pengar EU satsar p\u00e5 regional tillv\u00e4xt runt om i Europa. Otaliga var de samtal jag hade med ansvarig kommission\u00e4r Johannes Hahn, ministerkollegor i Europa men ocks\u00e5 med projekt\u00e4gare runtom i landet kring vilken den svenska positionen \u00e4r. F\u00f6r oss i Sverige \u00e4r sammanh\u00e5llningsperioden viktig, inte minst d\u00e4rf\u00f6r att den innevarande period bidragit med mer \u00e4n 30 miljarder kronor till innovativa projekt runt om i landet, som annars inte hade kommit till st\u00e5nd. Och n\u00e4r jag nu summerar 2011 \u00e4r jag glad att kunna konstatera att anstr\u00e4ngningarna att f\u00e5 Bryssel att f\u00f6rst\u00e5 att ocks\u00e5 den kommande programperioden m\u00e5ste inneh\u00e5lla en s\u00e4rskild h\u00e4nsyn till oss som lever i l\u00e4nder med stor gleshet (bl.a. genom att gleshetskriteriet och gleshetsbonusen b\u00f6r finnas kvar) givit frukt och att glesheten faktiskt fanns med nu n\u00e4r EU-kommissionen presenterade sitt f\u00f6rslag f\u00f6r den nya progranperioden.<\/p>\n<p>F\u00f6r mig blev sommaren en v\u00e4ldigt speciell tid, eftersom Centerpartiets f\u00f6rra partiledare Maud Olofsson best\u00e4mde sig f\u00f6r att avg\u00e5, och jag best\u00e4mde mig f\u00f6r att kandidera till posten som partiledare. Det var en sp\u00e4nnande resa, som jag inte \u00e5ngrar f\u00f6r en sekund att jag gjorde, som f\u00f6r min del b\u00f6rjade med <a title=\"Valberedningens presskonferens\" href=\"http:\/\/www.youtube.com\/watch?v=Tac-NqKP30c\" target=\"_blank\">den presskonferens valberedningen h\u00f6ll<\/a> n\u00e4r vi tre kandidater presenterades och som sedan f\u00f6ljdes av en viktig <a title=\"DN Debatt\" href=\"http:\/\/www.dn.se\/debatt\/centern-kan-ater-bli-en-dominerande-politisk-kraft\" target=\"_blank\">&#8221;mandatartikel&#8221; i Dagens Nyheter<\/a> och den husbilsturn\u00e9 som kom att g\u00e5 under det senare v\u00e4lk\u00e4nda begreppet &#8221;Hattresan&#8221; (all dokumentation fr\u00e5n den resan kan du hitta h\u00e4r p\u00e5 bloggen). Det blev en v\u00e4ldigt givande mer \u00e4n m\u00e5nadsl\u00e5ng resa med m\u00e5nga samtal med kunniga, engagerade och revanschlystna centerpartister.<\/p>\n<p>Till partiledarposten bar inte den resan, men v\u00e4l till Centerpartiets f\u00f6rnyelsest\u00e4mma i \u00c5re och till posten som andre vice partiledare, och som en i den yttersta ledningen f\u00f6r Centerpartiet, vid sidan av Annie L\u00f6\u00f6f och <a title=\"Anders W Jonssons blogg\" href=\"http:\/\/anderswjonsson.se\/\" target=\"_blank\">Anders W Jonsson<\/a>. Tillsammans med en starkt f\u00f6rnyad partistyrelse k\u00e4nns det som att det nu finns gott om kraft och lust att f\u00f6ra Centerpartiet och v\u00e5ra id\u00e9er till nya, stora framg\u00e5ngar.<\/p>\n<p>I och med med den regeringsombildning som sedan f\u00f6ljde, d\u00e4r Maud och Andreas Carlgren avgick, uts\u00e5gs jag till ny it &#8211; och energiminister. L\u00e4mnade gjorde fr\u00e5gorna som r\u00f6r regional tillv\u00e4xt och till kom energifr\u00e5gorna och fr\u00e5gor som r\u00f6r utvecklingen av milj\u00f6teknik i Sverige. Det var f\u00f6r mig en bra f\u00f6r\u00e4ndring, och v\u00e4ldigt roligt att p\u00e5 nytt f\u00e5 \u00e4gna mycket kraft \u00e5t energifr\u00e5gorna igen. F\u00f6r faktum \u00e4r att just energifr\u00e5gorna, vid sidan av de internationella fr\u00e5gorna, var de jag engagerade mig i allra f\u00f6rst och allra mest under min tid som f\u00f6rbundsstyreleledamot i Centerpartiets Ungdomsf\u00f6rbund.<\/p>\n<p>S\u00e5 f\u00f6r mig \u00e4r det ett h\u00e4ndelsrikt \u00e5r som nu kan l\u00e4ggas till handlingarna, och ett \u00e5r som verkligen f\u00f6r\u00e4ndrat och f\u00f6rnyat min politiska plattform.<\/p>\n<p>Nu v\u00e4ntar ett nytt \u00e5r, som kanske inte kommer bli lika omv\u00e4lvande, men som f\u00f6rhoppningsvis blir lika fruktbart.<\/p>\n<p>Som it-minister hoppas jag att vi under 2012 ska kunna se hur vi tar tydliga steg i Europa mot att f\u00f6rverkliga en i verklig mening fungerande digital inre marknad. F\u00f6r att det ska kunna ske m\u00e5ste t.ex. s\u00e5dana saker som mobiloperat\u00f6rernas roamingkostnader (dvs kostnaderna f\u00f6r att ringa, messa och surfa n\u00e4r man \u00e4r utomlands) pressas ned. Och jag f\u00f6rv\u00e4ntar mig att de svenska operat\u00f6rerna tar tydligt ledarskap i den utvecklingen! H\u00e4r hemma hoppas jag att vi ska kunna ta tydliga steg mot att b\u00e4ttre anv\u00e4nda it p\u00e5 n\u00e5gra av de omr\u00e5den d\u00e4r Sverige ligger efter andra l\u00e4nder. P\u00e5 de allra flesta omr\u00e5dena (bredbandstillg\u00e5ng, bredbandshastigheter, it-mognad, andel internetanv\u00e4ndare osv) ligger ju Sverige i topp internationellt men p\u00e5 tre omr\u00e5den m\u00e5ste vi bli mycket b\u00e4ttre &#8211; n\u00e4r det g\u00e4ller it i skolan, it-anv\u00e4ndningen i v\u00e5rden och n\u00e4r det g\u00e4ller it-anv\u00e4ndningen i svenska sm\u00e5f\u00f6retag. P\u00e5 alla dessa tre omr\u00e5den vill jag att vi under 2012 tar steg fram\u00e5t. T.ex. genom att se till s\u00e5 att fler elever f\u00e5r anv\u00e4nda moderna l\u00e4rverktyg i skolan, genom att f\u00e5 p\u00e5 plats digitala patientjournaler d\u00e4r behandlade l\u00e4kare kan komma \u00e5t ens journal oavsett var i landet man befinner sig n\u00e4r man r\u00e5kar bli sjuk, \u00a0och genom att se till s\u00e5 att fler myndigheter publicerar bra och anv\u00e4ndbar offentlig data som f\u00f6retag kan \u00e5teranv\u00e4nda och skapa anv\u00e4ndarv\u00e4nliga tj\u00e4nster av. Bara f\u00f6r att n\u00e4mna n\u00e5gra exempel p\u00e5 vad 2012 skulle kunna inneb\u00e4ra.<\/p>\n<p>N\u00e4r jag n\u00e5gra veckor f\u00f6re ny\u00e5rsafton f\u00f6r snart ett \u00e5r sedan, 2010, fick fr\u00e5gan av tidskriften Internetworld om vilka mina f\u00f6rhoppningar var inf\u00f6r 2011 s\u00e5 svarade jag att jag &#8221;v\u00e4ldigt g\u00e4rna skulle se att 2011 blev det \u00e5r d\u00e5 v\u00e4rldens sista diktaturer inte l\u00e4ngre kunde motst\u00e5 trycket fr\u00e5n den kraft som kommer fr\u00e5n fri information och det fria ordet&#8221;.<\/p>\n<p>Det var vad jag hoppades p\u00e5 d\u00e5. Men jag hade aldrig kunnat dr\u00f6mma om den utveckling som sedan skett i arabv\u00e4rlden och som bland annat blev m\u00f6jlig tack vare m\u00e4nniskors l\u00e4ngtan efter fri information och det fria ordet. En utveckling som blev m\u00f6jlig tack vare snabb informationsspridning &#8211; via twitter, facebook och youtube. En utveckling som blev m\u00f6jlig tack vare it som effektivt vapen mot h\u00e5rdf\u00f6ra diktatorer.<\/p>\n<p>Det arbetet \u00e4r l\u00e5ngt ifr\u00e5n \u00f6ver. Det finns fortfarande m\u00e5nga regimer som har en syn p\u00e5 det fria ordet och p\u00e5 internets fortsatta utveckling som st\u00e5r i skarp kontrast med Sveriges. D\u00e4rf\u00f6r m\u00e5ste den svenska r\u00f6sten forts\u00e4tta vara v\u00e4ldigt stark; en stark och glasklar r\u00f6st f\u00f6r ett stabilt, \u00f6ppet, robust och globalt internet.<\/p>\n<p>Det \u00e4r ett ansvar som vi ska forts\u00e4tta att ta p\u00e5 den globala arenan p\u00e5 flera s\u00e4tt. Genom arbetet i de globala samarbetsforum d\u00e4r vi finns med (ICANN och IGF &#8211; Internet Governance Forum). Men ocks\u00e5 genom att anv\u00e4nda oss av it i det svenska bist\u00e5ndsarbetet f\u00f6r att motverka korruption, fr\u00e4mja demokrati och st\u00e4rka \u00f6ppenheten. Sverige ska forts\u00e4tta vara en stark r\u00f6st f\u00f6r fria och \u00f6ppna n\u00e4t, f\u00f6r en fortsatt utbyggnad av it v\u00e4rlden \u00f6ver och f\u00f6r att de m\u00e4nskliga r\u00e4ttigheterna respekteras p\u00e5 internet.<\/p>\n<p>Som energiminister hoppas jag p\u00e5 att vi under 2012 ska kunna se hur den f\u00f6rnybara energin forts\u00e4tter v\u00e4xa i snabb takt i Sverige. Hur vi steg f\u00f6r steg bygger ut ett tredje f\u00f6rnybart ben i den svenska elproduktionen, och hur vi n\u00e4rmar oss m\u00e5let om att till 2020 ha minst h\u00e4lften f\u00f6nybart i det samlade energisystemet i Sverige. Det finns s\u00e5 bra f\u00f6ruts\u00e4ttningar f\u00f6r fortsatt utbyggnad av biobr\u00e4nslen, av mer f\u00f6rnybara drivmedel, av mer vindkraft och av biobr\u00e4nslebaserad kraftv\u00e4rme i Sverige, och det \u00e4r f\u00f6ruts\u00e4ttningar som vi ska ta vara p\u00e5. F\u00f6r att f\u00f6rb\u00e4ttra f\u00f6rs\u00f6rjningstryggheten, \u00f6ka konkurrenskraften och bidra till att klara klimatutmaningen.<\/p>\n<p>Min andra f\u00f6rhoppning som energiminister \u00e4r att vi under 2012 ska kunna ta fler steg f\u00f6r att st\u00e4rka konsumentens st\u00e4llning p\u00e5 energimarknaderna. Mest av allt hoppas jag p\u00e5 att kunna l\u00e4gga fram f\u00f6rslag som g\u00f6r det m\u00f6jligt med timvis m\u00e4tning och timvis debitering av elkostnaden, s\u00e5 att f\u00f6retag och konsumenter kan ta kontroll \u00f6ver sina elr\u00e4kningar och ocks\u00e5 bidra genom att minska sin elkonsumtion. Men jag kommer ocks\u00e5 arbeta vidare med att f\u00e5 fram ett f\u00f6rslag p\u00e5 hur ett fungerande system f\u00f6r nettodebitering av el kan se ut, s\u00e5 att fler kan uppmuntras att producera sin egen el, och kunna leverera in sitt \u00f6verskott till andra via eln\u00e4tet. Och jag hoppas att vi ocks\u00e5 ska kunna se hur den nordiska slutkundsmarknaden f\u00f6r el &#8211; med en samlad faktura till konsumenten &#8211; tar ytterligare steg mot f\u00f6rverkligande.<\/p>\n<p>Min tredje f\u00f6rhoppning som energiminister \u00e4r att vi ska kunna se hur satsningarna genom <a title=\"Milj\u00f6teknikstrategin\" href=\"http:\/\/www.regeringen.se\/sb\/d\/11869\/a\/173864\" target=\"_blank\">regeringens s\u00e4rskilda milj\u00f6teknikstrategi<\/a>, som jag ansvarar f\u00f6r,\u00a0b\u00f6rjar b\u00e4ra frukt. Att vi blir \u00e4nnu duktigare i Sverige p\u00e5 att oms\u00e4tta forskningr\u00f6n i nya produkter och tj\u00e4nster, och att se till s\u00e5 att de n\u00e5r sina k\u00f6pare v\u00e4rlden \u00f6ver. Den bransch som redan idag syssels\u00e4tter 40.000 personer bara i Sverige kan komma att inneb\u00e4ra m\u00e5ngfalt mer \u00e4n s\u00e5 i nya jobb och utvecklingsm\u00f6jligheter fram\u00f6ver.<\/p>\n<p>Allt detta, och mer d\u00e4rtill, hoppas jag v\u00e4ntar mig p\u00e5 andra sidan \u00e5rsskiftet. Och jag hoppas att under det \u00e5ret f\u00e5 m\u00f6ta dig och m\u00e5nga andra som har id\u00e9er om hur vi kan utveckla och f\u00f6rnya och g\u00f6ra Sverige till ett \u00e4nnu b\u00e4ttre land att v\u00e4xa upp och leva i.<\/p>\n<p>Med \u00f6nskan om ett gott slut och ett riktigt Gott Nytt 2012 till dig och de som finns i din n\u00e4rhet!<\/p>\n","protected":false},"excerpt":{"rendered":"<p>S\u00e5 n\u00e4rmar sig \u00e4n en g\u00e5ng timman d\u00e4r man kan l\u00e4gga det \u00e5r som g\u00e5tt till handlingarna, och f\u00f6rsiktigt gl\u00e4nta p\u00e5 d\u00f6rren till det nya. F\u00f6r m\u00e5nga, ocks\u00e5 f\u00f6r mig, \u00e4r ny\u00e5rshelgen en helg som st\u00e4mmer till eftertanke, men som ocks\u00e5 b\u00e4r med sig l\u00f6ftesrika f\u00f6rhoppningar inf\u00f6r det som komma skall. N\u00e4r jag summerar mitt&nbsp;<a href=\"http:\/\/annakarinhatt.se\/blogg\/gott-nytt-2012\/\" class=\"read-more\">Continue Reading<\/a><\/p>\n","protected":false},"author":3,"featured_media":0,"comment_status":"open","ping_status":"open","sticky":false,"template":"","format":"standard","meta":{"ngg_post_thumbnail":0,"footnotes":""},"categories":[15,18,87,7],"tags":[],"class_list":["post-1622","post","type-post","status-publish","format-standard","hentry","category-allman-politik","category-centerpartiet","category-energi","category-it-politik","cat-15-id","cat-18-id","cat-87-id","cat-7-id"],"_links":{"self":[{"href":"http:\/\/annakarinhatt.se\/blogg\/wp-json\/wp\/v2\/posts\/1622","targetHints":{"allow":["GET"]}}],"collection":[{"href":"http:\/\/annakarinhatt.se\/blogg\/wp-json\/wp\/v2\/posts"}],"about":[{"href":"http:\/\/annakarinhatt.se\/blogg\/wp-json\/wp\/v2\/types\/post"}],"author":[{"embeddable":true,"href":"http:\/\/annakarinhatt.se\/blogg\/wp-json\/wp\/v2\/users\/3"}],"replies":[{"embeddable":true,"href":"http:\/\/annakarinhatt.se\/blogg\/wp-json\/wp\/v2\/comments?post=1622"}],"version-history":[{"count":6,"href":"http:\/\/annakarinhatt.se\/blogg\/wp-json\/wp\/v2\/posts\/1622\/revisions"}],"predecessor-version":[{"id":2446,"href":"http:\/\/annakarinhatt.se\/blogg\/wp-json\/wp\/v2\/posts\/1622\/revisions\/2446"}],"wp:attachment":[{"href":"http:\/\/annakarinhatt.se\/blogg\/wp-json\/wp\/v2\/media?parent=1622"}],"wp:term":[{"taxonomy":"category","embeddable":true,"href":"http:\/\/annakarinhatt.se\/blogg\/wp-json\/wp\/v2\/categories?post=1622"},{"taxonomy":"post_tag","embeddable":true,"href":"http:\/\/annakarinhatt.se\/blogg\/wp-json\/wp\/v2\/tags?post=1622"}],"curies":[{"name":"wp","href":"https:\/\/api.w.org\/{rel}","templated":true}]}}