{"id":1628,"date":"2012-01-09T10:13:35","date_gmt":"2012-01-09T09:13:35","guid":{"rendered":"http:\/\/annakarinhatt.se\/blogg\/?p=1628"},"modified":"2012-01-09T10:13:35","modified_gmt":"2012-01-09T09:13:35","slug":"tre-huvudprioriteringar-som-energiminister","status":"publish","type":"post","link":"http:\/\/annakarinhatt.se\/blogg\/tre-huvudprioriteringar-som-energiminister\/","title":{"rendered":"Tre huvudprioriteringar som energiminister"},"content":{"rendered":"<p>Idag inleder jag min &#8221;v\u00e5rtermin&#8221; med att beskriva mina tre huvudprioriteringar som energiminister p\u00e5 <a title=\"DN Debatt\" href=\"http:\/\/www.dn.se\/debatt\/vi-har-inget-att-vinna-pa-enighet-over-blockgransen\" target=\"_blank\">Dagens Nyheters debattsida<\/a>. Det \u00e4r tre prioriteringar som tar sin utg\u00e5ngspunkt i de globala utmaningar vi har\u00a0&#8211; d\u00e4r vi, samtidigt som vi vet att stora \u00e5tg\u00e4rder m\u00e5ste g\u00f6ras f\u00f6r att m\u00f6ta klimatutmaningen och hejda uppv\u00e4rmningen av klotet, ser hur energibehoven forts\u00e4tter \u00f6ka dramatiskt och hur vi globalt sett br\u00e4nner fossila br\u00e4nslen som aldrig f\u00f6rr. Men de tar ocks\u00e5 sin utg\u00e5ngspunkt i konkreta nationella behov, som handlar om att Sverige m\u00e5ste ta vara p\u00e5 de unikt goda f\u00f6ruts\u00e4ttningar vi har att producera f\u00f6rnybar energi, liksom att ge de mycket medvetna svenska konsumenterna b\u00e4ttre redskap f\u00f6r att sj\u00e4lva v\u00e4lja och styra b\u00e5de sin energikonsumtion och i allt st\u00f6rre utstr\u00e4ckning ocks\u00e5 sin energiproduktion.<\/p>\n<p>Utifr\u00e5n den bakgrunden har jag definierat tre omr\u00e5den som kommer v\u00e4gleda mitt arbete som energiminister:<\/p>\n<p>Den f\u00f6rsta prioriteringen \u00e4r att fullf\u00f6lja energiomst\u00e4llningen och f\u00f6rverkliga energi\u00f6verenskommelsen i praktiken. Vi ser nu hur den f\u00f6rnybara energiproduktionen och den f\u00f6rnybara elproduktionen v\u00e4xer i snabb takt, tack vare att energi\u00f6verenskommelsen ersatte decennier av politisk tr\u00e4ta med l\u00e5ngsiktiga, f\u00f6ruts\u00e4gbara spelregler. Att bygga ut ett starkt f\u00f6rnybart ben i den svenska elproduktionen \u00e4r viktigt f\u00f6r f\u00f6rs\u00f6rjningstryggheten, konkurrenskraften och f\u00f6r att n\u00e5 v\u00e5ra klimatm\u00e5l.<\/p>\n<p>V\u00e5ra viktigaste instrument f\u00f6r att styra dit \u00e4r koldioxidskatten och elcertifikat\u00adsystemet. De straffar det fossila och \u00e4ndliga och fr\u00e4mjar det f\u00f6rnybara och h\u00e5llbara. Tack vare dem har vindkraften v\u00e4xt fr\u00e5n 1 TWh 2006 till \u00f6ver 5 TWh det senaste \u00e5ret, eller lika mycket el som den svenska st\u00e5lindustrin f\u00f6rbrukar under ett \u00e5r. Samtidigt v\u00e4xer nu biobr\u00e4nslena starkt. Och steg f\u00f6r steg st\u00e4ller vi ocks\u00e5 om transportsystemet.<\/p>\n<p>N\u00e4r energi\u00f6verenskommelsen sl\u00f6ts str\u00e4ckte Alliansen ut en hand f\u00f6r att f\u00f6rankra den l\u00e5ngsiktiga politiken \u00f6ver blockgr\u00e4nsen. Men tyv\u00e4rr var intresset f\u00f6r det litet fr\u00e5n S, MP och V. Det vi nu h\u00f6r, n\u00e4r n\u00e5gra efterfr\u00e5gar en s\u00e5dan block\u00f6verskridande enighet, \u00e4r i sj\u00e4lva verket v\u00e4ldigt spridda r\u00f6ster, som vill v\u00e4ldigt olika med energipolitiken. Sverige och svensk energimarknad har inget att vinna p\u00e5 att den nyvunna l\u00e5ngsiktigheten, och de stabila spelreglerna, rivs upp och ers\u00e4tts med ny os\u00e4kerhet om vad som ska g\u00e4lla fram\u00f6ver. Det om n\u00e5got skulle riskera h\u00e4mma den snabba utbyggnad och de stora investeringar som nu planeras och \u00e4ger rum.<\/p>\n<p>Den andra prioriteringen \u00e4r att st\u00e4rka den enskildes st\u00e4llning p\u00e5 energimarknaderna. Vi har i Sverige v\u00e4ldigt medvetna och kunniga konsumenter som med b\u00e4ttre verktyg &#8211; som timvis m\u00e4tning och debitering av el, ett fungerande system f\u00f6r nettodebitering och en nordisk slutkundsmarknad d\u00e4r hela elkostnaden (b\u00e5de n\u00e4tkostnaden och elkostnaden) redovisas p\u00e5 en samlad faktura &#8211; skulle kunna vara mer aktiva och ta st\u00f6rre ansvar b\u00e5de f\u00f6r sin elkonsumtion och sin elproduktion. Om energikostnaderna och f\u00f6rbrukningen blir l\u00e4ttare att f\u00f6rst\u00e5 kan man som konsument ocks\u00e5 l\u00e4ttare fatta medvetna val om att anv\u00e4nda energisparande teknik, leva energisn\u00e5lare eller f\u00f6r den delen kanske v\u00e4lja att bli en sm\u00e5skalig elproducent.<\/p>\n<p>Den tredje prioriteringen handlar om att ytterligare st\u00e4rka Sverige som en framst\u00e5ende nation n\u00e4r det g\u00e4ller milj\u00f6teknik. Vi ska inte g\u00f6ra energi- och klimatomst\u00e4llningen f\u00f6r att tj\u00e4na pengar, men vi ska nyttja f\u00f6rdelarna av att vara ett f\u00f6reg\u00e5ngsland. Uppgiften \u00e4r att sprida svenska landvinningar s\u00e5 att kapital f\u00f6r investeringar i milj\u00f6teknik landar i svenska f\u00f6retag. Redan i dag oms\u00e4tter milj\u00f6tekniksektorn cirka 120 miljarder kronor och syssels\u00e4tter drygt 40.000 personer i Sverige. Men det kan bli mycket mer.<\/p>\n<p>D\u00e4rf\u00f6r satsar regeringen stort p\u00e5 energiforskning och gryende tekniker som s\u00e5r fr\u00f6n till morgondagens exportsucc\u00e9er, inte minst genom till exempel satsningar p\u00e5 pilotanl\u00e4ggningar f\u00f6r biodrivmedel och v\u00e5gkraftsparker. Och med 400 miljoner i en s\u00e4rskild milj\u00f6teknikstrategi hj\u00e4lper vi nya produkter att finna sin marknad och st\u00f6ttar f\u00f6retag och innovat\u00f6rer i alla steg, fr\u00e5n provr\u00f6r till produktlansering.<\/p>\n<p>Sverige har fantastiska m\u00f6jligheter att spela en nyckelroll som f\u00f6reg\u00e5ngsland i\u00a0det globala arbetet med att skapa ett l\u00e5ngsiktigt h\u00e5llbart samh\u00e4lle. Vi har alla m\u00f6jligheter att visa hur en energiomst\u00e4llning kan m\u00f6ta klimatkrisens utmaningar och samtidigt bidra till ekonomisk tillv\u00e4xt. Den m\u00f6jligheten ska vi ta vara p\u00e5!<\/p>\n","protected":false},"excerpt":{"rendered":"<p>Idag inleder jag min &#8221;v\u00e5rtermin&#8221; med att beskriva mina tre huvudprioriteringar som energiminister p\u00e5 Dagens Nyheters debattsida. Det \u00e4r tre prioriteringar som tar sin utg\u00e5ngspunkt i de globala utmaningar vi har\u00a0&#8211; d\u00e4r vi, samtidigt som vi vet att stora \u00e5tg\u00e4rder m\u00e5ste g\u00f6ras f\u00f6r att m\u00f6ta klimatutmaningen och hejda uppv\u00e4rmningen av klotet, ser hur energibehoven forts\u00e4tter&nbsp;<a href=\"http:\/\/annakarinhatt.se\/blogg\/tre-huvudprioriteringar-som-energiminister\/\" class=\"read-more\">Continue Reading<\/a><\/p>\n","protected":false},"author":3,"featured_media":0,"comment_status":"open","ping_status":"open","sticky":false,"template":"","format":"standard","meta":{"ngg_post_thumbnail":0,"footnotes":""},"categories":[87],"tags":[83,240,103],"class_list":["post-1628","post","type-post","status-publish","format-standard","hentry","category-energi","tag-energipolitik","tag-konsumentmakt","tag-miljoteknik","cat-87-id"],"_links":{"self":[{"href":"http:\/\/annakarinhatt.se\/blogg\/wp-json\/wp\/v2\/posts\/1628","targetHints":{"allow":["GET"]}}],"collection":[{"href":"http:\/\/annakarinhatt.se\/blogg\/wp-json\/wp\/v2\/posts"}],"about":[{"href":"http:\/\/annakarinhatt.se\/blogg\/wp-json\/wp\/v2\/types\/post"}],"author":[{"embeddable":true,"href":"http:\/\/annakarinhatt.se\/blogg\/wp-json\/wp\/v2\/users\/3"}],"replies":[{"embeddable":true,"href":"http:\/\/annakarinhatt.se\/blogg\/wp-json\/wp\/v2\/comments?post=1628"}],"version-history":[{"count":3,"href":"http:\/\/annakarinhatt.se\/blogg\/wp-json\/wp\/v2\/posts\/1628\/revisions"}],"predecessor-version":[{"id":1631,"href":"http:\/\/annakarinhatt.se\/blogg\/wp-json\/wp\/v2\/posts\/1628\/revisions\/1631"}],"wp:attachment":[{"href":"http:\/\/annakarinhatt.se\/blogg\/wp-json\/wp\/v2\/media?parent=1628"}],"wp:term":[{"taxonomy":"category","embeddable":true,"href":"http:\/\/annakarinhatt.se\/blogg\/wp-json\/wp\/v2\/categories?post=1628"},{"taxonomy":"post_tag","embeddable":true,"href":"http:\/\/annakarinhatt.se\/blogg\/wp-json\/wp\/v2\/tags?post=1628"}],"curies":[{"name":"wp","href":"https:\/\/api.w.org\/{rel}","templated":true}]}}