{"id":1633,"date":"2012-01-11T16:38:24","date_gmt":"2012-01-11T15:38:24","guid":{"rendered":"http:\/\/annakarinhatt.se\/blogg\/?p=1633"},"modified":"2012-01-11T19:55:18","modified_gmt":"2012-01-11T18:55:18","slug":"turnepremiar-i-orebro-ett-digitalt-foredome","status":"publish","type":"post","link":"http:\/\/annakarinhatt.se\/blogg\/turnepremiar-i-orebro-ett-digitalt-foredome\/","title":{"rendered":"Turn\u00e9premi\u00e4r i \u00d6rebro &#8211; ett digitalt f\u00f6red\u00f6me"},"content":{"rendered":"<p>Idag har det varit turn\u00e9start. Fram till sommaren kommer jag att resa runt i landet med den digitala agendan. Redan n\u00e4r jag presenterade den nya nationella it-strategin &#8221;It i m\u00e4nniskans tj\u00e4nst &#8211; en digital agenda f\u00f6r Sverige&#8221; i b\u00f6rjan p\u00e5 oktober f\u00f6rra \u00e5ret s\u00e5 var det sj\u00e4lvklart att n\u00e4sta steg var att n\u00e5 ut och s\u00e4tta ig\u00e5ng arbetet regionalt. F\u00f6r om vi p\u00e5 allvar ska kunna s\u00e4tta it i m\u00e4nniskans tj\u00e4nst och etablera oss som v\u00e4rldens mest framg\u00e5ngsrika digitala samh\u00e4lle m\u00e5ste regionala digitala agendor formuleras ute i v\u00e5ra kommuner, l\u00e4n och regioner.<\/p>\n<p>F\u00f6r mig handlar turn\u00e9n om att tr\u00e4ffa f\u00f6retag, politiker och andra offentliga f\u00f6retr\u00e4dare f\u00f6r att presentera den nationella digitala agendan och ber\u00e4tta om hur vi p\u00e5 N\u00e4ringsdepartementet arbetade fram den under f\u00f6rra \u00e5ret. V\u00e5rens turn\u00e9 syftar till att inspirera till lokala och regionala initiativ och agendor som skr\u00e4ddarsys efter deras lokala f\u00f6ruts\u00e4ttningar.<\/p>\n<p>Men det handlar ocks\u00e5 om att ta intryck, f\u00e5nga upp inspel och fr\u00e5gor. Och att f\u00e5nga upp goda l\u00f6sningar som vi kan sprida vidare. Kort sagt att f\u00e5 inspel p\u00e5 fr\u00e5gan: vad vill vi med v\u00e5rt digitala samh\u00e4lle och hur n\u00e5r vi dit?<\/p>\n<p>Att jag <a title=\"Turn\u00e9start i \u00d6rebro\" href=\"http:\/\/regeringen.se\/sb\/d\/14375\/a\/183771\" target=\"_blank\">b\u00f6rjade i \u00d6rebro<\/a> \u00e4r ingen slump. M\u00e5nga l\u00e4n och regioner g\u00f6r redan ett fantastiskt arbete. Andra beh\u00f6ver g\u00f6ra mer. \u00d6rebro tillh\u00f6r de f\u00f6rra. Fr\u00e5n Tivedsskogarna i s\u00f6der till Bergslagsskogarna i norr, finns en bredbandsinfrastruktur som \u00e4r v\u00e4l s\u00e5 god som den i storst\u00e4derna. Det \u00e4r resultatet av ett l\u00e5ngsiktigt, strukturerat och envist samarbete mellan kommunerna, l\u00e4nsstyrelsen, operat\u00f6rer och byalag. Men \u00d6rebro har ocks\u00e5 tagit steget vidare och st\u00e4llt sig den fr\u00e5gan: Vad ska de anv\u00e4nda bredbandet till?<\/p>\n<p>Det \u00e4r f\u00f6r att besvara den fr\u00e5gan som L\u00e4nsstyrelsen i \u00d6rebro har formulerat en egen regional digital agenda och p\u00e5b\u00f6rjat ett l\u00e5ngsiktigt arbete f\u00f6r att finna l\u00f6sningar som \u00f6kar f\u00f6retagens konkurrensf\u00f6rm\u00e5ga, underl\u00e4ttar f\u00f6r den \u00e5ldrande befolkningen, gynnar landsbygden och v\u00e4rnar milj\u00f6n \u2013 inte bara i allm\u00e4nhet utan just i \u00d6rebro l\u00e4n. Om detta har jag idag skrivit i Nerikes Allehanda och <a title=\"Artikel i Dagens Samh\u00e4lle\" href=\"http:\/\/www.dagenssamhalle.se\/debatt\/oerebros-bredbandsstrategi-foerebild-foer-sverige-1687\" target=\"_blank\">Dagens Samh\u00e4lle<\/a> tillsammans med landsh\u00f6vdingen i \u00d6rebro l\u00e4n Rose-Marie Frebran.<\/p>\n<p>I och med turn\u00e9starten i dag lanseras ocks\u00e5 ett signat\u00e4rskap d\u00e4r l\u00e4n och regioner kan underteckna en avsiktsf\u00f6rklaring om att de st\u00e4ller sig bakom det it-politiska m\u00e5let om att Sverige ska vara b\u00e4st i v\u00e4rlden p\u00e5 att anv\u00e4nda digitaliseringens m\u00f6jligheter, liksom att de har f\u00f6r avsikt att ta fram en regional digital agenda i bred samverkan med olika samh\u00e4llsakt\u00f6rer. Sj\u00e4lvfallet \u00e4r det roligt att L\u00e4nsstyrelsen, Regionf\u00f6rbundet och Landstinget i \u00d6rebro l\u00e4n idag var f\u00f6rst ut som signat\u00e4rer i en gemensam avsiktsf\u00f6rklaring om det fortsatta arbetet f\u00f6r en regional digital agenda.<\/p>\n<p>\u00d6rebro \u00e4r med andra ord ett gott exempel f\u00f6r andra att ta efter. Regeringen har d\u00e4rf\u00f6r beslutat att ge L\u00e4nsstyrelsen i \u00d6rebro l\u00e4n i uppdrag att ge v\u00e4gledning och information till landets \u00f6vriga l\u00e4n, regioner och kommuner om hur man kan ta fram en digital agenda.<\/p>\n<p>N\u00e4sta turn\u00e9stopp blir i Malm\u00f6 i februari. Efter dagens inspirerade m\u00f6te ser jag redan fram emot att ta del av sk\u00e5ningarnas id\u00e9er och erfarenheter.<\/p>\n<p>&nbsp;<\/p>\n<p>Ett inslag i SVT fr\u00e5n dagen kan du se <a title=\"SVT\" href=\"http:\/\/svt.se\/2.96110\/1.2673461\/segt_fa_bredband_till_glesbygd\" target=\"_blank\">h\u00e4r<\/a>.<\/p>\n","protected":false},"excerpt":{"rendered":"<p>Idag har det varit turn\u00e9start. Fram till sommaren kommer jag att resa runt i landet med den digitala agendan. Redan n\u00e4r jag presenterade den nya nationella it-strategin &#8221;It i m\u00e4nniskans tj\u00e4nst &#8211; en digital agenda f\u00f6r Sverige&#8221; i b\u00f6rjan p\u00e5 oktober f\u00f6rra \u00e5ret s\u00e5 var det sj\u00e4lvklart att n\u00e4sta steg var att n\u00e5 ut och&nbsp;<a href=\"http:\/\/annakarinhatt.se\/blogg\/turnepremiar-i-orebro-ett-digitalt-foredome\/\" class=\"read-more\">Continue Reading<\/a><\/p>\n","protected":false},"author":3,"featured_media":0,"comment_status":"open","ping_status":"open","sticky":false,"template":"","format":"standard","meta":{"ngg_post_thumbnail":0,"footnotes":""},"categories":[7],"tags":[38,37,21,105],"class_list":["post-1633","post","type-post","status-publish","format-standard","hentry","category-it-politik","tag-bredband","tag-digitala-agendan","tag-it","tag-orebro","cat-7-id"],"_links":{"self":[{"href":"http:\/\/annakarinhatt.se\/blogg\/wp-json\/wp\/v2\/posts\/1633","targetHints":{"allow":["GET"]}}],"collection":[{"href":"http:\/\/annakarinhatt.se\/blogg\/wp-json\/wp\/v2\/posts"}],"about":[{"href":"http:\/\/annakarinhatt.se\/blogg\/wp-json\/wp\/v2\/types\/post"}],"author":[{"embeddable":true,"href":"http:\/\/annakarinhatt.se\/blogg\/wp-json\/wp\/v2\/users\/3"}],"replies":[{"embeddable":true,"href":"http:\/\/annakarinhatt.se\/blogg\/wp-json\/wp\/v2\/comments?post=1633"}],"version-history":[{"count":9,"href":"http:\/\/annakarinhatt.se\/blogg\/wp-json\/wp\/v2\/posts\/1633\/revisions"}],"predecessor-version":[{"id":1643,"href":"http:\/\/annakarinhatt.se\/blogg\/wp-json\/wp\/v2\/posts\/1633\/revisions\/1643"}],"wp:attachment":[{"href":"http:\/\/annakarinhatt.se\/blogg\/wp-json\/wp\/v2\/media?parent=1633"}],"wp:term":[{"taxonomy":"category","embeddable":true,"href":"http:\/\/annakarinhatt.se\/blogg\/wp-json\/wp\/v2\/categories?post=1633"},{"taxonomy":"post_tag","embeddable":true,"href":"http:\/\/annakarinhatt.se\/blogg\/wp-json\/wp\/v2\/tags?post=1633"}],"curies":[{"name":"wp","href":"https:\/\/api.w.org\/{rel}","templated":true}]}}