{"id":1644,"date":"2012-01-20T13:30:28","date_gmt":"2012-01-20T12:30:28","guid":{"rendered":"http:\/\/annakarinhatt.se\/blogg\/?p=1644"},"modified":"2012-01-20T15:54:12","modified_gmt":"2012-01-20T14:54:12","slug":"hogt-och-lagt-i-energidebatten","status":"publish","type":"post","link":"http:\/\/annakarinhatt.se\/blogg\/hogt-och-lagt-i-energidebatten\/","title":{"rendered":"H\u00f6gt och l\u00e5gt i energidebatten"},"content":{"rendered":"<p>N\u00e4r E.ON:s vd nyligen fick fr\u00e5gan hur han ans\u00e5g energifr\u00e5gorna hanteras i media, pekade han p\u00e5 ett intressant m\u00f6nster i den offentliga debatten. N\u00e4r det \u00e4r kallt s\u00e5 hamnar allt fokus p\u00e5 elpriset, n\u00e4r v\u00e4rmen kommer f\u00f6rsvinner prisdiskussionerna och klimatfokus tar plats ist\u00e4llet. Efter en h\u00f6st som energiminister \u00e4r jag ben\u00e4gen att h\u00e5lla med honom om det.<\/p>\n<p>\u00c4ven den h\u00e4r vintern har vi haft en intensiv debatt om elpriserna, inte minst till f\u00f6ljd av den nya indelningen i elomr\u00e5den.<\/p>\n<p>N\u00e4r oroliga m\u00e4nniskor ringer till mina medarbetare p\u00e5 N\u00e4ringsdepartementet f\u00f6r att de inte v\u00e5gar sl\u00e5 p\u00e5 julbelysningen tror jag det beror mer p\u00e5 att tonl\u00e4get i debatten \u00e4r h\u00f6gt, \u00e4n att sj\u00e4lva elpriset \u00e4r det. F\u00f6r faktum \u00e4r att samtalen kommer \u00a0samtidigt som de svenska elpriserna varit och \u00e4r ungef\u00e4r h\u00e4lften av vad de var vid samma tidpunkt f\u00f6rra \u00e5ret. Och n\u00e4r det sker, d\u00e5 kan man bli b\u00e5de orolig och undrande \u00f6ver br\u00f6sttonerna i debatten.<\/p>\n<p>Elomr\u00e5dena inf\u00f6rdes av Svenska Kraftn\u00e4t den f\u00f6rsta november f\u00f6rra \u00e5ret till f\u00f6ljd av ett krav fr\u00e5n EU. Genom att dela in Sverige i fyra omr\u00e5den ska elpriset s\u00e4ttas mer utifr\u00e5n faktisk tillg\u00e5ng och efterfr\u00e5gan, liksom vad sj\u00e4lva n\u00e4tet klarar att \u00f6verf\u00f6ra. Detta kan skapa skillnader i priset vid vissa tidpunkter p\u00e5 \u00e5ret, vilket d\u00e5 kommer inneb\u00e4ra \u00a0att Sverige tidvis kan ha olika elpris i olika delar av landet.<\/p>\n<p>Sj\u00e4lvklart har jag som energiminister noga f\u00f6ljt utvecklingen av elomr\u00e5dena sedan reformen sattes i sj\u00f6n. Och jag kan konstatera att under november m\u00e5nad var elpriserna h\u00f6gre i framf\u00f6r allt s\u00f6dra Sverige. En av huvudorsakerna till det var driftsproblemen vid k\u00e4rnkraftsverket Ringhals som f\u00f6rs\u00e4mrade b\u00e5de tillg\u00e5ngen p\u00e5 el och \u00f6verf\u00f6ringskapaciteten till s\u00f6dra Sverige i eln\u00e4tet. <\/p>\n<p>Debatten fr\u00e5n dag ett var h\u00e5rd och kritiken intensiv.Det sas att f\u00f6retag skulle flytta utomlands p\u00e5 grund av de h\u00f6ga elpriserna och att hus\u00e4gare skulle bli ruinerade. De exempel som f\u00f6rdes fram utgick ofta fr\u00e5n de h\u00f6gsta noterade tim- eller dagspriserna och kostnaden f\u00f6r villor uppv\u00e4rmda med direktverkande el. Trots att variationerna de flesta av timmarna inte var s\u00e5 stora som skr\u00e4ckexemplen p\u00e5stod, och trots att det numera tack och lov \u00e4r mindre \u00e4n en tredjedel av det svenska villabest\u00e5ndet s\u00e5 \u00e4r beroende av direktverkande el.\u00a0<\/p>\n<p>Sedan dess har k\u00e4rnkraften kommit ig\u00e5ng och producerar nu till cirka 80 procent. Genast sj\u00f6nk prisskillnaderna och under december f\u00f6rra \u00e5ret var prisskillnaderna mellan olika delar av landet s\u00e5 gott som obefintlig. D\u00e5 b\u00f6rjade n\u00e5gra av dem som i november uppr\u00f6rdes \u00f6ver elomr\u00e5dena ist\u00e4llet l\u00e4gga fokus p\u00e5 eln\u00e4tsavgiften, dvs den avgift du betalar till det n\u00e4tbolag som levererar din el, och som utg\u00f6r ungef\u00e4r 20 procent av elkostnaden. Ett s\u00e4rskilt bekymmer i sammanhanget \u00e4r att eln\u00e4tet ju \u00e4r ett naturligt monopol d\u00e4r man inte kan v\u00e4lja leverant\u00f6r.<\/p>\n<p>De senaste \u00e5ren har kraftiga h\u00f6jningar av eln\u00e4tsavgifterna orsakat mycket kritik. Den argaste kritiken har de senaste veckorna kommit fr\u00e5n intresseorganisationen Villa\u00e4garna som skyndade fram en rapport om skillnaderna i elpris mellan olika kommuner, en rapport som ocks\u00e5 fick mycket stor uppm\u00e4rksamhet. Men efter n\u00e5gra dagar visade rapporten sig inneh\u00e5lla b\u00e5de r\u00e4knefel och inaktuella siffror. Tyv\u00e4rr tummade en rad journalister p\u00e5 k\u00e4llkritiken och rapporterade \u00e4nd\u00e5 vidare felaktigheterna.<\/p>\n<p>Det anm\u00e4rkningsv\u00e4rda, och det som f\u00e5 uppm\u00e4rksammat, \u00e4r att rapporten och den kampanj som dragits ig\u00e5ng kommer kort efter det att regeringen fr\u00e5n \u00e5rsskiftet inf\u00f6rt en reglering av eln\u00e4tsavgiften, som begr\u00e4nsar hur mycket n\u00e4tbolagen f\u00e5r h\u00f6ja sina priser och som d\u00e4rmed fram\u00f6ver skyddar konsumenterna mot den typen av snabba avgiftsh\u00f6jningar vi sett de senaste \u00e5ren.<\/p>\n<p>Summa sumarum: det har i vinter varit b\u00e5de h\u00f6gt och l\u00e5gt i energidebatten. Men det som inte varierar \u00e4r att det f\u00f6r mig som energiminister \u00e4r sj\u00e4lvklart att som en av mina viktigaste huvudprioriteringar arbeta f\u00f6r att st\u00e4rka den enskilda konsumentens st\u00e4llning p\u00e5 energimarknaderna, s\u00e5 att var och en som s\u00e5 \u00f6nskar l\u00e4ttare kan f\u00e5 kontroll p\u00e5 sina energikostnader.<\/p>\n","protected":false},"excerpt":{"rendered":"<p>N\u00e4r E.ON:s vd nyligen fick fr\u00e5gan hur han ans\u00e5g energifr\u00e5gorna hanteras i media, pekade han p\u00e5 ett intressant m\u00f6nster i den offentliga debatten. N\u00e4r det \u00e4r kallt s\u00e5 hamnar allt fokus p\u00e5 elpriset, n\u00e4r v\u00e4rmen kommer f\u00f6rsvinner prisdiskussionerna och klimatfokus tar plats ist\u00e4llet. Efter en h\u00f6st som energiminister \u00e4r jag ben\u00e4gen att h\u00e5lla med honom&nbsp;<a href=\"http:\/\/annakarinhatt.se\/blogg\/hogt-och-lagt-i-energidebatten\/\" class=\"read-more\">Continue Reading<\/a><\/p>\n","protected":false},"author":3,"featured_media":0,"comment_status":"open","ping_status":"open","sticky":false,"template":"","format":"standard","meta":{"ngg_post_thumbnail":0,"footnotes":""},"categories":[87],"tags":[83],"class_list":["post-1644","post","type-post","status-publish","format-standard","hentry","category-energi","tag-energipolitik","cat-87-id"],"_links":{"self":[{"href":"http:\/\/annakarinhatt.se\/blogg\/wp-json\/wp\/v2\/posts\/1644","targetHints":{"allow":["GET"]}}],"collection":[{"href":"http:\/\/annakarinhatt.se\/blogg\/wp-json\/wp\/v2\/posts"}],"about":[{"href":"http:\/\/annakarinhatt.se\/blogg\/wp-json\/wp\/v2\/types\/post"}],"author":[{"embeddable":true,"href":"http:\/\/annakarinhatt.se\/blogg\/wp-json\/wp\/v2\/users\/3"}],"replies":[{"embeddable":true,"href":"http:\/\/annakarinhatt.se\/blogg\/wp-json\/wp\/v2\/comments?post=1644"}],"version-history":[{"count":4,"href":"http:\/\/annakarinhatt.se\/blogg\/wp-json\/wp\/v2\/posts\/1644\/revisions"}],"predecessor-version":[{"id":1648,"href":"http:\/\/annakarinhatt.se\/blogg\/wp-json\/wp\/v2\/posts\/1644\/revisions\/1648"}],"wp:attachment":[{"href":"http:\/\/annakarinhatt.se\/blogg\/wp-json\/wp\/v2\/media?parent=1644"}],"wp:term":[{"taxonomy":"category","embeddable":true,"href":"http:\/\/annakarinhatt.se\/blogg\/wp-json\/wp\/v2\/categories?post=1644"},{"taxonomy":"post_tag","embeddable":true,"href":"http:\/\/annakarinhatt.se\/blogg\/wp-json\/wp\/v2\/tags?post=1644"}],"curies":[{"name":"wp","href":"https:\/\/api.w.org\/{rel}","templated":true}]}}