{"id":1651,"date":"2012-01-25T15:51:40","date_gmt":"2012-01-25T14:51:40","guid":{"rendered":"http:\/\/annakarinhatt.se\/blogg\/?p=1651"},"modified":"2012-01-27T15:27:32","modified_gmt":"2012-01-27T14:27:32","slug":"tillsammans-eller-ensam-samarbete-eller-energiisolationism","status":"publish","type":"post","link":"http:\/\/annakarinhatt.se\/blogg\/tillsammans-eller-ensam-samarbete-eller-energiisolationism\/","title":{"rendered":"Tillsammans eller ensam &#8211; samarbete eller energiisolationism"},"content":{"rendered":"<p>Idag har jag gjort en resa genom Uppland, till Finnb\u00f6le i G\u00e4vle kommun. D\u00e4r finns den svenska anslutningen till kraftledningen Fenno-Skan 2 som g\u00e5r \u00f6ver till Rauma i Finland. Tillsammans med f\u00f6retr\u00e4dare f\u00f6r den finska regeringen har jag idag invigt den ledningen, och vid den h\u00f6gtidliga \u00f6ppningen h\u00f6ll jag som sig b\u00f6r ett <a title=\"Invigning Fenno-Skan 2\" href=\"http:\/\/regeringen.se\/sb\/d\/15728\/a\/184719\" target=\"_blank\">\u00f6ppningstal<\/a>.<\/p>\n<p>Den nya kraftledningen \u00e4r ett viktigt steg i att st\u00e4rka den svenska f\u00f6rs\u00f6rjningstryggheten och om detta har jag skrivit p\u00e5 debattplats i dagens nummer av Dagens Industri.<\/p>\n<p>Som enskilda konsumenter \u00e4r vi i v\u00e5r vardag, natt som dag, beroende av el. Som nation \u00e4r Sverige starkt beroende av el och vi anv\u00e4nder mycket el i j\u00e4mf\u00f6relse med m\u00e5nga andra l\u00e4nder. Den industri som st\u00e5r f\u00f6r en stor del av v\u00e5rt v\u00e4lst\u00e5nd och de svenska r\u00e5varor vi f\u00f6r\u00e4dlar och exporterar \u00e4r energiintensiv verksamhet. Det inneb\u00e4r att det vi exporterar inte bara \u00e4r f\u00f6r\u00e4dlad j\u00e4rnmalm och skog, utan i minst lika stor utstr\u00e4ckning f\u00f6r\u00e4dlad el. V\u00e5r elf\u00f6rs\u00f6rjning och v\u00e5r f\u00f6rs\u00f6rjningstrygghet \u00e4r d\u00e4rf\u00f6r mycket viktiga fr\u00e5gor f\u00f6r mig som energiminister.<\/p>\n<p>Genom ledningen Fenno-Skan 2 \u00f6kar \u00f6verf\u00f6ringskapaciteten mellan Sverige och Finland med ungef\u00e4r 40 procent eller lika mycket kapacitet som kr\u00e4vs f\u00f6r att v\u00e4rma \u00f6ver 340 000 villor. Ledningen avlastar ocks\u00e5 stamn\u00e4tet i norra Sverige och minskar d\u00e4rmed n\u00e4tf\u00f6rlusterna. V\u00e5rt eln\u00e4t blir effektivare och milj\u00f6v\u00e4nligare. samtidigt minskar risken f\u00f6r att Sverige skulle drabbas av energibrist vid ett torr\u00e5r f\u00f6r vattenkraften minskar betydligt. Sammantaget \u00e4r Fenno-Skan 2 en investering som ger stor samh\u00e4llsekonomisk nytta och som st\u00e4rker Sveriges trygghet genom en s\u00e4krare elf\u00f6rs\u00f6rjning.<\/p>\n<p>Det \u00e4r ocks\u00e5 i linje med regeringens energipolitik, som bland annat syftar till att det svenska eln\u00e4tet ska st\u00e4rkas och integreras med v\u00e5ra nordiska grannl\u00e4nders och Europa. Under de senaste \u00e5rens kalla vintrar har v\u00e5r elf\u00f6rs\u00f6rjning varit anstr\u00e4ngd och tidvis har vi varit beroende av fossil reservkraft och import av el. Med fler anslutningar till andra l\u00e4nder och ett utbyggt eln\u00e4t minskar risken att det beh\u00f6ver upprepas.<\/p>\n<p>Inneb\u00f6rden av Alliansens klimat- och energi\u00f6verenskommelse \u00e4r att ett tredje ben ska utvecklas i energisystemet och i elproduktionen. D\u00e4rmed minskar beroendet av k\u00e4rnkraft och vattenkraft och v\u00e5r f\u00f6rs\u00f6rjningstrygghet \u00f6kar ytterligare. F\u00f6r att \u00e5stadkomma det m\u00e5ste kraftv\u00e4rme, vindkraft och \u00f6vrig f\u00f6rnybar kraftproduktion tillsammans svara f\u00f6r en betydande del av elproduktionen.<\/p>\n<p>Vid \u00e5rsskiftet ansl\u00f6t sig Norge till det svenska elcertifikatssytemet. D\u00e4rmed skapades v\u00e4ldens f\u00f6rsta gr\u00e4ns\u00f6verskridande st\u00f6dsystem f\u00f6r f\u00f6rnybar el och tillsammans \u00f6kade vi v\u00e5ra ambitioner kraftigt. Genom dessa \u00e5tg\u00e4rder st\u00e4rks inte bara v\u00e5r egen f\u00f6rs\u00f6rjningstrygghet, utan ocks\u00e5 v\u00e5ra m\u00f6jligheter att exportera ett svensk \u00f6verskott av el med l\u00e5g klimatp\u00e5verkan.<\/p>\n<p>Regeringens politik ger resultat. Vi ser att den f\u00f6rnybara energin sl\u00e5r alla rekord. 2010 fick vi n\u00e4rmare 18 terawattimmar f\u00f6rnybar el genom elcertifikatssystemet, fr\u00e5n biobr\u00e4nslen, ny vattenkraft och vind. Det motsvarar mer \u00e4n en tredjedel av den svenska industrins energianv\u00e4ndning samma \u00e5r. Samtidigt bygger vi ut eln\u00e4tet genom historiskt stora satsningar. De n\u00e4rmsta tio \u00e5ren kommer cirka 3,5 miljarder kronor per \u00e5r satsas p\u00e5 att st\u00e4rka det svenska eln\u00e4tet.<\/p>\n<p>Detta syns\u00e4tt skiljer sig stark fr\u00e5n socialdemokraternas, d\u00e4r energinationalism och kortsiktighet tycks r\u00e5da. Socialdemokraterna \u00e4r nu djupt kritiska till den avreglering de sj\u00e4lva var med och genomf\u00f6rde. I riksdagen r\u00f6stade man tillsammans med milj\u00f6partiet ocks\u00e5 nej till det gemensamma svensk-norska elcertifikatssystemet. D\u00e4rmed sade man ocks\u00e5 nej till en kraftig ambitionsh\u00f6jning f\u00f6r den f\u00f6rnybara energin i Norden.<\/p>\n<p>Trots en uppenbart internationaliserad energimarknad \u00e4r det med en isolationistisk energipolitik som socialdemokraterna verkar vilja trygga v\u00e5r energif\u00f6rs\u00f6rjning. Att s\u00e4ga nej till energisamarbete med andra l\u00e4nder och mots\u00e4tta sig fler anslutningar till v\u00e5r omv\u00e4rld motverkar s\u00e5v\u00e4l den f\u00f6rnybara energin som Sveriges f\u00f6rs\u00f6rjningstrygghet.<\/p>\n<p>Alliansen f\u00f6retr\u00e4der det enda l\u00e5ngsiktiga alternativet i energipolitiken, en energipolitik som bygger p\u00e5 insikten om vikten av samarbete, inte energiisolationism.<\/p>\n<p>&nbsp;<\/p>\n<p>\u00d6ppningen av Fenno Skan 2 rapporterades bland andra av <a title=\"Arbetarbladet\" href=\"http:\/\/arbetarbladet.se\/nyheter\/tierp\/1.4321421-blagul-koppling-for-sakrare-strom?m=print\" target=\"_blank\">Arbetarbladet<\/a>.<\/p>\n","protected":false},"excerpt":{"rendered":"<p>Idag har jag gjort en resa genom Uppland, till Finnb\u00f6le i G\u00e4vle kommun. D\u00e4r finns den svenska anslutningen till kraftledningen Fenno-Skan 2 som g\u00e5r \u00f6ver till Rauma i Finland. Tillsammans med f\u00f6retr\u00e4dare f\u00f6r den finska regeringen har jag idag invigt den ledningen, och vid den h\u00f6gtidliga \u00f6ppningen h\u00f6ll jag som sig b\u00f6r ett \u00f6ppningstal. Den&nbsp;<a href=\"http:\/\/annakarinhatt.se\/blogg\/tillsammans-eller-ensam-samarbete-eller-energiisolationism\/\" class=\"read-more\">Continue Reading<\/a><\/p>\n","protected":false},"author":3,"featured_media":0,"comment_status":"open","ping_status":"open","sticky":false,"template":"","format":"standard","meta":{"ngg_post_thumbnail":0,"footnotes":""},"categories":[87],"tags":[83],"class_list":["post-1651","post","type-post","status-publish","format-standard","hentry","category-energi","tag-energipolitik","cat-87-id"],"_links":{"self":[{"href":"http:\/\/annakarinhatt.se\/blogg\/wp-json\/wp\/v2\/posts\/1651","targetHints":{"allow":["GET"]}}],"collection":[{"href":"http:\/\/annakarinhatt.se\/blogg\/wp-json\/wp\/v2\/posts"}],"about":[{"href":"http:\/\/annakarinhatt.se\/blogg\/wp-json\/wp\/v2\/types\/post"}],"author":[{"embeddable":true,"href":"http:\/\/annakarinhatt.se\/blogg\/wp-json\/wp\/v2\/users\/3"}],"replies":[{"embeddable":true,"href":"http:\/\/annakarinhatt.se\/blogg\/wp-json\/wp\/v2\/comments?post=1651"}],"version-history":[{"count":6,"href":"http:\/\/annakarinhatt.se\/blogg\/wp-json\/wp\/v2\/posts\/1651\/revisions"}],"predecessor-version":[{"id":1663,"href":"http:\/\/annakarinhatt.se\/blogg\/wp-json\/wp\/v2\/posts\/1651\/revisions\/1663"}],"wp:attachment":[{"href":"http:\/\/annakarinhatt.se\/blogg\/wp-json\/wp\/v2\/media?parent=1651"}],"wp:term":[{"taxonomy":"category","embeddable":true,"href":"http:\/\/annakarinhatt.se\/blogg\/wp-json\/wp\/v2\/categories?post=1651"},{"taxonomy":"post_tag","embeddable":true,"href":"http:\/\/annakarinhatt.se\/blogg\/wp-json\/wp\/v2\/tags?post=1651"}],"curies":[{"name":"wp","href":"https:\/\/api.w.org\/{rel}","templated":true}]}}