{"id":1675,"date":"2012-02-01T19:51:08","date_gmt":"2012-02-01T18:51:08","guid":{"rendered":"http:\/\/annakarinhatt.se\/blogg\/?p=1675"},"modified":"2012-02-01T19:51:08","modified_gmt":"2012-02-01T18:51:08","slug":"strang-kyla-och-anstrangt-ellage","status":"publish","type":"post","link":"http:\/\/annakarinhatt.se\/blogg\/strang-kyla-och-anstrangt-ellage\/","title":{"rendered":"Str\u00e4ng kyla och anstr\u00e4ngt ell\u00e4ge"},"content":{"rendered":"<p>I Sverige har vi i grunden en god tillg\u00e5ng p\u00e5 el. En stor produktionskapacitet i vattenkraft och k\u00e4rnkraft ger oss den el vi beh\u00f6ver. De senaste \u00e5ren har dessa kraftslag kompletterats med allt mer f\u00f6rnybar el &#8211; fr\u00e4mst biobr\u00e4nslen men under senare tid \u00e4ven med den snabbt v\u00e4xande vindkraften. F\u00f6r att vi ska ha en trygg elf\u00f6rs\u00f6rjning m\u00e5ste alla produktionsslag fungera som de ska, och f\u00f6rm\u00e5 leverera el i den omfattning som f\u00f6rv\u00e4ntas.<\/p>\n<p>N\u00e4r jag kom till N\u00e4ringsdepartementet i morse, och tr\u00e4ffade mina tj\u00e4nstem\u00e4n p\u00e5 energienheten, var det allra f\u00f6rsta jag fick en genomg\u00e5ng av det dagsaktuella svenska kraftl\u00e4get. Det h\u00e4nder f\u00f6rst\u00e5s v\u00e4ldigt ofta f\u00f6r mig som energiminister, men idag var en speciell dag. F\u00f6r idag, p\u00e5 februaris allra f\u00f6rsta dag, \u00e4r n\u00e4mligen bara cirka 55 procent av den svenska k\u00e4rnkraften i drift. Och det \u00e4r verkligen inte bra och knappast i linje med vare sig v\u00e5ra behov eller f\u00f6rv\u00e4ntningar.<\/p>\n<p>Idag \u00e4r det allts\u00e5 bara fem av totalt tio reaktorer som funkar som de ska. De andra fem st\u00e5r helt stilla eller g\u00e5r med nedsatt kapacitet. Samtidigt har vi nu f\u00e5tt vinterns allra f\u00f6rsta riktigt kalla vinterdagar vilket f\u00f6rst\u00e5s \u00f6kar v\u00e5r elf\u00f6rbrukning. Det m\u00e4rks inte minst p\u00e5 elpriset som p\u00e5 bara ett par dagar nu kraftigt stigit i hela landet.<\/p>\n<p>De stora driftsst\u00f6rningarna i k\u00e4rnkraften g\u00f6r att elf\u00f6rs\u00f6rjningen i Sverige blir v\u00e4ldigt anstr\u00e4ngd, och att priserna drivs upp vilket drabbar oss som enskilda elkonsumenter eller som enskilda f\u00f6retag i n\u00e4ringslivet. Konsekvensen av det blir att vi en dag som denna f\u00e5r f\u00f6rlita oss p\u00e5 vattenkraften. Men vi har ocks\u00e5 f\u00e5tt m\u00f6ta elbehovet med import av el, inte minst fr\u00e5n Danmark d\u00e4r vindkraften just nu ger ett \u00f6verskott, och med import fr\u00e5n Norge och Tyskland. Och tyv\u00e4rr har bristen p\u00e5 el fr\u00e5n den svenska k\u00e4rnkraften lett till att Svenska Kraftn\u00e4t dessutom tvingats starta den svenska reservkraften, i form av oljeeldade kraftverk.<\/p>\n<p>En dag som denna blir det v\u00e4ldigt, v\u00e4ldigt tydligt hur viktigt och br\u00e5dskande det \u00e4r att bredda och st\u00e4rka den svenska elproduktionen och att bygga ut det svenska eln\u00e4tet. D\u00e4rf\u00f6r \u00e4r det bra att energi\u00f6verenskommelsen s\u00e5 tydligt pekar ut att Sverige m\u00e5ste minska sitt beroendet av vattenkraften och k\u00e4rnkraften och bygga ut ett tredje starkt f\u00f6rnybart ben i elproduktionen. En bredare och mer diversifierad elproduktion \u00e4r n\u00e4mligen mindre st\u00f6rningsk\u00e4nslig \u00e4n n\u00e5gra f\u00e5 stora anl\u00e4ggningar. Och redan nu bidrar den nya f\u00f6rnybara elen starkt. En dag som denna ska vi vara tacksamma f\u00f6r att den starka vindkraftsproduktionen vi hade under f\u00f6rra \u00e5ret innebar att vi kunde spara vatten i vattenkraftsdammarna s\u00e5 att de nu \u00e4r v\u00e4lfyllda och kan producera desto mer.<\/p>\n<p>Men en dag som den h\u00e4r blir det ocks\u00e5 tydligt hur angel\u00e4get det \u00e4r att forts\u00e4tta reformera elmarknaden och st\u00e4rka kundernas valfrihet och m\u00f6jligheter att p\u00e5verka sin egen elr\u00e4kning. I morse s\u00e5g vi hur elpriset gick upp mycket kraftigt under n\u00e5gra timmar p\u00e5 morgonen liksom under n\u00e5gra timmar p\u00e5 eftermiddagen, och hur elpriset just dessa timmar m\u00e5ngdubblades j\u00e4mf\u00f6rt med andra tider p\u00e5 dygnet. Om vi som elkunder hade haft m\u00f6jlighet att styra och betala f\u00f6r v\u00e5r elanv\u00e4ndning per timme s\u00e5 skulle en aktiv kund ha kunnat undvika dessa pristoppar, genom att k\u00f6ra elkr\u00e4vande maskiner en annan tid p\u00e5 dygnet. Och om tillr\u00e4ckligt m\u00e5nga av oss en dag som denna hade kunnat agera samf\u00e4llt skulle hela elmarknaden ha p\u00e5verkats och prisvariationerna \u00f6ver dygnet skulle varit mindre. Det \u00e4r bland annat av dessa sk\u00e4l som jag nu arbetar intensivt med att senare i v\u00e5r kunna presentera ett konkret f\u00f6rslag om timvis m\u00e4tning och timvis debitering av el f\u00f6r Riksdagen.<\/p>\n<p>S\u00e5 l\u00e4nge k\u00e4rnkraften st\u00e5r f\u00f6r en s\u00e5 stor andel av den svenska elproduktionen \u00e4r vi oerh\u00f6rt beroende av att den fungerar och framf\u00f6r allt att den f\u00f6rm\u00e5r leverera som b\u00e4st n\u00e4r behoven \u00e4r som st\u00f6rst. Det f\u00f6r\u00e4ndrar man inte \u00f6ver en natt, men vi kan minska den s\u00e5rbarheten p\u00e5 sikt. Genom att se till s\u00e5 att vi f\u00e5r in mer f\u00f6rnybar elproduktion, genom ett b\u00e4ttre utbyggt eln\u00e4t och genom att ge mer makt och st\u00f6rre valfrihet till konsumenterna, vilket ocks\u00e5 \u00e4r n\u00e5gra av de allra viktigaste prioriteringarna jag arbetar utifr\u00e5n som energiminister.<\/p>\n<p>&nbsp;<\/p>\n","protected":false},"excerpt":{"rendered":"<p>I Sverige har vi i grunden en god tillg\u00e5ng p\u00e5 el. En stor produktionskapacitet i vattenkraft och k\u00e4rnkraft ger oss den el vi beh\u00f6ver. De senaste \u00e5ren har dessa kraftslag kompletterats med allt mer f\u00f6rnybar el &#8211; fr\u00e4mst biobr\u00e4nslen men under senare tid \u00e4ven med den snabbt v\u00e4xande vindkraften. F\u00f6r att vi ska ha en&nbsp;<a href=\"http:\/\/annakarinhatt.se\/blogg\/strang-kyla-och-anstrangt-ellage\/\" class=\"read-more\">Continue Reading<\/a><\/p>\n","protected":false},"author":3,"featured_media":0,"comment_status":"open","ping_status":"open","sticky":false,"template":"","format":"standard","meta":{"ngg_post_thumbnail":0,"footnotes":""},"categories":[87],"tags":[111,83,99,112],"class_list":["post-1675","post","type-post","status-publish","format-standard","hentry","category-energi","tag-el","tag-energipolitik","tag-fornybar-energi","tag-karnkraft","cat-87-id"],"_links":{"self":[{"href":"http:\/\/annakarinhatt.se\/blogg\/wp-json\/wp\/v2\/posts\/1675","targetHints":{"allow":["GET"]}}],"collection":[{"href":"http:\/\/annakarinhatt.se\/blogg\/wp-json\/wp\/v2\/posts"}],"about":[{"href":"http:\/\/annakarinhatt.se\/blogg\/wp-json\/wp\/v2\/types\/post"}],"author":[{"embeddable":true,"href":"http:\/\/annakarinhatt.se\/blogg\/wp-json\/wp\/v2\/users\/3"}],"replies":[{"embeddable":true,"href":"http:\/\/annakarinhatt.se\/blogg\/wp-json\/wp\/v2\/comments?post=1675"}],"version-history":[{"count":6,"href":"http:\/\/annakarinhatt.se\/blogg\/wp-json\/wp\/v2\/posts\/1675\/revisions"}],"predecessor-version":[{"id":1681,"href":"http:\/\/annakarinhatt.se\/blogg\/wp-json\/wp\/v2\/posts\/1675\/revisions\/1681"}],"wp:attachment":[{"href":"http:\/\/annakarinhatt.se\/blogg\/wp-json\/wp\/v2\/media?parent=1675"}],"wp:term":[{"taxonomy":"category","embeddable":true,"href":"http:\/\/annakarinhatt.se\/blogg\/wp-json\/wp\/v2\/categories?post=1675"},{"taxonomy":"post_tag","embeddable":true,"href":"http:\/\/annakarinhatt.se\/blogg\/wp-json\/wp\/v2\/tags?post=1675"}],"curies":[{"name":"wp","href":"https:\/\/api.w.org\/{rel}","templated":true}]}}