{"id":1683,"date":"2012-02-02T21:04:19","date_gmt":"2012-02-02T20:04:19","guid":{"rendered":"http:\/\/annakarinhatt.se\/blogg\/?p=1683"},"modified":"2012-02-02T21:05:23","modified_gmt":"2012-02-02T20:05:23","slug":"karnkraftsbolagen-maste-klara-leveranssakerhet","status":"publish","type":"post","link":"http:\/\/annakarinhatt.se\/blogg\/karnkraftsbolagen-maste-klara-leveranssakerhet\/","title":{"rendered":"K\u00e4rnkraftsbolagen m\u00e5ste klara leveranss\u00e4kerhet"},"content":{"rendered":"<p>Den str\u00e4nga kylan och det stora elbehovet fortsatte ocks\u00e5 idag, liksom &#8211; dess v\u00e4rre &#8211; de stora problemen med bristande leveranss\u00e4kerhet i den svenska k\u00e4rnkraften. Fortsatt \u00e4r det bara 5 av 10 reaktorer som fungerar felfritt, och trots att behoven \u00e4r som st\u00f6rst just nu s\u00e5 m\u00e4ktar k\u00e4rnkraftsbolagen bara med att leverera 55 procent av den installerade effekten. Tack vare mycket vattenkraft, f\u00f6rnybar el, import och reservkraft klarar vi m\u00f6ta det svenska elbehovet. Men till priset av h\u00f6ga elpriser, vilket alltid drabbar den enskilde konsumenten.<\/p>\n<p>S\u00e5 sent som i september lovade k\u00e4rnkraftbolagen samf\u00e4llt att de frivilligt skulle se till s\u00e5 att planerade revisioner &#8211; dvs revisioner som inte f\u00f6ranleds av n\u00e5got akut s\u00e4kerhetsproblem &#8211; ska ske under \u00e5rets varma m\u00e5nader. Det \u00e4r ett l\u00f6fte som jag h\u00e5ller h\u00f6gt i minnet, och kommer vara noga med att f\u00f6lja upp. Sj\u00e4lvklart ska reaktorer stoppas om det kr\u00e4vs av s\u00e4kerhetssk\u00e4l, men en hel del av de bekymmer vi nu ser \u00e4r inte f\u00f6ranledda av det, utan av andra sk\u00e4l, och dessa stopp m\u00e5ste \u00e4garna se till att komma till r\u00e4tta med s\u00e5 att k\u00e4rnkraften kan leverera som b\u00e4st n\u00e4r behovet \u00e4r som st\u00f6rst.<\/p>\n<p>En av de saker som bekymrar mig allra mest \u00e4r de \u00e5terkommande och utdragna driftsproblemen vid k\u00e4rnkraftverket i Ringhals. F\u00f6r att f\u00e5 svar p\u00e5 vad dessa problem beror p\u00e5, och vad Vattenfall &#8211; som \u00e4r huvud\u00e4gare av Ringhals &#8211; t\u00e4nker g\u00f6ra f\u00f6r att s\u00e4kerst\u00e4lla att dessa problem inte \u00e5terkommer igen har jag kallat till mig Vattenfalls h\u00f6gsta ledning, och inom kort f\u00f6rv\u00e4ntar jag mig att f\u00e5 svar p\u00e5 alla de fr\u00e5gor jag och m\u00e5nga andra har av Vattenfall och Vattenfalls VD,\u00a0\u00d8ystein L\u00f8seth.<\/p>\n<p>Ett flertal medier har intervjuat mig p\u00e5 detta tema idag, d\u00e4ribland <a title=\"SR Ekot\" href=\"http:\/\/sverigesradio.se\/sida\/gruppsida.aspx?programid=83&amp;grupp=10974&amp;artikel=4944866\" target=\"_blank\">SR Ekot<\/a>, <a title=\"Svenska Dagbladet\" href=\"http:\/\/www.svd.se\/naringsliv\/nu-staller-ministern-elbolagen-mot-vaggen_6819383.svd\" target=\"_blank\">Svenska Dagbladet <\/a>och Dagens Industri.<\/p>\n","protected":false},"excerpt":{"rendered":"<p>Den str\u00e4nga kylan och det stora elbehovet fortsatte ocks\u00e5 idag, liksom &#8211; dess v\u00e4rre &#8211; de stora problemen med bristande leveranss\u00e4kerhet i den svenska k\u00e4rnkraften. Fortsatt \u00e4r det bara 5 av 10 reaktorer som fungerar felfritt, och trots att behoven \u00e4r som st\u00f6rst just nu s\u00e5 m\u00e4ktar k\u00e4rnkraftsbolagen bara med att leverera 55 procent av&nbsp;<a href=\"http:\/\/annakarinhatt.se\/blogg\/karnkraftsbolagen-maste-klara-leveranssakerhet\/\" class=\"read-more\">Continue Reading<\/a><\/p>\n","protected":false},"author":3,"featured_media":0,"comment_status":"open","ping_status":"open","sticky":false,"template":"","format":"standard","meta":{"ngg_post_thumbnail":0,"footnotes":""},"categories":[87],"tags":[83,112],"class_list":["post-1683","post","type-post","status-publish","format-standard","hentry","category-energi","tag-energipolitik","tag-karnkraft","cat-87-id"],"_links":{"self":[{"href":"http:\/\/annakarinhatt.se\/blogg\/wp-json\/wp\/v2\/posts\/1683","targetHints":{"allow":["GET"]}}],"collection":[{"href":"http:\/\/annakarinhatt.se\/blogg\/wp-json\/wp\/v2\/posts"}],"about":[{"href":"http:\/\/annakarinhatt.se\/blogg\/wp-json\/wp\/v2\/types\/post"}],"author":[{"embeddable":true,"href":"http:\/\/annakarinhatt.se\/blogg\/wp-json\/wp\/v2\/users\/3"}],"replies":[{"embeddable":true,"href":"http:\/\/annakarinhatt.se\/blogg\/wp-json\/wp\/v2\/comments?post=1683"}],"version-history":[{"count":4,"href":"http:\/\/annakarinhatt.se\/blogg\/wp-json\/wp\/v2\/posts\/1683\/revisions"}],"predecessor-version":[{"id":1687,"href":"http:\/\/annakarinhatt.se\/blogg\/wp-json\/wp\/v2\/posts\/1683\/revisions\/1687"}],"wp:attachment":[{"href":"http:\/\/annakarinhatt.se\/blogg\/wp-json\/wp\/v2\/media?parent=1683"}],"wp:term":[{"taxonomy":"category","embeddable":true,"href":"http:\/\/annakarinhatt.se\/blogg\/wp-json\/wp\/v2\/categories?post=1683"},{"taxonomy":"post_tag","embeddable":true,"href":"http:\/\/annakarinhatt.se\/blogg\/wp-json\/wp\/v2\/tags?post=1683"}],"curies":[{"name":"wp","href":"https:\/\/api.w.org\/{rel}","templated":true}]}}