{"id":1688,"date":"2012-02-04T13:29:28","date_gmt":"2012-02-04T12:29:28","guid":{"rendered":"http:\/\/annakarinhatt.se\/blogg\/?p=1688"},"modified":"2012-02-04T13:29:28","modified_gmt":"2012-02-04T12:29:28","slug":"smarta-elnat-ger-konsumenten-makt-och-mojlighet-att-paverka","status":"publish","type":"post","link":"http:\/\/annakarinhatt.se\/blogg\/smarta-elnat-ger-konsumenten-makt-och-mojlighet-att-paverka\/","title":{"rendered":"Smarta eln\u00e4t ger konsumenten makt och m\u00f6jlighet att p\u00e5verka"},"content":{"rendered":"<p>Ig\u00e5r och idag har 580 centerpartister som sitter som beslutsfattare och makthavare i lokala, regionala, nationella och internationella fora varit samlade i V\u00e4ster\u00e5s f\u00f6r \u00e5rets Kommundagar. Tv\u00e5 dagar med gott om inspiration och m\u00e5nga h\u00e4rliga och intressanta m\u00f6ten med centerpartister fr\u00e5n hela landet.<\/p>\n<p>Sj\u00e4lv medverkade jag under f\u00f6rmiddagen idag genom att tala p\u00e5 ett seminarium om hur globala klimatutmaningar kan bli till jobb och tillv\u00e4xt i Sverige, och om hur smarta eln\u00e4t \u00e4r det som kommer att ge oss som konsumenter makt att p\u00e5verka v\u00e5ra elkostnader, men ocks\u00e5 m\u00f6jlighet att ta ansvar och p\u00e5verka s\u00e5 att vi minskar koldioxidutsl\u00e4ppen fr\u00e5n energisektorn och drar v\u00e5rt str\u00e5 till stacken n\u00e4r det g\u00e4ller att hejda uppv\u00e4rmningen av klotet.<\/p>\n<p>Mitt tal f\u00f6ljdes av ett inspirerande anf\u00f6rande av ABB:s VD Johan S\u00f6derstr\u00f6m, som beskrev hur ABB helt och h\u00e5llet st\u00e5r bakom de prioriteringar jag angivit som energiminister, och hur de arbetar f\u00f6r att i sitt f\u00f6retag utveckla och erbjuda de l\u00f6sningar som kr\u00e4vs f\u00f6r att vi ska kunna st\u00e4lla om till ett l\u00e5ngsiktigt h\u00e5llbart energisystem, f\u00f6r att vi ska kunna st\u00e4rka den enskilde konsumentens st\u00e4llning p\u00e5 energimarknaderna och f\u00f6r att vi ska kunna \u00f6ka den svenska milj\u00f6teknikexporten. Dessutom deltog Carin Torstensson fr\u00e5n Interactive Institute, som lyfte fram hur viktigt det \u00e4r att konsumenterna f\u00e5r anv\u00e4ndarv\u00e4nliga l\u00f6sningar som p\u00e5 ett l\u00e4tttillg\u00e4ngligt och pedagogiskt s\u00e4tt presenterar den information man beh\u00f6ver f\u00f6r att kunna g\u00f6ra aktiva energival &#8211; t.ex. kring hur mycket man f\u00f6rbrukar och n\u00e4r, vad det kostar eller hur mycket man producerar om man satt solceller p\u00e5 det egna taket.<\/p>\n<p>Hur skall vi d\u00e5 klara detta i praktiken? Hur skall vi f\u00e5 in en s\u00e5 stor andel ny f\u00f6rnybar energi i v\u00e5r elf\u00f6rs\u00f6rjning? Hur skall vi hantera att allt mer utrustning och rutiner i v\u00e5r vardag och v\u00e5rt arbete f\u00f6ruts\u00e4tter el? Hur skall vi klara att anv\u00e4nda energin mer effektivt?<\/p>\n<p><!--more-->En utmaning \u00e4r dagens kraftn\u00e4t, som inte \u00e4r byggda f\u00f6r att klara den utveckling vi har framf\u00f6r oss. Den gamla tidens kraftn\u00e4t byggdes i en annan tid och f\u00f6r att l\u00f6sa en t\u00e4mligen enkel uppgift \u2013 att se till s\u00e5 att ett litet antal stora anl\u00e4ggningar &#8211; vattenkraft och sedermera k\u00e4rnkraft &#8211; genom fungerande eln\u00e4t kunde mata ut stora m\u00e4ngder el i stora nationella kraftledningar till slutanv\u00e4ndaren, via ett eln\u00e4t som blev allt mer finmaskigt ju n\u00e4rmare anv\u00e4ndaren man kom.<\/p>\n<p>Men den uppgift eln\u00e4tet ska l\u00f6sa inf\u00f6r morgondagen \u00e4r en helt annan, l\u00e5ngt mer avancerad. Morgondagens energisystem kommer ha ett l\u00e5ngt st\u00f6rre antal sm\u00e5 producenter som producerar el mer oj\u00e4mnt. Vi vet att den sm\u00e5skaliga vinden och solenergin kommer att v\u00e4xa, inte minst n\u00e4r m\u00f6jligheterna blir st\u00f6rre f\u00f6r oss som privatpersoner att delta i energiproduktionen. Och vi vet att redan idag st\u00e5r privatpersoner och lantbrukare i v\u00e5rt grannland Tyskland f\u00f6r h\u00e4lften av landets samlade f\u00f6rnybara elproduktion, fr\u00e4mst genom vindkraft och solel.<\/p>\n<p>Sol och vind \u00e4r f\u00f6rnybara energik\u00e4llor, och de \u00e4r l\u00e5ngsiktigt h\u00e5llbara energialternativ. Men de \u00e4r ocks\u00e5 v\u00e4derberoende, d\u00e4r de naturliga f\u00f6ruts\u00e4ttningarna kommer att ge en variation och of\u00f6ruts\u00e4gbarhet i produktionen. Bl\u00e5ser det bra kommer vi f\u00e5 mycket vindkraftsel. Skiner solen mycket kommer solelen bidra med mycket f\u00f6rnybar el.<\/p>\n<p>Samtidigt lever vi allt mer elintensiva liv som konsumenter. Vi anv\u00e4nder allt fler elektriska apparater och hela tiden uppst\u00e5r nya omr\u00e5den som kr\u00e4ver el f\u00f6r att fungera. Och n\u00e4r vi ska n\u00e5 m\u00e5let om att den svenska fordonsflottan ska vara oberoende av fossila br\u00e4nslen till 2030 kommer vi bland mycket annat driva fram en \u00f6kad elanv\u00e4ndning inom transporterna, d\u00e4r vi redan nu kan se hur fungerande och konkurrenskraftiga elbilar b\u00f6rjar bli verklighet.<\/p>\n<p>Och som om det inte vore nog med det s\u00e5 vet vi att Sverige sedan l\u00e5ng tid tillbaka \u00e4r ett land med en stor elintensiv industri \u2013 st\u00e5l, papper och malm \u2013 som \u00e4r oerh\u00f6rt viktig f\u00f6r Sverige och dominerar v\u00e5r export.<\/p>\n<p>Allt detta sammantaget inneb\u00e4r att vi har och kommer att ha en elanv\u00e4ndning i Sverige som b\u00e5de \u00e4r stor och varierande, beroende p\u00e5 dygnsrytm, v\u00e4der, konjunktur och s\u00e4song. Det st\u00e4ller stora krav p\u00e5, och inneb\u00e4r nya utmaningar f\u00f6r, v\u00e5r elanv\u00e4ndning, v\u00e5r elproduktion och v\u00e5rt eln\u00e4t.<\/p>\n<p>Alla dessa utmaningar m\u00e5ste hanteras p\u00e5 en och samma g\u00e5ng, f\u00f6r de p\u00e5verkar alla varandra. Och det \u00e4r h\u00e4r som begreppet \u201dSmarta eln\u00e4t\u201d kommer in, eller det som p\u00e5 engelska kallas \u201dSmart grids\u201d. \u00c4ven om det kan l\u00e5ta s\u00e5 s\u00e5 \u00e4r inte smarta eln\u00e4t ett enskilt fysiskt eln\u00e4t utan ett begrepp som beskriver ett helt system &#8211; det fysiska eln\u00e4tet, elproducenten, dig som kund, energilagring, kommunikation och de avancerade systeml\u00f6sningarna. Smarta eln\u00e4t beskriver framtidens moderna eln\u00e4t, som p\u00e5 ett helt annat s\u00e4tt \u00e4n idag anv\u00e4nder informationsteknik f\u00f6r att f\u00f6rse oss med l\u00f6pande information t.ex. om hur energifl\u00f6dena ser ut i eln\u00e4tet. Information som vi sedan \u2013 som konsumenter &#8211; kan anv\u00e4nda f\u00f6r att styra v\u00e5r energianv\u00e4ndning och anpassa efter behov och priser.<\/p>\n<p>Om man vill kan man likna smarta eln\u00e4t vid en slags \u201dinternet f\u00f6r kraftsystemet\u201d. Smarta eln\u00e4t \u00e4r det som p\u00e5 allvar kommer \u00f6ppna f\u00f6r aktiva konsumenter. Tack vare de smarta n\u00e4ten blir det l\u00e4ttare f\u00f6r elproducenter och elkonsumenter att anpassa sin elproduktion och elkonsumtion till exempel utifr\u00e5n vilket pris som g\u00e4ller vid en s\u00e4rskild tidpunkt. Och det \u00f6ppnar f\u00f6r att anv\u00e4nda hela kraftsystemet mer flexibelt och att nyttja n\u00e4tet mer effektivt \u00e4n idag.<\/p>\n<p>Smarta eln\u00e4t och smarta elm\u00e4tare rymmer stora m\u00f6jligheter. Exakt hur mycket energi som ett enskilt hush\u00e5ll skulle kunna spara med hj\u00e4lp av smarta elm\u00e4tare varierar f\u00f6rst\u00e5s mycket &#8211; beroende p\u00e5 vilka vanor man har och beroende p\u00e5 vilken studie man tittar p\u00e5. Men det finns studier som pekar p\u00e5 att det kan finnas en besparingspotential p\u00e5 s\u00e5 mycket som 40 procent. Och EU-kommissionen talar om m\u00f6jligheter att generellt minska energi\u00e5tg\u00e5ngen med 10 procent.<\/p>\n<p>Men smarta eln\u00e4t kan ocks\u00e5 bidra till minskad klimatp\u00e5verkan. En rapport fr\u00e5n amerikanska energidepartementet fr\u00e5n 2010 pekar p\u00e5 att man genom att kombinera smarta eln\u00e4t med information, och b\u00e4ttre energianv\u00e4ndning och energiproduktion, skulle kunna minska de amerikanska koldioxidutsl\u00e4ppen med hela 12 procent till \u00e5r 2030.<\/p>\n<p>Och samtidigt kan smarta eln\u00e4t g\u00f6ra stor skillnad i m\u00e4nniskors pl\u00e5nb\u00f6cker. F\u00f6r vi vet att om svenska konsumenter f\u00e5r chansen att sj\u00e4lva styra sin f\u00f6rbrukning till de tider p\u00e5 dygnet n\u00e4r elpriset \u00e4r som l\u00e4gst kan de tillsammans spara n\u00e5gonstans mellan 100 miljoner och 1 miljard \u2013 per \u00e5r.<\/p>\n<p>Och den h\u00e4r utvecklingen ligger inte s\u00e5 l\u00e5ngt bort som man kan tro. Redan idag kan man g\u00e5 in p\u00e5 t.ex. Claes Ohlsson och k\u00f6pa en lampa som kan styras via ett tr\u00e5dl\u00f6st hemman\u00e4tverk, eller en badrumsv\u00e5g som rapporterar vikten till ens mobiltelefon. Och i framtiden kommer f\u00f6rmodligen varje elektriskt f\u00f6rem\u00e5l, varje applikation, och varje lampa, att ha sin egen identitet. Allt det som kan kopplas upp mot n\u00e4tet kommer ocks\u00e5 g\u00f6ra det, och v\u00e5rt eln\u00e4t m\u00e5ste byggas f\u00f6r att klara av att dra f\u00f6rdelarna av det.<\/p>\n<p>Och Sverige har goda f\u00f6ruts\u00e4ttningar. Vi ligger i t\u00e4ten inom EU och v\u00e4rlden n\u00e4r det g\u00e4ller andelen smarta elm\u00e4tare i v\u00e5ra hem. Hela 90 procent av elm\u00e4tarna i Sverige kan redan idag betecknas som \u201dsmarta\u201d, vilket inneb\u00e4r att det i de allra flesta svenska hemmen redan finns en elm\u00e4tare som t.ex. skulle kunna hantera en n\u00e4stan st\u00e4ndig distansavl\u00e4sning av elf\u00f6rbrukning och i vissa fall \u00e4ven styrning. Det ska j\u00e4mf\u00f6ras med \u00f6vriga EU d\u00e4r bara var tionde elm\u00e4tare \u00e4r \u201dsmart\u201d och d\u00e4r m\u00e5ls\u00e4ttningen f\u00f6r hela EU \u00e4r att andelen smarta elm\u00e4tare ska vara 80 procent om 8 \u00e5r.<\/p>\n<p>Vi har en bra infrastruktur, men vi har ocks\u00e5 framst\u00e5ende svenska f\u00f6retag, inte minst ABB. F\u00f6retag som \u00e4r globala leverant\u00f6rer av den nya tekniken och som bidrar till att den implementeras p\u00e5 hemmaplan. Och vi har sp\u00e4nnande och l\u00e5ngtg\u00e5ende f\u00f6rs\u00f6ksprojekt p\u00e5 b\u00e5de Gotland och i Norra Djurg\u00e5rdsstaden i Stockholm d\u00e4r de nya l\u00f6sningarna nu h\u00e5ller p\u00e5 att introduceras i nyproducerade smarta hus.<\/p>\n<p>Fr\u00e5n regeringens sida vill vi driva p\u00e5 denna sp\u00e4nnande, angel\u00e4gna utveckling. Vi vill att Sverige bygger den nya infrastrukturen och att Svenska elkunder tar till sig de nya l\u00f6sningarna, s\u00e5 att Sverige kan bli ett f\u00f6reg\u00e5ngsland.<\/p>\n<p>Utvecklingen av smarta eln\u00e4t \u00e4r f\u00f6rsta hand inget som ska byggas uppifr\u00e5n, fr\u00e5n statens sida. Det \u00e4r utveckling som vinner p\u00e5 att vara marknadsdriven och efterfr\u00e5gas av dig som kund, men d\u00e4r staten kan och ska spela en viktig roll f\u00f6r att undanr\u00f6ja hinder f\u00f6r utvecklingen. Och d\u00e4r kan var och en g\u00f6ra en insats. Genom att efterfr\u00e5ga timm\u00e4tning fr\u00e5n ditt elbolag, eller k\u00f6pa den d\u00e4r mobilappen som visar din elf\u00f6rbrukning d\u00e4r hemma. Allt detta \u00e4r s\u00e5dant som driver p\u00e5 utvecklingen, och som Svenska f\u00f6retag kan leverera.<\/p>\n<p>Samtidigt finns inget helhetsgrepp kring smarta eln\u00e4t. Olika akt\u00f6rer har olika kunskap och det finns ingen samlad bild av de insatser som g\u00f6rs. Vi vill \u00e4ndra p\u00e5 det. D\u00e4rf\u00f6r vill regeringen skapa en f\u00e4rdplan f\u00f6r att driva p\u00e5 utvecklingen. En plan d\u00e4r vi identifierar m\u00f6jligheterna och hindren p\u00e5 v\u00e4gen. Och d\u00e4rf\u00f6r kommer jag inom kort lansera ett r\u00e5d f\u00f6r smarta eln\u00e4t som skall samla kunskapen i Sverige och ta fram en gemensam svensk handlingsplan.<\/p>\n<p>Om vi g\u00f6r det bra kommer Sverige att bli ett f\u00f6reg\u00e5ngsland, vilket kommer gynna milj\u00f6n och klimatet, men ocks\u00e5 skapa arbetstillf\u00e4llen och v\u00e4lf\u00e4rd. Och om de l\u00f6sningar vi lyckas till\u00e4mpa p\u00e5 ett framg\u00e5ngsrikt s\u00e4tt i Sverige kan till\u00e4mpas i andra l\u00e4nder ger detta en m\u00e5ngdubblad nytta. Vi st\u00e4rker v\u00e5r export, samtidigt som bra l\u00f6sningar f\u00e5r st\u00f6rre spridning. N\u00e4r ett f\u00f6retag som ABB bygger 200 laddstolpar f\u00f6r elbilar i Estland \u00e4r det inte bara ett steg mot en fossiloberoende fordonsflotta i Estland, utan ocks\u00e5 n\u00e5got som gynnar Sverige och v\u00e5r tillv\u00e4xt.<\/p>\n<p>Utmaningarna finns h\u00e4r och nu.<\/p>\n<p>Varenda sekund br\u00e4nner vi 130 liter olja p\u00e5 planeten.<\/p>\n<p>Varenda sekund br\u00e4nner vi n\u00e4rmare 230 kilo kol globalt.<\/p>\n<p>Sammantaget blir det till gigantiska sj\u00f6ar av olja, till stora berg av kol, som varje sekund bidrar till att halten av v\u00e4xthusgaser i luften \u00f6kar och d\u00e4rmed h\u00f6jer planetens medeltemperatur. Forts\u00e4tter vi samma takt som nu riskerar vi v\u00e4rstafallscenariot, d\u00e4r vi inte l\u00e4ngre ser de direkta effekterna av ett f\u00f6r\u00e4ndrat klimat p\u00e5 tv, utan i praktiken kan f\u00e5 uppleva det sj\u00e4lva.<\/p>\n<p>Utmaningarna \u00e4r stora, men de kan \u00f6vervinnas. Energifr\u00e5gorna \u00e4r en nyckel till det och vi \u00e4r alla en del i det arbetet \u2013 varje dag: som politiker och beslutsfattare liksom som medborgare och konsumenter.<\/p>\n<p>Det land som tar t\u00e4ten f\u00f6r att \u00f6vervinna v\u00e5ra gemensamma globala klimatutmaningar kommer ocks\u00e5 vara framtidens vinnare. Jag vill att det landet ska stavas Sverige och att det land som Centerpartiet \u00e4r med och leder ska vara framtidens vinnarland.<\/p>\n","protected":false},"excerpt":{"rendered":"<p>Ig\u00e5r och idag har 580 centerpartister som sitter som beslutsfattare och makthavare i lokala, regionala, nationella och internationella fora varit samlade i V\u00e4ster\u00e5s f\u00f6r \u00e5rets Kommundagar. Tv\u00e5 dagar med gott om inspiration och m\u00e5nga h\u00e4rliga och intressanta m\u00f6ten med centerpartister fr\u00e5n hela landet. Sj\u00e4lv medverkade jag under f\u00f6rmiddagen idag genom att tala p\u00e5 ett seminarium&nbsp;<a href=\"http:\/\/annakarinhatt.se\/blogg\/smarta-elnat-ger-konsumenten-makt-och-mojlighet-att-paverka\/\" class=\"read-more\">Continue Reading<\/a><\/p>\n","protected":false},"author":3,"featured_media":0,"comment_status":"open","ping_status":"open","sticky":false,"template":"","format":"standard","meta":{"ngg_post_thumbnail":0,"footnotes":""},"categories":[87],"tags":[103,113],"class_list":["post-1688","post","type-post","status-publish","format-standard","hentry","category-energi","tag-miljoteknik","tag-smarta-elnat","cat-87-id"],"_links":{"self":[{"href":"http:\/\/annakarinhatt.se\/blogg\/wp-json\/wp\/v2\/posts\/1688","targetHints":{"allow":["GET"]}}],"collection":[{"href":"http:\/\/annakarinhatt.se\/blogg\/wp-json\/wp\/v2\/posts"}],"about":[{"href":"http:\/\/annakarinhatt.se\/blogg\/wp-json\/wp\/v2\/types\/post"}],"author":[{"embeddable":true,"href":"http:\/\/annakarinhatt.se\/blogg\/wp-json\/wp\/v2\/users\/3"}],"replies":[{"embeddable":true,"href":"http:\/\/annakarinhatt.se\/blogg\/wp-json\/wp\/v2\/comments?post=1688"}],"version-history":[{"count":3,"href":"http:\/\/annakarinhatt.se\/blogg\/wp-json\/wp\/v2\/posts\/1688\/revisions"}],"predecessor-version":[{"id":1691,"href":"http:\/\/annakarinhatt.se\/blogg\/wp-json\/wp\/v2\/posts\/1688\/revisions\/1691"}],"wp:attachment":[{"href":"http:\/\/annakarinhatt.se\/blogg\/wp-json\/wp\/v2\/media?parent=1688"}],"wp:term":[{"taxonomy":"category","embeddable":true,"href":"http:\/\/annakarinhatt.se\/blogg\/wp-json\/wp\/v2\/categories?post=1688"},{"taxonomy":"post_tag","embeddable":true,"href":"http:\/\/annakarinhatt.se\/blogg\/wp-json\/wp\/v2\/tags?post=1688"}],"curies":[{"name":"wp","href":"https:\/\/api.w.org\/{rel}","templated":true}]}}