{"id":1694,"date":"2012-02-06T15:56:20","date_gmt":"2012-02-06T14:56:20","guid":{"rendered":"http:\/\/annakarinhatt.se\/blogg\/?p=1694"},"modified":"2012-02-06T16:46:09","modified_gmt":"2012-02-06T15:46:09","slug":"upp-till-bevis","status":"publish","type":"post","link":"http:\/\/annakarinhatt.se\/blogg\/upp-till-bevis\/","title":{"rendered":"Upp till bevis"},"content":{"rendered":"<p>Att kyla och k\u00e4rnkraftverk som st\u00e5r still varit n\u00e5got av ett tema f\u00f6r mig\u00a0senaste tiden har v\u00e4l inte undg\u00e5tt m\u00e5nga. Den h\u00e4r veckan och dagen b\u00f6rjade p\u00e5 samma tema med det m\u00f6te jag beg\u00e4rt med Vattenfall och dess VD \u00d8ystein L\u00f8seth.<\/p>\n<p>L\u00f8seth\u00a0redogjorde f\u00f6r hur Vattenfall ser p\u00e5 de senaste \u00e5rens driftsproblem, som har haft p\u00e5tagliga effekter p\u00e5 elmarknaden och konsumenterna. Dessutom redovisade han Vattenfalls planer f\u00f6r sin drift och sitt underh\u00e5ll det kommande \u00e5ret. Sj\u00e4lva g\u00f6r Vattenfall bed\u00f6mningen att de kommer att kunna leverera b\u00e4ttre i \u00e5r \u00e4n de klarat av tidigare \u00e5r.<\/p>\n<p>F\u00f6r m\u00e5nga l\u00e5ter ju de l\u00f6ftena ganska bekanta. Och historiskt har det ju visat sig att det varit sv\u00e5rt att lita p\u00e5 prognoserna och bed\u00f6mningarna. Den f\u00f6rhandsinformation Vattenfall gett f\u00f6r de senaste vintrarna har varit os\u00e4ker och v\u00e4l optimistisk och planerade revisioner har m\u00e5nga g\u00e5nger tagit mycket l\u00e4ngre tid \u00e4n man t\u00e4nkt.<\/p>\n<p>Vattenfall har nu ett stort ansvar f\u00f6r att h\u00e5lla anv\u00e4ndare och konsumenter informerade om vad som sker och vilka \u00e5tg\u00e4rder man vidtar f\u00f6r att h\u00f6ja s\u00e4kerhetsniv\u00e5erna och f\u00f6rb\u00e4ttra leveranss\u00e4kerheten. Det \u00e4r deras trov\u00e4rdighet det handlar om och det \u00e4r de som m\u00e5ste bevisa att de faktiskt kan leverera drifts\u00e4ker el, med en h\u00f6g s\u00e4kerhetsniv\u00e5. Det elmarknaden och svenska konsumenter beh\u00f6ver \u00e4r \u00a0nu \u00e4r inte fler l\u00f6ften, utan att de redan givna l\u00f6ftena f\u00f6ljs av konkret handling.<\/p>\n<p>Sj\u00e4lvklart kommer jag se till att h\u00e5lla mig s\u00e4rskilt v\u00e4l informerad kring vad som h\u00e4nder. Just d\u00e4rf\u00f6r kommer jag efter den vinters\u00e4song vi nu \u00e4r mitt uppe i kalla till mig inte bara Vattenfall utan \u00e4ven Eon och Fortum, dvs. samtliga v\u00e5ra svenska k\u00e4rnkrafts\u00e4gare.<\/p>\n<p>D\u00e5 v\u00e4ntar en utv\u00e4rdering av hur de klarat att uppr\u00e4tth\u00e5lla tillg\u00e4ngligheten under vintern och hur de levt upp till de ambitioner och de l\u00f6ften de uttalat f\u00f6re densamma, men ocks\u00e5 adressera fr\u00e5gan om hur tillg\u00e4ngligheten ska kunna bli b\u00e4ttre kommande vintrar.<\/p>\n<p><a title=\"TT\" href=\"http:\/\/svt.se\/svt\/jsp\/Crosslink.jsp?d=27055&amp;a=2701054\" target=\"_blank\">TT<\/a> har, vid sidan av flera andra medier, skrivit om dagens m\u00f6te.<\/p>\n","protected":false},"excerpt":{"rendered":"<p>Att kyla och k\u00e4rnkraftverk som st\u00e5r still varit n\u00e5got av ett tema f\u00f6r mig\u00a0senaste tiden har v\u00e4l inte undg\u00e5tt m\u00e5nga. Den h\u00e4r veckan och dagen b\u00f6rjade p\u00e5 samma tema med det m\u00f6te jag beg\u00e4rt med Vattenfall och dess VD \u00d8ystein L\u00f8seth. L\u00f8seth\u00a0redogjorde f\u00f6r hur Vattenfall ser p\u00e5 de senaste \u00e5rens driftsproblem, som har haft p\u00e5tagliga&nbsp;<a href=\"http:\/\/annakarinhatt.se\/blogg\/upp-till-bevis\/\" class=\"read-more\">Continue Reading<\/a><\/p>\n","protected":false},"author":3,"featured_media":0,"comment_status":"open","ping_status":"open","sticky":false,"template":"","format":"standard","meta":{"ngg_post_thumbnail":0,"footnotes":""},"categories":[87],"tags":[115,112,114],"class_list":["post-1694","post","type-post","status-publish","format-standard","hentry","category-energi","tag-elpris","tag-karnkraft","tag-vattenfall","cat-87-id"],"_links":{"self":[{"href":"http:\/\/annakarinhatt.se\/blogg\/wp-json\/wp\/v2\/posts\/1694","targetHints":{"allow":["GET"]}}],"collection":[{"href":"http:\/\/annakarinhatt.se\/blogg\/wp-json\/wp\/v2\/posts"}],"about":[{"href":"http:\/\/annakarinhatt.se\/blogg\/wp-json\/wp\/v2\/types\/post"}],"author":[{"embeddable":true,"href":"http:\/\/annakarinhatt.se\/blogg\/wp-json\/wp\/v2\/users\/3"}],"replies":[{"embeddable":true,"href":"http:\/\/annakarinhatt.se\/blogg\/wp-json\/wp\/v2\/comments?post=1694"}],"version-history":[{"count":6,"href":"http:\/\/annakarinhatt.se\/blogg\/wp-json\/wp\/v2\/posts\/1694\/revisions"}],"predecessor-version":[{"id":1700,"href":"http:\/\/annakarinhatt.se\/blogg\/wp-json\/wp\/v2\/posts\/1694\/revisions\/1700"}],"wp:attachment":[{"href":"http:\/\/annakarinhatt.se\/blogg\/wp-json\/wp\/v2\/media?parent=1694"}],"wp:term":[{"taxonomy":"category","embeddable":true,"href":"http:\/\/annakarinhatt.se\/blogg\/wp-json\/wp\/v2\/categories?post=1694"},{"taxonomy":"post_tag","embeddable":true,"href":"http:\/\/annakarinhatt.se\/blogg\/wp-json\/wp\/v2\/tags?post=1694"}],"curies":[{"name":"wp","href":"https:\/\/api.w.org\/{rel}","templated":true}]}}