{"id":1985,"date":"2012-04-19T11:41:00","date_gmt":"2012-04-19T09:41:00","guid":{"rendered":"http:\/\/annakarinhatt.se\/blogg\/?p=1985"},"modified":"2012-04-19T11:41:00","modified_gmt":"2012-04-19T09:41:00","slug":"ett-steg-for-tryggare-och-battre-elforsorjning","status":"publish","type":"post","link":"http:\/\/annakarinhatt.se\/blogg\/ett-steg-for-tryggare-och-battre-elforsorjning\/","title":{"rendered":"Ett steg f\u00f6r tryggare och b\u00e4ttre elf\u00f6rs\u00f6rjning"},"content":{"rendered":"<p>Vid dagens regeringssammantr\u00e4de har regeringen gett klartecken till den s\u00f6dra delen av kraftledningen Sydv\u00e4stl\u00e4nken, som kommer bli en av de st\u00f6rsta som byggts i Sverige. V\u00e5r utmaning att st\u00e4lla om till ett h\u00e5llbart energisystem handlar inte bara om att f\u00e5 in mer f\u00f6rnybar energi, utan ocks\u00e5 om att se till att det finns bra \u00f6verf\u00f6ringsm\u00f6jligheter f\u00f6r denna. D\u00e4rf\u00f6r storsatsar nu regeringen med mer \u00e4n 3,5 miljarder kronor per \u00e5r de kommande tio \u00e5ren p\u00e5 att bygga ut eln\u00e4tet i Sverige. Bara sydv\u00e4stl\u00e4nken \u00e4r en satsning p\u00e5 \u00f6ver 7 miljarder.<\/p>\n<p>Detta kommer ocks\u00e5 att ha betydelse f\u00f6r elkunder och f\u00f6retag i s\u00f6dra Sverige. Efter krav fr\u00e5n EU har vi sedan november f\u00f6rra \u00e5ret en indelning av Sverige i elomr\u00e5den d\u00e4r priset s\u00e4tts utifr\u00e5n tillg\u00e5ng och efterfr\u00e5gan i olika delar av landet. I s\u00f6dra Sverige \u00e4r produktionen l\u00e5g och konsumtionen h\u00f6g. N\u00e4r till exempel k\u00e4rnkraften stod stilla i vintras p\u00e5verkade detta \u00f6verf\u00f6ringen till s\u00f6dra Sverige och priset blev d\u00e4rf\u00f6r tidvis h\u00f6gre. Det finns tv\u00e5 s\u00e4tt att motverka dessa prisskillnader; att bygga mer elproduktion och att bygga mer el-\u00f6verf\u00f6ring.<\/p>\n<p>Just nu sl\u00e5r den f\u00f6rnybara energin rekord i tillv\u00e4xt, men det \u00e4r fortfarande den storskaliga elproduktionen i vatten- och k\u00e4rnkraft som dominerar. Och mycket av den elproduktionen finns i mellersta och norra Sverige, medan m\u00e5nga konsumenter finns i s\u00f6dra. Genom sydv\u00e4stl\u00e4nken kommer \u00f6verf\u00f6ringskapaciteten till s\u00f6dra Sverige \u00f6ka med ungef\u00e4r 25 procent. N\u00e4r efterfr\u00e5gan toppar i s\u00f6dra Sverige inneb\u00e4r det att den kommer  kunna m\u00f6tas p\u00e5 ett helt annat s\u00e4tt med kraft\u00f6verf\u00f6ring fr\u00e5n \u00f6vriga delar av landet liksom fr\u00e5n Norge, vilket kommer leda till att priset j\u00e4mnas ut. Samtidigt f\u00e5r vi ett starkare eln\u00e4t som b\u00e4ttre klarar p\u00e5frestningar och stormar.<br \/>\n<a href=\"http:\/\/sverigesradio.se\/sida\/artikel.aspx?programid=83&amp;artikel=5071495\" target=\"_blank\">Ekot <\/a>och <a href=\"http:\/\/web.retriever-info.com\/services\/archive.html?method=displayDocument&amp;documentId=050806201204191AA988348E8A6E1D45D54F318418A43B&amp;serviceId=2\" target=\"_blank\">TT <\/a> rapporterar om detta idag.<\/p>\n","protected":false},"excerpt":{"rendered":"<p>Vid dagens regeringssammantr\u00e4de har regeringen gett klartecken till den s\u00f6dra delen av kraftledningen Sydv\u00e4stl\u00e4nken, som kommer bli en av de st\u00f6rsta som byggts i Sverige. V\u00e5r utmaning att st\u00e4lla om till ett h\u00e5llbart energisystem handlar inte bara om att f\u00e5 in mer f\u00f6rnybar energi, utan ocks\u00e5 om att se till att det finns bra \u00f6verf\u00f6ringsm\u00f6jligheter&nbsp;<a href=\"http:\/\/annakarinhatt.se\/blogg\/ett-steg-for-tryggare-och-battre-elforsorjning\/\" class=\"read-more\">Continue Reading<\/a><\/p>\n","protected":false},"author":3,"featured_media":0,"comment_status":"open","ping_status":"open","sticky":false,"template":"","format":"standard","meta":{"ngg_post_thumbnail":0,"footnotes":""},"categories":[87],"tags":[],"class_list":["post-1985","post","type-post","status-publish","format-standard","hentry","category-energi","cat-87-id"],"_links":{"self":[{"href":"http:\/\/annakarinhatt.se\/blogg\/wp-json\/wp\/v2\/posts\/1985","targetHints":{"allow":["GET"]}}],"collection":[{"href":"http:\/\/annakarinhatt.se\/blogg\/wp-json\/wp\/v2\/posts"}],"about":[{"href":"http:\/\/annakarinhatt.se\/blogg\/wp-json\/wp\/v2\/types\/post"}],"author":[{"embeddable":true,"href":"http:\/\/annakarinhatt.se\/blogg\/wp-json\/wp\/v2\/users\/3"}],"replies":[{"embeddable":true,"href":"http:\/\/annakarinhatt.se\/blogg\/wp-json\/wp\/v2\/comments?post=1985"}],"version-history":[{"count":7,"href":"http:\/\/annakarinhatt.se\/blogg\/wp-json\/wp\/v2\/posts\/1985\/revisions"}],"predecessor-version":[{"id":1992,"href":"http:\/\/annakarinhatt.se\/blogg\/wp-json\/wp\/v2\/posts\/1985\/revisions\/1992"}],"wp:attachment":[{"href":"http:\/\/annakarinhatt.se\/blogg\/wp-json\/wp\/v2\/media?parent=1985"}],"wp:term":[{"taxonomy":"category","embeddable":true,"href":"http:\/\/annakarinhatt.se\/blogg\/wp-json\/wp\/v2\/categories?post=1985"},{"taxonomy":"post_tag","embeddable":true,"href":"http:\/\/annakarinhatt.se\/blogg\/wp-json\/wp\/v2\/tags?post=1985"}],"curies":[{"name":"wp","href":"https:\/\/api.w.org\/{rel}","templated":true}]}}