{"id":1994,"date":"2012-04-24T20:45:00","date_gmt":"2012-04-24T18:45:00","guid":{"rendered":"http:\/\/annakarinhatt.se\/blogg\/?p=1994"},"modified":"2012-04-24T21:09:15","modified_gmt":"2012-04-24T19:09:15","slug":"morgondagens-hallbara-framtid-lagger-vi-grunden-for-idag","status":"publish","type":"post","link":"http:\/\/annakarinhatt.se\/blogg\/morgondagens-hallbara-framtid-lagger-vi-grunden-for-idag\/","title":{"rendered":"Morgondagens h\u00e5llbara framtid l\u00e4gger vi grunden f\u00f6r idag"},"content":{"rendered":"<p>En av de f\u00f6rsta h\u00e4ndelser som \u00f6ver huvud taget skapade en internationell milj\u00f6debatt var biologen Rachel Carsons bok \u201dTyst v\u00e5r\u201d i b\u00f6rjan p\u00e5 50-talet, som uppm\u00e4rksammade milj\u00f6gifters p\u00e5verkan p\u00e5 naturen. En av de stora milstolparna som fick milj\u00f6debatten att bli till global milj\u00f6politik var stockholmskonferensen 1972, FN:s f\u00f6rsta stora globala milj\u00f6konferens. D\u00e4r inleddes mycket av det arbete som g\u00f6r att vi fortfaande samarbetar globalt p\u00e5 milj\u00f6- och h\u00e5llbarhetsomr\u00e5det.<\/p>\n<p>I g\u00e5r inleddes milj\u00f6konferensen Stockholm +40, 40 \u00e5r efter den f\u00f6rsta Stockholmskonferensen. Beslutsfattare och f\u00f6retr\u00e4dare f\u00f6r samh\u00e4lle, n\u00e4ringsliv och forskning fr\u00e5n hela v\u00e4rlden samlas nu i Stockholm f\u00f6r att diskutera bland annat h\u00e5llbara innovationer och h\u00e5llbar livsstil.<\/p>\n<p>Sj\u00e4lv hade jag f\u00f6rm\u00e5nen att ig\u00e5r inleda ett panelsamtal om h\u00e5llbara innovationer p\u00e5 Stockholm +40. Bland andra deltog den indiske IT-entrepren\u00f6ren Kris Gopalakrishnan liksom Hua Ming, som varit en ledande akt\u00f6r i att fr\u00e4mja f\u00f6rnybar energi i Kina.<\/p>\n<p>F\u00f6rnybar energi och innovationer i en global kontext kom ocks\u00e5 upp i kv\u00e4ll n\u00e4r jag deltog i statsministerns middag f\u00f6r den kinesiska delegation som just nu bes\u00f6ker Sverige under ledning av Kinas premi\u00e4rminister Wen Jiabao.<\/p>\n<p>Det internationella utbyte som b\u00f6rjade p\u00e5 Stockholmskonferensen f\u00f6r fyrtio \u00e5r sedan har definitivt satt sp\u00e5r i det internationella samarbetet. Utan dessa pionj\u00e4rarbeten hade vi inte haft n\u00e5got Agenda 21-arbete och inte heller n\u00e5gon internationell klimatpanel.<\/p>\n<p>Fr\u00e5n dessa b\u00e5da internationella h\u00e4ndelser \u00e5ker jag nu vidare mot London och Clean Energy Ministerial, det G20-samarbete som Sverige och \u00f6vriga nordiska l\u00e4nder inbjudits till. Med de h\u00e4r dagarnas insatser hoppas jag att vi kommer att s\u00e4tta sp\u00e5r som kommer ha b\u00e4ring p\u00e5 en verkligt h\u00e5llbar framtid. Precis som Stockholmskonferensen f\u00f6r 40 \u00e5r sedan fortfarande s\u00e4tter sp\u00e5r idag.<\/p>\n","protected":false},"excerpt":{"rendered":"<p>En av de f\u00f6rsta h\u00e4ndelser som \u00f6ver huvud taget skapade en internationell milj\u00f6debatt var biologen Rachel Carsons bok \u201dTyst v\u00e5r\u201d i b\u00f6rjan p\u00e5 50-talet, som uppm\u00e4rksammade milj\u00f6gifters p\u00e5verkan p\u00e5 naturen. En av de stora milstolparna som fick milj\u00f6debatten att bli till global milj\u00f6politik var stockholmskonferensen 1972, FN:s f\u00f6rsta stora globala milj\u00f6konferens. D\u00e4r inleddes mycket av&nbsp;<a href=\"http:\/\/annakarinhatt.se\/blogg\/morgondagens-hallbara-framtid-lagger-vi-grunden-for-idag\/\" class=\"read-more\">Continue Reading<\/a><\/p>\n","protected":false},"author":3,"featured_media":0,"comment_status":"open","ping_status":"open","sticky":false,"template":"","format":"standard","meta":{"ngg_post_thumbnail":0,"footnotes":""},"categories":[87],"tags":[40,116,103,142],"class_list":["post-1994","post","type-post","status-publish","format-standard","hentry","category-energi","tag-innovationer","tag-miljo","tag-miljoteknik","tag-stockholm-40","cat-87-id"],"_links":{"self":[{"href":"http:\/\/annakarinhatt.se\/blogg\/wp-json\/wp\/v2\/posts\/1994","targetHints":{"allow":["GET"]}}],"collection":[{"href":"http:\/\/annakarinhatt.se\/blogg\/wp-json\/wp\/v2\/posts"}],"about":[{"href":"http:\/\/annakarinhatt.se\/blogg\/wp-json\/wp\/v2\/types\/post"}],"author":[{"embeddable":true,"href":"http:\/\/annakarinhatt.se\/blogg\/wp-json\/wp\/v2\/users\/3"}],"replies":[{"embeddable":true,"href":"http:\/\/annakarinhatt.se\/blogg\/wp-json\/wp\/v2\/comments?post=1994"}],"version-history":[{"count":8,"href":"http:\/\/annakarinhatt.se\/blogg\/wp-json\/wp\/v2\/posts\/1994\/revisions"}],"predecessor-version":[{"id":2002,"href":"http:\/\/annakarinhatt.se\/blogg\/wp-json\/wp\/v2\/posts\/1994\/revisions\/2002"}],"wp:attachment":[{"href":"http:\/\/annakarinhatt.se\/blogg\/wp-json\/wp\/v2\/media?parent=1994"}],"wp:term":[{"taxonomy":"category","embeddable":true,"href":"http:\/\/annakarinhatt.se\/blogg\/wp-json\/wp\/v2\/categories?post=1994"},{"taxonomy":"post_tag","embeddable":true,"href":"http:\/\/annakarinhatt.se\/blogg\/wp-json\/wp\/v2\/tags?post=1994"}],"curies":[{"name":"wp","href":"https:\/\/api.w.org\/{rel}","templated":true}]}}