{"id":2274,"date":"2012-08-20T10:54:41","date_gmt":"2012-08-20T08:54:41","guid":{"rendered":"http:\/\/annakarinhatt.se\/blogg\/?p=2274"},"modified":"2013-02-05T20:04:23","modified_gmt":"2013-02-05T19:04:23","slug":"forska-mer-kring-framtidens-energi","status":"publish","type":"post","link":"http:\/\/annakarinhatt.se\/blogg\/forska-mer-kring-framtidens-energi\/","title":{"rendered":"Forska mer kring framtidens energi"},"content":{"rendered":"<p>Idag p\u00e5 <a href=\"http:\/\/www.svd.se\/opinion\/brannpunkt\/energiforskningen-maste-starkas_7433564.svd\" target=\"_blank\">Svenska Dagbladets debattsida <\/a>skriver jag om en av Centerpartiets viktigaste prioriteringar inf\u00f6r de regeringsf\u00f6rhandlingar som snart b\u00f6rjar om h\u00f6stbudgeten. F\u00f6r den globala utvecklingen p\u00e5 energiomr\u00e5det g\u00e5r p\u00e5 m\u00e5nga s\u00e4tt \u00e5t r\u00e4tt h\u00e5ll, men den g\u00e5r ocks\u00e5 i fel riktning.<\/p>\n<p>Trots den globala ekonomiska krisen v\u00e4xer nu den globala energianv\u00e4ndningen, och den v\u00e4xer rej\u00e4lt. Det \u00e4r i grunden ett positivt tecken. F\u00f6r den \u00f6kade energianv\u00e4ndingen \u00e4r ocks\u00e5 ett tecken p\u00e5 att allt fler m\u00e4nniskor f\u00e5r en b\u00e4ttre levnadsstandard. Att allt fler kan resa sig ur fattigdom och f\u00e5r \u00f6kade m\u00f6jligheter att p\u00e5verka sina egna \u00a0liv.<\/p>\n<p>Det \u00e4r utvecklingens framsida.<\/p>\n<p>Baksidan \u00e4r att med \u00f6kad energianv\u00e4ndning f\u00f6ljer en allt st\u00f6rre p\u00e5verkan p\u00e5 klimatet och p\u00e5 milj\u00f6n. I den statistik \u00f6ver de globala trenderna p\u00e5 energiomr\u00e5det som det internationella energiorganet IEA nyligen presenterade pekar man p\u00e5 att anv\u00e4ndningen av kol f\u00f6rra \u00e5ret \u00f6kade med mer \u00e4n 6 procent, och att kolanv\u00e4ndningen \u00f6kade f\u00f6r tolfte \u00e5ret i rad. Och samtidigt som kolanv\u00e4ndingen \u00f6kar, s\u00e5 \u00f6kar ocks\u00e5 den globala anv\u00e4ndningen av olja.<\/p>\n<p>Men samtidigt som v\u00e4rlden \u00f6kar sin anv\u00e4ndning av milj\u00f6skadlig fossil energi \u00f6kar, s\u00e5 finns det andra, gl\u00e4djande, tecken i tiden. F\u00f6r faktum \u00e4r att av alla energislag v\u00e4xer nu det f\u00f6rnybara snabbast av alla, och andelen f\u00f6rnybar energi v\u00e4ntas ocks\u00e5 <a href=\"http:\/\/www.iea.org\/newsroomandevents\/pressreleases\/2012\/july\/name,28200,en.html\" target=\"_blank\">forts\u00e4tta \u00f6ka kraftigt fram\u00f6ver<\/a>.<\/p>\n<p>Min drivkraft som politiker, och som energiminister, \u00e4r att g\u00f6ra allt jag kan f\u00f6r att st\u00e4lla om till ett l\u00e5ngsiktigt h\u00e5llbart samh\u00e4lle. Jag vill att Sverige ska ta sitt klimat- och energiansvar. Och jag vill kunna se mina barn i \u00f6gonen n\u00e4r de blir stora, och kunna s\u00e4ga att vi faktiskt gjorde det vi visste att vi borde.<\/p>\n<p>Det \u00e4r just d\u00e4rf\u00f6r som jag under m\u00e5nga \u00e5r drivit p\u00e5 och varit med och sett till s\u00e5 att Sverige satsar s\u00e5 starkt p\u00e5 att utveckla den f\u00f6rnybara energin. Tack vare de gr\u00f6na elcertifikaten garanteras nu\u00a0all nybyggd f\u00f6rnybar el ekonomiskt st\u00f6d fram till 2020. Och regeringen har mycket tydligt klargjort att det tredje f\u00f6rnybara benet i elsystemet gradvis ska v\u00e4xa, fram till och efter 2020.<\/p>\n<p>En av de viktigaste orsakerna till att den f\u00f6rnybara energin nu sl\u00e5r igenom globalt \u00e4r att utvecklingen av tekniken stadigt g\u00e5tt fram\u00e5t. P\u00e5 bara n\u00e5gra \u00e5r har till exempel kostnaden f\u00f6r att installera solceller mer \u00e4n halverats. Och tack vare att tekniken mognat med hj\u00e4lp av forskning och ny teknik har vindkraften globalt v\u00e4xt med n\u00e4rmare 30 procent per \u00e5r.<\/p>\n<p>Detta \u00e4r en av de viktiga grundstenarna i den svenska energi- och klimatpolitiken, och de senaste \u00e5ren har Alliansregeringen d\u00e4rf\u00f6r satsat ungef\u00e4r 1,3 miljarder per \u00e5r p\u00e5 energiforskning. En forskning som k\u00e4nnetecknas av att den ligger n\u00e4ra verkligheten, och som framh\u00e5lls som ett bra exempel av bland andra IEA. I n\u00e4ra samarbete med n\u00e4ringslivet satsar regeringen , inte bara p\u00e5 nya uppt\u00e4ckter och innovationer, utan ocks\u00e5 p\u00e5 att f\u00e5 dem att fungera och komma i produktion. N\u00e5gra exempel p\u00e5 det \u00e4r till exempel pilotanl\u00e4ggningar f\u00f6r drivmedel av r\u00e5vara fr\u00e5n skogen, utvecklingen av elfordon eller den v\u00e5gkraftspark som nu byggs utanf\u00f6r Lysekil.<\/p>\n<p>Ny effektivare teknik f\u00f6r att ta fram gr\u00f6n energi, spara energi eller minska v\u00e5ra utsl\u00e4pp kommer inte bara hj\u00e4lpa oss att n\u00e5 ett h\u00e5llbart samh\u00e4lle med en h\u00e5llbar energif\u00f6rs\u00f6rjning. Det kommer ocks\u00e5 ge konkurrensf\u00f6rdelar och nya exportm\u00f6jligheter f\u00f6r duktiga svenska f\u00f6retag. D\u00e4rf\u00f6r \u00e4r satsningar p\u00e5 energirelaterad forskning satsningar b\u00e5de p\u00e5 l\u00e5ngsiktig h\u00e5llbarhet och p\u00e5 en utvecklad v\u00e4lf\u00e4rd.<\/p>\n<p>Ett flertal internationella bed\u00f6mare pekar nu p\u00e5 att v\u00e4rldens l\u00e4nder &#8211; om vi ska klara klimatutmaningen &#8211; m\u00e5ste satsa mer p\u00e5 forskning och utveckling av f\u00f6rnybar energi i form av biobr\u00e4nslen, sol- och vindkraft. Det \u00e4r mot den bakgrunden vi m\u00e5ste forma den svenska politiken och det \u00e4r d\u00e4rf\u00f6r som Centerpartiet, som en av sina viktigaste prioriteringar inf\u00f6r regeringens budgetf\u00f6rhandlingar, vill se fortsatt starka satsningar p\u00e5 svensk energiforskning. Traditionen av god energiforskning, och gott samarbete med n\u00e4ringslivet, m\u00e5ste forts\u00e4tta. Nya kunskaper om hur vi m\u00f6ter energi- och klimatutmaningarna \u00e4r n\u00e4mligen en n\u00f6dv\u00e4ndighet f\u00f6r att vi ska klara omst\u00e4llningen till ett l\u00e5ngsiktigt h\u00e5llbart samh\u00e4lle.<\/p>\n","protected":false},"excerpt":{"rendered":"<p>Idag p\u00e5 Svenska Dagbladets debattsida skriver jag om en av Centerpartiets viktigaste prioriteringar inf\u00f6r de regeringsf\u00f6rhandlingar som snart b\u00f6rjar om h\u00f6stbudgeten. F\u00f6r den globala utvecklingen p\u00e5 energiomr\u00e5det g\u00e5r p\u00e5 m\u00e5nga s\u00e4tt \u00e5t r\u00e4tt h\u00e5ll, men den g\u00e5r ocks\u00e5 i fel riktning. Trots den globala ekonomiska krisen v\u00e4xer nu den globala energianv\u00e4ndningen, och den v\u00e4xer rej\u00e4lt.&nbsp;<a href=\"http:\/\/annakarinhatt.se\/blogg\/forska-mer-kring-framtidens-energi\/\" class=\"read-more\">Continue Reading<\/a><\/p>\n","protected":false},"author":3,"featured_media":0,"comment_status":"open","ping_status":"open","sticky":false,"template":"","format":"standard","meta":{"ngg_post_thumbnail":0,"footnotes":""},"categories":[27,87],"tags":[],"class_list":["post-2274","post","type-post","status-publish","format-standard","hentry","category-alliansen","category-energi","cat-27-id","cat-87-id"],"_links":{"self":[{"href":"http:\/\/annakarinhatt.se\/blogg\/wp-json\/wp\/v2\/posts\/2274","targetHints":{"allow":["GET"]}}],"collection":[{"href":"http:\/\/annakarinhatt.se\/blogg\/wp-json\/wp\/v2\/posts"}],"about":[{"href":"http:\/\/annakarinhatt.se\/blogg\/wp-json\/wp\/v2\/types\/post"}],"author":[{"embeddable":true,"href":"http:\/\/annakarinhatt.se\/blogg\/wp-json\/wp\/v2\/users\/3"}],"replies":[{"embeddable":true,"href":"http:\/\/annakarinhatt.se\/blogg\/wp-json\/wp\/v2\/comments?post=2274"}],"version-history":[{"count":18,"href":"http:\/\/annakarinhatt.se\/blogg\/wp-json\/wp\/v2\/posts\/2274\/revisions"}],"predecessor-version":[{"id":3164,"href":"http:\/\/annakarinhatt.se\/blogg\/wp-json\/wp\/v2\/posts\/2274\/revisions\/3164"}],"wp:attachment":[{"href":"http:\/\/annakarinhatt.se\/blogg\/wp-json\/wp\/v2\/media?parent=2274"}],"wp:term":[{"taxonomy":"category","embeddable":true,"href":"http:\/\/annakarinhatt.se\/blogg\/wp-json\/wp\/v2\/categories?post=2274"},{"taxonomy":"post_tag","embeddable":true,"href":"http:\/\/annakarinhatt.se\/blogg\/wp-json\/wp\/v2\/tags?post=2274"}],"curies":[{"name":"wp","href":"https:\/\/api.w.org\/{rel}","templated":true}]}}