{"id":2296,"date":"2012-08-21T22:25:55","date_gmt":"2012-08-21T20:25:55","guid":{"rendered":"http:\/\/annakarinhatt.se\/blogg\/?p=2296"},"modified":"2012-08-22T16:03:16","modified_gmt":"2012-08-22T14:03:16","slug":"vi-har-inte-rad-med-nagra-svaga-lankar","status":"publish","type":"post","link":"http:\/\/annakarinhatt.se\/blogg\/vi-har-inte-rad-med-nagra-svaga-lankar\/","title":{"rendered":"Vi har inte r\u00e5d med n\u00e5gra svaga l\u00e4nkar"},"content":{"rendered":"<div id=\"attachment_2298\" style=\"width: 232px\" class=\"wp-caption alignleft\"><a href=\"http:\/\/annakarinhatt.se\/blogg\/wp-content\/uploads\/2012\/08\/msb_konferens.jpg\"><img loading=\"lazy\" decoding=\"async\" aria-describedby=\"caption-attachment-2298\" class=\"size-medium wp-image-2298\" src=\"http:\/\/annakarinhatt.se\/blogg\/wp-content\/uploads\/2012\/08\/msb_konferens-222x300.jpg\" alt=\"Anna-Karin Hatt pratar p\u00e5 p\u00e5 konferensen Informationss\u00e4kerhet f\u00f6r offentlig sektor \" width=\"222\" height=\"300\" srcset=\"http:\/\/annakarinhatt.se\/blogg\/wp-content\/uploads\/2012\/08\/msb_konferens-222x300.jpg 222w, http:\/\/annakarinhatt.se\/blogg\/wp-content\/uploads\/2012\/08\/msb_konferens.jpg 759w\" sizes=\"auto, (max-width: 222px) 100vw, 222px\" \/><\/a><p id=\"caption-attachment-2298\" class=\"wp-caption-text\">P\u00e5 konferensen Informationss\u00e4kerhet f\u00f6r offentlig sektor<\/p><\/div>\n<p>P\u00e5 Folkets hus i Stockholm <a title=\"Konferensen Informationss\u00e4kerhet f\u00f6r offentlig sektor \" href=\"http:\/\/informationssakerhet.se\/Stod-i-arbetet\/Konferens-2011---Informationssakerhet-for-offentliga-sektorn\/\" target=\"_blank\">samlas i dagarna <\/a>hundratals representanter fr\u00e5n offentlig sektor f\u00f6r att diskutera ett v\u00e4ldigt angel\u00e4get \u00e4mne: informationss\u00e4kerhet. <a title=\"Talet i sin helhet\" href=\"http:\/\/regeringen.se\/sb\/d\/13698\/a\/197522\" target=\"_blank\">I mitt tal d\u00e4r idag framh\u00f6ll<\/a> jag att det \u00e4r m\u00e5nga olika akt\u00f6rer som m\u00e5ste kunna &#8211; och bli b\u00e4ttre p\u00e5 &#8211; att samverka om vi ska kunna f\u00e5 s\u00e4kra it-system:<\/p>\n<blockquote><p>Allt fler av v\u00e5ra system integreras nu, precis som i Tieto:s fall, med varandra och samlas i en enda central milj\u00f6. Och det \u00e4r m\u00e5nga g\u00e5nger rationellt, sparar kostnader och minskar v\u00e5rt energibehov. Men det leder samtidigt till att ett tekniskt fel snabbt kan leda till avbrott i flera system, lite som ringar som sprider sig p\u00e5 vattnet. Och i slut\u00e4ndan kan konsekvenserna f\u00f6r samh\u00e4llet bli v\u00e4ldigt allvarliga.<\/p><\/blockquote>\n<p>Samtidigt som v\u00e5ra medborgare f\u00f6rv\u00e4ntar sig att all n\u00f6dv\u00e4ndig information alltid ska finnas en knapptryckning bort och vi samlar fler tj\u00e4nster i molnet, blir konsekvenserna allt st\u00f6rre n\u00e4r it-avbrotten intr\u00e4ffar. Och offentlig sektor r\u00e5der inte l\u00e4ngre sj\u00e4lva \u00f6ver it-system d\u00e5 mycket av den kritiska infrastrukturen finns i privata f\u00f6retag. Som jag ser det s\u00e5 leder allt detta fram till ett behov av en ny nationell strategi f\u00f6r informationss\u00e4kerhet:<\/p>\n<blockquote><p>Eftersom informationss\u00e4kerhet \u00e4r en horisontell fr\u00e5ga som sk\u00e4r genom alla sektorer beh\u00f6vs ocks\u00e5 ett brett samh\u00e4llsperspektiv. Och d\u00e4rf\u00f6r tror jag att vi ocks\u00e5 &#8211; vid sidan av handlingsplanen &#8211; beh\u00f6ver en ny bred, nationell strategi f\u00f6r informationss\u00e4kerhet. Vi beh\u00f6ver en b\u00e4ttre helhetssyn i v\u00e5rt samh\u00e4lle p\u00e5 vad som ska skyddas, vilka hoten \u00e4r och vilka medel vi ska ha f\u00f6r att f\u00f6rst\u00e4rka v\u00e5rt skydd.<\/p>\n<p>Det handlar om allt fr\u00e5n s\u00e4kerhets- och f\u00f6rsvarspolitiska aspekter, medborgerliga r\u00e4ttigheter, integritetsfr\u00e5gor, brottsbek\u00e4mpning till s\u00e4kerhet i vardagen. Jag vill att en s\u00e5dan ny nationell strategi f\u00f6r informationss\u00e4kerhet ska m\u00f6jligg\u00f6ra en samlad politik och omfatta arbete med informationss\u00e4kerhet p\u00e5 alla niv\u00e5er och omr\u00e5den i samh\u00e4llet. Jag ser framf\u00f6r mig att en s\u00e5dan ny nationell strategi ska bli ett \u00f6vergripande sammanh\u00e5llet ramverk f\u00f6r hur arbetet med informationss\u00e4kerhet ska bedrivas i Sverige.<\/p><\/blockquote>\n<p><a title=\"Vi har inte r\u00e5d med n\u00e5gra svaga l\u00e4nkar - p\u00e5 regeringen.se\" href=\"http:\/\/regeringen.se\/sb\/d\/13698\/a\/197522\" target=\"_blank\">L\u00e4s g\u00e4rna hela mitt tal h\u00e4r<\/a> eller se videon nedan.<\/p>\n<p><iframe loading=\"lazy\" width=\"560\" height=\"315\" src=\"http:\/\/www.youtube.com\/embed\/azZ24oORDR0\" frameborder=\"0\" allowfullscreen><\/iframe><\/p>\n<p>Och vill du l\u00e4sa Forbes artikel, med prislistan \u00f6ver zero day-s\u00e5rbarheter,\u00a0<a title=\"Forbes lista \u00f6ver zero day-s\u00e5rbarheter\" href=\"http:\/\/www.forbes.com\/sites\/andygreenberg\/2012\/03\/23\/shopping-for-zero-days-an-price-list-for-hackers-secret-software-exploits\/\" target=\"_blank\">hittar du den h\u00e4r<\/a>.<\/p>\n","protected":false},"excerpt":{"rendered":"<p>P\u00e5 Folkets hus i Stockholm samlas i dagarna hundratals representanter fr\u00e5n offentlig sektor f\u00f6r att diskutera ett v\u00e4ldigt angel\u00e4get \u00e4mne: informationss\u00e4kerhet. I mitt tal d\u00e4r idag framh\u00f6ll jag att det \u00e4r m\u00e5nga olika akt\u00f6rer som m\u00e5ste kunna &#8211; och bli b\u00e4ttre p\u00e5 &#8211; att samverka om vi ska kunna f\u00e5 s\u00e4kra it-system: Allt fler av&nbsp;<a href=\"http:\/\/annakarinhatt.se\/blogg\/vi-har-inte-rad-med-nagra-svaga-lankar\/\" class=\"read-more\">Continue Reading<\/a><\/p>\n","protected":false},"author":3,"featured_media":0,"comment_status":"open","ping_status":"open","sticky":false,"template":"","format":"standard","meta":{"ngg_post_thumbnail":0,"footnotes":""},"categories":[7],"tags":[155,21,156,121,157],"class_list":["post-2296","post","type-post","status-publish","format-standard","hentry","category-it-politik","tag-informationssakerhet","tag-it","tag-msb","tag-pts","tag-tal","cat-7-id"],"_links":{"self":[{"href":"http:\/\/annakarinhatt.se\/blogg\/wp-json\/wp\/v2\/posts\/2296","targetHints":{"allow":["GET"]}}],"collection":[{"href":"http:\/\/annakarinhatt.se\/blogg\/wp-json\/wp\/v2\/posts"}],"about":[{"href":"http:\/\/annakarinhatt.se\/blogg\/wp-json\/wp\/v2\/types\/post"}],"author":[{"embeddable":true,"href":"http:\/\/annakarinhatt.se\/blogg\/wp-json\/wp\/v2\/users\/3"}],"replies":[{"embeddable":true,"href":"http:\/\/annakarinhatt.se\/blogg\/wp-json\/wp\/v2\/comments?post=2296"}],"version-history":[{"count":12,"href":"http:\/\/annakarinhatt.se\/blogg\/wp-json\/wp\/v2\/posts\/2296\/revisions"}],"predecessor-version":[{"id":2310,"href":"http:\/\/annakarinhatt.se\/blogg\/wp-json\/wp\/v2\/posts\/2296\/revisions\/2310"}],"wp:attachment":[{"href":"http:\/\/annakarinhatt.se\/blogg\/wp-json\/wp\/v2\/media?parent=2296"}],"wp:term":[{"taxonomy":"category","embeddable":true,"href":"http:\/\/annakarinhatt.se\/blogg\/wp-json\/wp\/v2\/categories?post=2296"},{"taxonomy":"post_tag","embeddable":true,"href":"http:\/\/annakarinhatt.se\/blogg\/wp-json\/wp\/v2\/tags?post=2296"}],"curies":[{"name":"wp","href":"https:\/\/api.w.org\/{rel}","templated":true}]}}