{"id":2519,"date":"2012-09-24T11:11:54","date_gmt":"2012-09-24T09:11:54","guid":{"rendered":"http:\/\/annakarinhatt.se\/blogg\/?p=2519"},"modified":"2012-09-24T11:14:43","modified_gmt":"2012-09-24T09:14:43","slug":"demokratin-ar-inget-foretag","status":"publish","type":"post","link":"http:\/\/annakarinhatt.se\/blogg\/demokratin-ar-inget-foretag\/","title":{"rendered":"Demokratin \u00e4r inget f\u00f6retag"},"content":{"rendered":"<p>Jag tror att vi \u00e4r m\u00e5nga som har v\u00e4ntat p\u00e5 att f\u00e5 \u00e5tminstone en f\u00f6rsta signal om vilken politik Socialdemokraterna t\u00e4nker f\u00f6ra under Stefan L\u00f6fven. Men jag tror f\u00e5 hade v\u00e4ntat sig att f\u00e5 h\u00f6ra att det Socialdemokraterna vill ha \u00e4r en &#8221;aff\u00e4rsplan&#8221; f\u00f6r Sverige.<\/p>\n<p>Men s\u00e5 beskriver deras partiledare Stefan L\u00f6fven, deras partisekreterare Carin J\u00e4mtin, deras gruppledare i riksdagen Mikael Damberg och deras ekonomiskpolitiska talesperson Magdalena Andersson Socialdemokraternas kommande skuggbudget p\u00e5 <a title=\"DN Debatt\" href=\"http:\/\/www.dn.se\/debatt\/vi-presenterar-en-ny-affarsplan-for-sverige\" target=\"_blank\">DN Debatt<\/a>\u00a0idag.<\/p>\n<p>&#8221;Aff\u00e4rsplaner&#8221;. &#8221;Varum\u00e4rken&#8221;. Den offentliga sektorn beskriven som en &#8221;koncern&#8221;. Jag tillh\u00f6r dem som tycker att det \u00e4r djupt orov\u00e4ckande n\u00e4r politik kl\u00e4s i ord som f\u00e5r det att l\u00e5ta som om demokratin vore ett f\u00f6retag. Och l\u00e4gg d\u00e4rtill ofta ett toppstyrt f\u00f6retag.<\/p>\n<p>F\u00f6r demokratin \u00e4r inte, och f\u00e5r aldrig bli, till bara en spegling av n\u00e4ringslivet. N\u00e4ringslivet och f\u00f6retagen \u00e4r helt centrala i v\u00e5rt samh\u00e4lle. Det \u00e4r d\u00e4r v\u00e4lst\u00e5nd skapas. Det \u00e4r d\u00e4r nya jobb blir till. Det \u00e4r i n\u00e4ringslivet och f\u00f6retagen som id\u00e9er framforskade p\u00e5 fina h\u00f6gskolor och universitet kan oms\u00e4ttas i produkter och tj\u00e4nster s\u00e5 att de de i praktiken kan g\u00f6ra skillnad i v\u00e5r vardag.<\/p>\n<p>Men politik \u00e4r inte f\u00f6retagande. Och demokratin ska inte v\u00e4gledas av samma metodik som ett f\u00f6retag.<\/p>\n<p>Jag tror att svensk politik de senaste \u00e5rtiondena gradvis har kommit att l\u00e5na alltf\u00f6r mycket av det. Och jag \u00e4r \u00f6vertygad om att det vi beh\u00f6ver fram\u00f6ver inte \u00e4r mer av den varan. Tv\u00e4rtom.<\/p>\n<p>Det vi beh\u00f6ver \u00e4r mer av id\u00e9er och mer av visioner. Mer politik som v\u00e4gleds och genomsyras av tydliga v\u00e4rderingar, som ocks\u00e5 g\u00f6rs synliga f\u00f6r flera. Vi beh\u00f6ver fler f\u00f6retr\u00e4dare som ber\u00e4ttar varf\u00f6r vi genomf\u00f6r den ena eller andra reformen, och p\u00e5 vilket s\u00e4tt f\u00f6r\u00e4ndringen av just den skattesatsen st\u00e4rker de v\u00e4rderingar och det vi vill ska k\u00e4nneteckna Sverige fram\u00f6ver.<\/p>\n<p>En satsning p\u00e5 solel sker ju inte i ett vacuum, utan g\u00f6rs ju f\u00f6r att det \u00e4r v\u00e5rt moraliska ansvar att st\u00e4lla om till ett l\u00e5ngsiktigt h\u00e5llbart energisystem.<\/p>\n<p>Ett stort paket f\u00f6r att hj\u00e4lpa fler unga att f\u00e5 en f\u00e4rdig gymnasiexamen och f\u00e5 sitt f\u00f6rsta jobb sv\u00e4var ju inte fritt, utan \u00e4r ju n\u00e5got vi g\u00f6r f\u00f6r att det \u00e4r v\u00e5r generations moraliska ansvar att se till s\u00e5 att vi har en l\u00e5ngsiktigt h\u00e5llbar arbetsmarknad som\u00a0kan rymma\u00a0oss alla &#8211; unga som gamla, inf\u00f6dda som invandrade.<\/p>\n<p>Och en storsatsning p\u00e5 forskning och innovationer, bland annat p\u00e5 klimatsmart energi, g\u00f6rs ju inte f\u00f6r sig sj\u00e4lv, utan f\u00f6r att fler ska f\u00e5 chansen att bidra med riktigt nyt\u00e4nkande, och f\u00f6r att fler svenska id\u00e9er ska kunna oms\u00e4ttas i framg\u00e5ngsrika f\u00f6retag och nya jobb i Sverige.<\/p>\n<p>Jag ser fram emot att Socialdemokraterna och resten av oppositionen om n\u00e5gra veckor har konkretiserat sin politik, s\u00e5 att vi kan f\u00e5 en sp\u00e4nnande och saklig debatt om de olika id\u00e9er som finns f\u00f6r att forts\u00e4tta utveckla Sverige.<\/p>\n<p>Sj\u00e4lv tror jag att Sverige beh\u00f6ver mer av l\u00e5ngsiktig h\u00e5llbarhet, mer av klimat- och milj\u00f6ansvar, mer av att ge utrymme f\u00f6r oss som enskilda att v\u00e4xa och utvecklas. Men jag tror ocks\u00e5 att vi beh\u00f6ver mer av den \u00f6dmjuka inst\u00e4llningen att vi sj\u00e4lvklart ska r\u00e4tta till n\u00e4r en reform inte riktigt blev som vi t\u00e4nkt oss. Att g\u00f6ra om och g\u00f6ra r\u00e4tt \u00e4r inget nederlag. Det \u00e4r en sj\u00e4lvklar\u00a0del av allt demokratiskt och politiskt arbete.<\/p>\n<p>Jag ser fram emot att den efterl\u00e4ngtade framtidsdebatten, om ett par veckor n\u00e4r oppositionspartierna lagt sina skuggbudgetar, kan b\u00f6rja p\u00e5 allvar. L\u00e5t oss hoppas och bidra till att den debatten kommer handla mindre om &#8221;aff\u00e4rsplaner&#8221; och om &#8221;varum\u00e4rken&#8221; f\u00f6r Sverige, och mer om med vilka id\u00e9er, visioner och v\u00e4rderingar vi vill utveckla Sverige och v\u00e4rlden.<\/p>\n","protected":false},"excerpt":{"rendered":"<p>Jag tror att vi \u00e4r m\u00e5nga som har v\u00e4ntat p\u00e5 att f\u00e5 \u00e5tminstone en f\u00f6rsta signal om vilken politik Socialdemokraterna t\u00e4nker f\u00f6ra under Stefan L\u00f6fven. Men jag tror f\u00e5 hade v\u00e4ntat sig att f\u00e5 h\u00f6ra att det Socialdemokraterna vill ha \u00e4r en &#8221;aff\u00e4rsplan&#8221; f\u00f6r Sverige. Men s\u00e5 beskriver deras partiledare Stefan L\u00f6fven, deras partisekreterare Carin&nbsp;<a href=\"http:\/\/annakarinhatt.se\/blogg\/demokratin-ar-inget-foretag\/\" class=\"read-more\">Continue Reading<\/a><\/p>\n","protected":false},"author":3,"featured_media":0,"comment_status":"open","ping_status":"open","sticky":false,"template":"","format":"standard","meta":{"ngg_post_thumbnail":0,"footnotes":""},"categories":[18,25],"tags":[],"class_list":["post-2519","post","type-post","status-publish","format-standard","hentry","category-centerpartiet","category-ideologi","cat-18-id","cat-25-id"],"_links":{"self":[{"href":"http:\/\/annakarinhatt.se\/blogg\/wp-json\/wp\/v2\/posts\/2519","targetHints":{"allow":["GET"]}}],"collection":[{"href":"http:\/\/annakarinhatt.se\/blogg\/wp-json\/wp\/v2\/posts"}],"about":[{"href":"http:\/\/annakarinhatt.se\/blogg\/wp-json\/wp\/v2\/types\/post"}],"author":[{"embeddable":true,"href":"http:\/\/annakarinhatt.se\/blogg\/wp-json\/wp\/v2\/users\/3"}],"replies":[{"embeddable":true,"href":"http:\/\/annakarinhatt.se\/blogg\/wp-json\/wp\/v2\/comments?post=2519"}],"version-history":[{"count":3,"href":"http:\/\/annakarinhatt.se\/blogg\/wp-json\/wp\/v2\/posts\/2519\/revisions"}],"predecessor-version":[{"id":2521,"href":"http:\/\/annakarinhatt.se\/blogg\/wp-json\/wp\/v2\/posts\/2519\/revisions\/2521"}],"wp:attachment":[{"href":"http:\/\/annakarinhatt.se\/blogg\/wp-json\/wp\/v2\/media?parent=2519"}],"wp:term":[{"taxonomy":"category","embeddable":true,"href":"http:\/\/annakarinhatt.se\/blogg\/wp-json\/wp\/v2\/categories?post=2519"},{"taxonomy":"post_tag","embeddable":true,"href":"http:\/\/annakarinhatt.se\/blogg\/wp-json\/wp\/v2\/tags?post=2519"}],"curies":[{"name":"wp","href":"https:\/\/api.w.org\/{rel}","templated":true}]}}