{"id":2523,"date":"2012-09-24T19:10:29","date_gmt":"2012-09-24T17:10:29","guid":{"rendered":"http:\/\/annakarinhatt.se\/blogg\/?p=2523"},"modified":"2012-09-24T19:10:29","modified_gmt":"2012-09-24T17:10:29","slug":"bredbandsfragan-het-utanfor-tullarna","status":"publish","type":"post","link":"http:\/\/annakarinhatt.se\/blogg\/bredbandsfragan-het-utanfor-tullarna\/","title":{"rendered":"Bredbandsfr\u00e5gan het utanf\u00f6r tullarna"},"content":{"rendered":"<p>Idag har vi haft det \u00e5ttonde m\u00f6tet med styrgruppen f\u00f6r <a title=\"Bredbandsforum\" href=\"http:\/\/bredbandivarldsklass.se\/\" target=\"_blank\">Bredbandsforum<\/a>.\u00a0Bredbandsforum i samband med att regeringen antog sin <a title=\"Bredbandsstrategin\" href=\"http:\/\/bredbandivarldsklass.se\/Global\/Dokument\/Bredbandsstrategi%20f\u00f6r%20Sverige%20\u2013%202009.pdf\" target=\"_blank\">bredbandsstrategi<\/a> och forumet \u00e4r en m\u00f6tesplats f\u00f6r dialog och samverkan mellan regeringen, myndigheter, organisationer och f\u00f6retag som verkar p\u00e5 den svenska bredbandsmarknaden. Syftet med Bredbandsforum \u00e4r att hitta konstruktiva l\u00f6sningar som bidrar till en \u00f6kad samverkan om utbyggnad av bredband, s\u00e5 att vi tillsammans b\u00e4ttre kan n\u00e5 de m\u00e5l som finns i regeringens bredbandsstrategi (styrgruppens avsiktsf\u00f6rklaring hittar du <a title=\"Styrgruppens avsiktsf\u00f6rklaring\" href=\"http:\/\/bredbandivarldsklass.se\/Om-Bredbandsforum\/Styrgrupp\/Styrgruppens-avsiktsforklaring\/\" target=\"_blank\">h\u00e4r<\/a>).<\/p>\n<div>\n<p>Under min ledning har Bredbandsforum idag beslutat att tills\u00e4tta &#8221;Byan\u00e4tsgruppen&#8221;, en arbetsgrupp som ska ledas av \u00c5sa Odell, som \u00e4r styrelseledamot i Lantbrukarnas Riksf\u00f6rbund och ledamot i Bredbandsforums styrgrupp.\u00a0Byan\u00e4tsgruppens uppgift kommer vara att st\u00f6dja alla de byalag som nu arbetar med att bygga ut bredband p\u00e5 landsbygden, bland annat med hj\u00e4lp av den Bredbandsmiljard som Centerpartiet och Alliansregeringen nu satsar p\u00e5 detta mellan 2012 och 2014.<\/p>\n<\/div>\n<div>\n<p>Och efterfr\u00e5gan p\u00e5 den sortens st\u00f6d v\u00e4xer nu snabbt. F\u00f6r n\u00e4r jag reser runt i landet m\u00e4rker jag att det v\u00e4xer fram en modern byalagsr\u00f6relse f\u00f6r att bygga bredband \u00f6ver hela landet. Faktum \u00e4r att bara man kommer utanf\u00f6r tullarna i Stockholm s\u00e5 m\u00e4rker man hur stor bredbandsfr\u00e5gan \u00e4r och hur allt fler ser den som helt avg\u00f6rande f\u00f6r att ta till vara p\u00e5 all den utvecklingskraft som finns p\u00e5 landsbygden.\u00a0Det som v\u00e4xer fram runt om i landet \u00e4r som en modern, digital v\u00e4gf\u00f6reningsr\u00f6relse! Och varenda krona vi kan satsa p\u00e5 att st\u00f6tta dem \u00e4r v\u00e4lkommen och kommer g\u00f6ra stor nytta.<\/p>\n<p>F\u00f6r mig \u00e4r det oerh\u00f6rt inspirerande och imponerande att se all den v\u00e4rdefulla ideella tid som byalagen l\u00e4gger ned p\u00e5 att ge landsbygden tillg\u00e5ng till bra bredband. Och just modellen att arbeta tillsammans med byalagen, och fr\u00e5n det offentliga vara med och medfinansiera endel av deras kostnader f\u00f6r att bygga bredband, har visat sig vara en v\u00e4ldigt effektiv metod, som \u00e4r v\u00e4ldigt viktig f\u00f6r att vi ska kunna n\u00e5 m\u00e5len i bredbandsstrategin. D\u00e4rf\u00f6r \u00e4r det viktigt att vi i Bredbandsforum idag best\u00e4mde oss f\u00f6r att v\u00e5r \u00e5ttonde arbetsgrupp ska bli en Byan\u00e4tsgrupp, som ska st\u00f6tta byalagen i deras arbete.<\/p>\n<p>&nbsp;<\/p>\n<p>Ps. Tillh\u00f6r du en av dem som \u00e4r engagerad i fr\u00e5gan om att bygga ut \u00a0bredband p\u00e5 landsbygden, eller funderar du p\u00e5 att bli det? Idag lanserade ocks\u00e5 Post- och Telestyrelsen <a title=\"Bredbandskartan\" href=\"http:\/\/bredbandskartan.pts.se\/\" target=\"_blank\">Bredbandskartan<\/a>,\u00a0en e-tj\u00e4nst som utvecklats i samarbete med Bredbandsforum, och som p\u00e5 ett enkelt s\u00e4tt visar tillg\u00e5ngen till bredband i Sverige.\u00a0Kartan syftar till att underl\u00e4tta f\u00f6r de kommuner, l\u00e4n, byalag och privatpersoner som arbetar med regional planering eller vill komma ig\u00e5ng med bredbandsutbyggnad. Ds.<\/p>\n<div>\n<div>\n<div><\/div>\n<\/div>\n<\/div>\n<\/div>\n","protected":false},"excerpt":{"rendered":"<p>Idag har vi haft det \u00e5ttonde m\u00f6tet med styrgruppen f\u00f6r Bredbandsforum.\u00a0Bredbandsforum i samband med att regeringen antog sin bredbandsstrategi och forumet \u00e4r en m\u00f6tesplats f\u00f6r dialog och samverkan mellan regeringen, myndigheter, organisationer och f\u00f6retag som verkar p\u00e5 den svenska bredbandsmarknaden. Syftet med Bredbandsforum \u00e4r att hitta konstruktiva l\u00f6sningar som bidrar till en \u00f6kad samverkan om&nbsp;<a href=\"http:\/\/annakarinhatt.se\/blogg\/bredbandsfragan-het-utanfor-tullarna\/\" class=\"read-more\">Continue Reading<\/a><\/p>\n","protected":false},"author":3,"featured_media":0,"comment_status":"open","ping_status":"open","sticky":false,"template":"","format":"standard","meta":{"ngg_post_thumbnail":0,"footnotes":""},"categories":[7,14],"tags":[38,177],"class_list":["post-2523","post","type-post","status-publish","format-standard","hentry","category-it-politik","category-regional-tillvaxt","tag-bredband","tag-byanat","cat-7-id","cat-14-id"],"_links":{"self":[{"href":"http:\/\/annakarinhatt.se\/blogg\/wp-json\/wp\/v2\/posts\/2523","targetHints":{"allow":["GET"]}}],"collection":[{"href":"http:\/\/annakarinhatt.se\/blogg\/wp-json\/wp\/v2\/posts"}],"about":[{"href":"http:\/\/annakarinhatt.se\/blogg\/wp-json\/wp\/v2\/types\/post"}],"author":[{"embeddable":true,"href":"http:\/\/annakarinhatt.se\/blogg\/wp-json\/wp\/v2\/users\/3"}],"replies":[{"embeddable":true,"href":"http:\/\/annakarinhatt.se\/blogg\/wp-json\/wp\/v2\/comments?post=2523"}],"version-history":[{"count":2,"href":"http:\/\/annakarinhatt.se\/blogg\/wp-json\/wp\/v2\/posts\/2523\/revisions"}],"predecessor-version":[{"id":2525,"href":"http:\/\/annakarinhatt.se\/blogg\/wp-json\/wp\/v2\/posts\/2523\/revisions\/2525"}],"wp:attachment":[{"href":"http:\/\/annakarinhatt.se\/blogg\/wp-json\/wp\/v2\/media?parent=2523"}],"wp:term":[{"taxonomy":"category","embeddable":true,"href":"http:\/\/annakarinhatt.se\/blogg\/wp-json\/wp\/v2\/categories?post=2523"},{"taxonomy":"post_tag","embeddable":true,"href":"http:\/\/annakarinhatt.se\/blogg\/wp-json\/wp\/v2\/tags?post=2523"}],"curies":[{"name":"wp","href":"https:\/\/api.w.org\/{rel}","templated":true}]}}