{"id":3490,"date":"2013-03-25T09:18:57","date_gmt":"2013-03-25T08:18:57","guid":{"rendered":"http:\/\/annakarinhatt.se\/blogg\/?p=3490"},"modified":"2013-12-09T11:32:37","modified_gmt":"2013-12-09T10:32:37","slug":"lagstiftning-loser-inte-tackningsproblemet","status":"publish","type":"post","link":"http:\/\/annakarinhatt.se\/blogg\/lagstiftning-loser-inte-tackningsproblemet\/","title":{"rendered":"Lagstiftning l\u00f6ser inte t\u00e4ckningsproblemet"},"content":{"rendered":"<div id=\"attachment_3491\" style=\"width: 310px\" class=\"wp-caption alignleft\"><a href=\"http:\/\/annakarinhatt.se\/blogg\/wp-content\/uploads\/2013\/03\/mobildata.png\"><img loading=\"lazy\" decoding=\"async\" aria-describedby=\"caption-attachment-3491\" class=\"size-medium wp-image-3491\" alt=\"M\u00e4ngd \u00f6verf\u00f6rd mobil data. K\u00e4lla: Svensk Telemarknad 2012, PTS\" src=\"http:\/\/annakarinhatt.se\/blogg\/wp-content\/uploads\/2013\/03\/mobildata-300x204.png\" width=\"300\" height=\"204\" srcset=\"http:\/\/annakarinhatt.se\/blogg\/wp-content\/uploads\/2013\/03\/mobildata-300x204.png 300w, http:\/\/annakarinhatt.se\/blogg\/wp-content\/uploads\/2013\/03\/mobildata.png 467w\" sizes=\"auto, (max-width: 300px) 100vw, 300px\" \/><\/a><p id=\"caption-attachment-3491\" class=\"wp-caption-text\">M\u00e4ngd \u00f6verf\u00f6rd mobil data. K\u00e4lla: Svensk Telemarknad 2012, PTS<\/p><\/div>\n<p>Vi svenskar har snabbt tagit till oss den nya mobila tekniken och allt fler av oss v\u00e4njer oss nu vid att anv\u00e4nda mobilen och ha bra mobila kommunikationer, oavsett var vi befinner oss. Och ju mer vi anv\u00e4nder den mobila tekniken &#8211;\u00a0f\u00f6r att ringa, surfa, arbeta och utr\u00e4tta \u00e4renden med &#8211;\u00a0desto mer f\u00f6rv\u00e4ntar vi oss f\u00f6rst\u00e5s att den ska funka bra. Hemma och p\u00e5 jobbet. P\u00e5 stan och p\u00e5 resande fot.Effekten av det \u00e4r att trafiken i v\u00e5ra mobiln\u00e4t \u00f6kat mycket snabbt. Som diagrammet till v\u00e4nster visar har den utvecklingen varit explosionsartad. Och det \u00e4r en effekt av att vi svenskar sedan l\u00e4nge \u00e4r s\u00e5 kallade &#8221;early adopters&#8221; &#8211; n\u00e4r vi v\u00e4l f\u00e5tt upp \u00f6gonen och sett nyttan med en ny teknik s\u00e5 \u00e4r vi snabba att ta till oss och anv\u00e4nda den.<\/p>\n<p>Det\u00a0\u00e4r i grunden v\u00e4ldigt positivt, och en av de viktiga f\u00f6rklaringarna till det svenska it-undret. Men samtidigt har v\u00e5ra snabbt \u00e4ndrade och \u00f6kade mobilvanor just nu en baksida. Och den baksidan heter \u00f6verbelastade mobiln\u00e4t.<\/p>\n<p>De \u00f6verbelastade mobiln\u00e4ten inneb\u00e4r att vi , fast\u00e4n det finns t\u00e4ckning d\u00e4r vi befinner oss, kanske inte alltid kan ta oss ut p\u00e5 n\u00e4tet eller att vi drabbas av st\u00f6rningar och problem. \u00d6verbelastade mobiln\u00e4t inneb\u00e4r helt enkelt att fler m\u00e4nniskor vid ett och samma tillf\u00e4lle f\u00f6rs\u00f6ker koppla in sig p\u00e5 n\u00e4tet och anv\u00e4nda det, \u00e4n vad kapaciteten i n\u00e4tet \u00e4r dimensionerad f\u00f6r.\u00a0Vilket leder till att man just d\u00e5 kanske inte kan ringa eller kolla sin e-post d\u00e4r man \u00e4r, fast\u00e4n man vanligtvis brukar kunna g\u00f6ra det, just d\u00e4r.<\/p>\n<p>\u00d6verbelastade mobiln\u00e4t finns just nu, b\u00e5de p\u00e5 landsbygden och i v\u00e5ra st\u00e4der. I den situationen \u00e4r det oerh\u00f6rt viktigt att operat\u00f6rerna, n\u00e4r de lovat t\u00e4ckning och att man ska kunna anv\u00e4nda just dem just d\u00e4r, ser till att prioritera att bygga ut kapaciteten i n\u00e4tet och att h\u00e5lla j\u00e4mna steg med v\u00e5r \u00f6kade vilja att anv\u00e4nda den mobila tekniken och mobiln\u00e4ten allt mer.<\/p>\n<p>Samtidigt finns det, inte minst i de mer glesbefolkade delarna av v\u00e5rt land, ibland helt andra problem och p\u00e5 endel platser kan det till och med helt och h\u00e5llet saknas mobilt\u00e4ckning. I radioprogrammet <a title=\"Kaliber\" href=\"http:\/\/sverigesradio.se\/sida\/avsnitt\/169639?programid=1316\" target=\"_blank\">Kaliber<\/a> som s\u00e4ndes ig\u00e5r kunde man h\u00f6ra flera personer ber\u00e4tta om sina problem,\u00a0och vad det inneb\u00e4r n\u00e4r den fasta telefonin hemma eller mobiltelefonen inte fungerar.<\/p>\n<p>Till de som just nu p\u00e5verkas av Telias teknikskifte och som \u00e4r oroliga f\u00f6r hur det ska bli med den fasta hemtelefonen vill jag vara v\u00e4ldigt tydlig:\u00a0alla m\u00e4nniskor, och d\u00e5 menar jag verkligen alla, har r\u00e4tt att ha en fungerande hemtelefon. Om man ber\u00f6rs av Telias tekniksskifte, och bor p\u00e5 en plats d\u00e4r de inte l\u00e4ngre kommer ha kvar det gamla kopparn\u00e4tet, d\u00e5\u00a0\u00e4r de skyldiga att erbjuda en annan l\u00f6sning, som fungerar. Och skulle de inte kunna hitta en s\u00e5dan l\u00f6sning s\u00e5 har man som konsument \u00e4nd\u00e5 r\u00e4tt att f\u00e5 hemtelefon. I det l\u00e4get ska man v\u00e4nda sig till Post- och Telestyrelsen, som har f\u00e5tt regeringens uppdrag att hj\u00e4lpa dem som Telia inte kan erbjuda en ers\u00e4ttningsl\u00f6sning till, s\u00e5 att de kan ta fram en annan fungerande hemtelefonil\u00f6sning. Redan idag finns det allts\u00e5 en tydlig lagstiftning som ger alla svenskar r\u00e4tt till fungerande hemtelefoni,\u00a0vilket dock inte\u00a0<a title=\"Aftonbladets ledarsida\" href=\"http:\/\/www.aftonbladet.se\/ledare\/ledarkronika\/evafranchell\/article16479365.ab\" target=\"_blank\">Aftonbladets ledarsida verkar k\u00e4nna<\/a> till.<\/p>\n<p>N\u00e4r det g\u00e4ller mobiltelefonin \u00e4r det viktigt att vi f\u00e5r allt b\u00e4ttre mobiln\u00e4t, i hela landet. Och i <a title=\"Anna-Karin Hatt intervjuad i P1 Morgon.\" href=\"http:\/\/sverigesradio.se\/sida\/artikel.aspx?programid=1650&amp;artikel=5484003\" target=\"_blank\">P1 Morgon<\/a> i morse beskrev jag vad vi i regeringen, och Post- och Telestyrelsen, g\u00f6r f\u00f6r att driva p\u00e5 den utvecklingen:<\/p>\n<ul>\n<li><span style=\"line-height: 1.7;\">Sedan vi tilltr\u00e4dde har Alliansregeringen prioriterat att frig\u00f6ra s\u00e5 mycket utrymme i etern (radiospektrum) som m\u00f6jligt f\u00f6r att operat\u00f6rerna ska kunna bygga ut mobiln\u00e4ten och mobilt bredband. Faktum \u00e4r att Sverige \u00e4r det land i hela Europa som har frigjort mest utrymme f\u00f6r mobilt bredband och mobil telefoni. Det arbetet kommer vi forts\u00e4tta.<\/span><\/li>\n<li><span style=\"line-height: 1.7;\">I det ing\u00e5r att vi nu \u00f6ppnat det\u00a0<a title=\"Om 800-bandet p\u00e5 PTS webbsida\" href=\"http:\/\/www.pts.se\/sv\/Bransch\/Radio\/Auktioner\/Ansokan-tillstand-800-MHz-bandet\/\" target=\"_blank\">frekvensband som tidigare anv\u00e4ndes f\u00f6r analoga tv-s\u00e4ndningar <\/a>, det s\u00e5 kallade 800-bandet, f\u00f6r mobil telefoni. Och snart kommer det tas i bruk p\u00e5 allvar, vilket inneb\u00e4r att vi kommer kunna t\u00e4cka stora geografiska omr\u00e5den, ocks\u00e5 i de glesa delarna av landet, med mobil telefoni, p\u00e5\u00a0ett bra s\u00e4tt. Det kommer leda till att t\u00e4ckningen\u00a0p\u00e5 landsbygden blir b\u00e4ttre, och att mottagningsm\u00f6jligheterna inomhus blir b\u00e4ttre.<\/span><\/li>\n<li><span style=\"line-height: 1.7;\">Samtidigt som 800-bandet \u00f6ppnades f\u00f6r mobil telefoni har vi st\u00e4llt ut en garanti som inneb\u00e4r att alla, och d\u00e5 menar jag verkligen alla, som idag inte har m\u00f6jlighet att f\u00e5 grundl\u00e4ggande bredband nu f\u00e5r r\u00e4tt att f\u00e5 det. Kan man inte f\u00e5 grundl\u00e4ggande bredband genom n\u00e5gon operat\u00f6r ska man h\u00f6ra av sig till PTS s\u00e5 att de kan se till s\u00e5 att man f\u00e5r\u00a0det (<a title=\"Ans\u00f6k om funktionellt bredband p\u00e5 pts.se\" href=\"http:\/\/www.pts.se\/sv\/Privat\/Internet\/Bredband-ADSL\/Utan-bredband\/\">vilket man kan g\u00f6ra h\u00e4r<\/a>). Och detta grundl\u00e4ggande bredband kommer man ocks\u00e5 kunna anv\u00e4nda f\u00f6r att ringa med. 300 miljoner kronor finns avsatta f\u00f6r det.<\/span><\/li>\n<li><span style=\"line-height: 1.7;\">Regeringen och PTS har ocks\u00e5 gjort det m\u00f6jligt f\u00f6r mobiloperat\u00f6rerna att bygga ut modernare och mer effektiv s\u00e4ndningsteknik &#8211; 4G &#8211; en teknik som kommer kunna hantera mycket mer data och r\u00f6st \u00e4n det gamla GSM-systemet\u00a0eller 3G-n\u00e4tet g\u00f6r. Och nu byggs 4G ut i snabb takt. I takt med att det tas i bruk, och i takt med att det kommer telefoner som kan b\u00f6rja anv\u00e4nda 4G-n\u00e4tet, kommer 3G-n\u00e4tet bli mindre \u00f6verbelastat.<\/span><\/li>\n<li><span style=\"line-height: 1.7;\">Dessutom har jag som it-minister i flera olika steg tagit initiativ till att vi tydligt <a title=\"F\u00f6rslag om minskad upps\u00e4gningstid och slopat simkortl\u00e5s\" href=\"http:\/\/sverigesradio.se\/sida\/artikel.aspx?programid=98&amp;artikel=5482340\" target=\"_blank\">st\u00e4rkt konsumenternas makt p\u00e5 mobilmarknaden <\/a>. Som abonnent ska man\u00a0p\u00e5 ett enkelt s\u00e4tt kunna f\u00e5 information om vad som ing\u00e5r i ett abonnemang, och \u00e4r man missn\u00f6jd med sin operat\u00f6r ska man enklare och snabbare kunna byta till en annan operat\u00f6r.<\/span><\/li>\n<li><span style=\"line-height: 1.7;\">D\u00e4rtill jobbar PTS nu f\u00f6r att mobiltelefoners mottagningskapacitet ska redovisas tydligare. F\u00f6r\u00a0endel av de problem som upplevs som t\u00e4ckningsproblem handlar om att man bytt telefon, och att den nya (kanske smartare) telefonen har en inbyggd och svagare antenn som g\u00f6r att telefonen har sv\u00e5rare att klara sig i det mobiln\u00e4t som finns d\u00e4r man bor. Med b\u00e4ttre information om vilken mottagningskapacitet olika mobiltelefoner har blir det l\u00e4ttare att j\u00e4mf\u00f6ra och v\u00e4lja en mobil som verkligen fungerar, \u00e4ven om man bor i ett omr\u00e5de d\u00e4r t\u00e4ckningen av n\u00e5got sk\u00e4l \u00e4r svagare. <\/span><\/li>\n<\/ul>\n<p>I <a title=\"Oppositionspartierna i Ekot\" href=\"http:\/\/sverigesradio.se\/sida\/artikel.aspx?programid=83&amp;artikel=5483679\" target=\"_blank\">Ekot<\/a> i morse f\u00f6rde tre f\u00f6retr\u00e4dare f\u00f6r oppositionen fram f\u00f6rslag om att l\u00f6sningen p\u00e5 t\u00e4ckningsproblemet vore att lagstifta f\u00f6r att garantera mobilt\u00e4ckning i hela landet. Efter tv\u00e5 och ett halvt \u00e5r som it-minister har jag \u00e4gnat en hel del tid \u00e5t den h\u00e4r fr\u00e5gan, och idag tror jag mig ha en ganska klar bild av problemet. Och jag \u00e4r ganska \u00f6vertygad om att lagstiftning, i det h\u00e4r fallet, inte \u00e4r r\u00e4tt v\u00e4g att g\u00e5.<\/p>\n<p>Jag har full f\u00f6rst\u00e5else f\u00f6r, och delar ambitionen bakom, det Green (s), Andersson (v) och Ceballos (mp) vill \u00e5stadkomma. Vi ska ha bra mobiln\u00e4t i hela landet, och de beh\u00f6ver bli allt b\u00e4ttre. Ju mer vi anv\u00e4nder tekniken, ju mer beroende vi blir av den, desto viktigare \u00e4r det att n\u00e4ten \u00e4r v\u00e4l utbyggda, att de har kapacitet att klara alla nya anv\u00e4ndare och att mobiltelefonin funkar bra i hela landet. Det \u00e4r en sj\u00e4lvklar politisk prioritering f\u00f6r mig.<\/p>\n<p>Men \u00e4ven om det kan l\u00e5ta tilltalande, s\u00e5 \u00e4r inte ny lagstiftning garanten f\u00f6r det.<\/p>\n<p>Endel av t\u00e4ckningsproblemen beror n\u00e4mligen p\u00e5 att det finns fysiska hinder i v\u00e4gen &#8211; tr\u00e4d, berg, dalg\u00e5ngar.\u00a0Och den sortens fenomen kan inte\u00a0lagstiftas bort.<\/p>\n<p>Endel av bekymren beror p\u00e5 att dagens smarta telefoner, med inbyggda antenner, \u00e4r s\u00e4mre p\u00e5 att ta emot signalerna \u00e4n vad \u00e4ldre modeller \u00e4r. Och lagstiftning biter inte heller p\u00e5 det.<\/p>\n<p>Att, inf\u00f6r de m\u00e4nniskor som verkligen beh\u00f6ver f\u00e5 b\u00e4ttre mobilt\u00e4ckning eller b\u00e4ttre n\u00e4tkapacitet, l\u00e5tsas som att det finns en snabb l\u00f6sning som stavas lagstiftning \u00e4r inte riktigt ok.<\/p>\n<p><span style=\"line-height: 1.7;\">Sj\u00e4lvklart ska vi forts\u00e4tta g\u00f6ra allt vi kan f\u00f6r att f\u00f6rb\u00e4ttra n\u00e4ten, men vi ska g\u00f6ra det p\u00e5 ett smart och fungerande s\u00e4tt. Och vi ska v\u00e4lja de metoder som g\u00f6r verklig skillnad, och p\u00e5 ett snabbare och effektivare s\u00e4tt. <\/span><\/p>\n<p>En hel del av det g\u00f6r jag och regeringen redan, vilket jag beskrivit h\u00e4r ovanf\u00f6r. Men vid sidan om det, m\u00e5ste ocks\u00e5 operat\u00f6rerna g\u00f6ra mer.<\/p>\n<p>Alldeles uppenbart m\u00e5ste operat\u00f6rerna b\u00f6rja beskriva verkligheten, som den verkligen \u00e4r. De t\u00e4ckningskartor man f\u00e5r se n\u00e4r tecknar sitt abonnemang m\u00e5ste st\u00e4mma med verkligheten . Alltf\u00f6r m\u00e5nga har varit med om att man valt en operat\u00f6r, byggt p\u00e5 att t\u00e4ckningskartan visat att abonnemanget ska funka d\u00e4r man r\u00f6r sig eller bor,\u00a0bara f\u00f6r att uppt\u00e4cka att det inte fungerar, trots att man blivit lovad att n\u00e4tet ska fungera just d\u00e4r. De f\u00f6rsk\u00f6nande t\u00e4ckningskartorna m\u00e5ste f\u00e5 ett slut. Om kartan inte st\u00e4mmer med verkligheten, m\u00e5ste kartan ritas om. Har man lovat t\u00e4ckning p\u00e5 en viss plats, och n\u00e4ten blir \u00f6verbelastade f\u00f6r att allt fler kunder anv\u00e4nder dem, d\u00e5 m\u00e5ste operat\u00f6rerna bygga ut och \u00f6ka n\u00e4tkapaciteten. En t\u00e4ckningskarta som inte st\u00e4mmer, \u00e4r faktiskt falsk marknadsf\u00f6ring.<\/p>\n<p>Ocks\u00e5 p\u00e5 andra s\u00e4tt har operat\u00f6rerna mycket tydliga skyldigheter. Ibland s\u00e4gs det att det inte finns n\u00e5gra t\u00e4ckningskrav p\u00e5 operat\u00f6rerna, \u00f6ver huvud taget. Men det \u00e4r faktiskt inte sant. Tittar man p\u00e5 till exempel GSM-bandet s\u00e5 sk\u00e4rptes t\u00e4ckningskravet kraftigt 2009, i samband med deras tillst\u00e5nd f\u00f6rl\u00e4ngdes. Och i alla de band d\u00e4r det \u00e4r l\u00e4mpligt att st\u00e4lla krav p\u00e5 att t\u00e4cka en viss andel av landets yta s\u00e5 st\u00e4ller ocks\u00e5 PTS\u00a0krav p\u00e5 det. Men i band d\u00e4r det beh\u00f6ver finnas utrymme att driva teknikutvecklingen fram\u00e5t, och t.ex. ge plats f\u00f6r 4G, s\u00e5 ser regleringen ut p\u00e5 ett annat s\u00e4tt.<\/p>\n<p>Bra telefoni, bra bredband och bra mobiltelefoni, i hela landet, \u00e4r en viktig fr\u00e5ga, f\u00f6r Centerpartiet och f\u00f6r mig. Just d\u00e4rf\u00f6r kommer jag forts\u00e4tta g\u00f6ra allt jag kan f\u00f6r att se till s\u00e5 att det finns allt b\u00e4ttre f\u00f6ruts\u00e4ttningar f\u00f6r det.<\/p>\n","protected":false},"excerpt":{"rendered":"<p>Vi svenskar har snabbt tagit till oss den nya mobila tekniken och allt fler av oss v\u00e4njer oss nu vid att anv\u00e4nda mobilen och ha bra mobila kommunikationer, oavsett var vi befinner oss. Och ju mer vi anv\u00e4nder den mobila tekniken &#8211;\u00a0f\u00f6r att ringa, surfa, arbeta och utr\u00e4tta \u00e4renden med &#8211;\u00a0desto mer f\u00f6rv\u00e4ntar vi oss&nbsp;<a href=\"http:\/\/annakarinhatt.se\/blogg\/lagstiftning-loser-inte-tackningsproblemet\/\" class=\"read-more\">Continue Reading<\/a><\/p>\n","protected":false},"author":3,"featured_media":0,"comment_status":"open","ping_status":"open","sticky":false,"template":"","format":"standard","meta":{"ngg_post_thumbnail":0,"footnotes":""},"categories":[7],"tags":[163,21,241,97],"class_list":["post-3490","post","type-post","status-publish","format-standard","hentry","category-it-politik","tag-internet","tag-it","tag-mobiltackning","tag-mobiltelefoni","cat-7-id"],"_links":{"self":[{"href":"http:\/\/annakarinhatt.se\/blogg\/wp-json\/wp\/v2\/posts\/3490","targetHints":{"allow":["GET"]}}],"collection":[{"href":"http:\/\/annakarinhatt.se\/blogg\/wp-json\/wp\/v2\/posts"}],"about":[{"href":"http:\/\/annakarinhatt.se\/blogg\/wp-json\/wp\/v2\/types\/post"}],"author":[{"embeddable":true,"href":"http:\/\/annakarinhatt.se\/blogg\/wp-json\/wp\/v2\/users\/3"}],"replies":[{"embeddable":true,"href":"http:\/\/annakarinhatt.se\/blogg\/wp-json\/wp\/v2\/comments?post=3490"}],"version-history":[{"count":24,"href":"http:\/\/annakarinhatt.se\/blogg\/wp-json\/wp\/v2\/posts\/3490\/revisions"}],"predecessor-version":[{"id":4434,"href":"http:\/\/annakarinhatt.se\/blogg\/wp-json\/wp\/v2\/posts\/3490\/revisions\/4434"}],"wp:attachment":[{"href":"http:\/\/annakarinhatt.se\/blogg\/wp-json\/wp\/v2\/media?parent=3490"}],"wp:term":[{"taxonomy":"category","embeddable":true,"href":"http:\/\/annakarinhatt.se\/blogg\/wp-json\/wp\/v2\/categories?post=3490"},{"taxonomy":"post_tag","embeddable":true,"href":"http:\/\/annakarinhatt.se\/blogg\/wp-json\/wp\/v2\/tags?post=3490"}],"curies":[{"name":"wp","href":"https:\/\/api.w.org\/{rel}","templated":true}]}}