{"id":3515,"date":"2013-03-25T20:44:38","date_gmt":"2013-03-25T19:44:38","guid":{"rendered":"http:\/\/annakarinhatt.se\/blogg\/?p=3515"},"modified":"2013-03-25T20:44:38","modified_gmt":"2013-03-25T19:44:38","slug":"ett-helt-fornybart-samhalle","status":"publish","type":"post","link":"http:\/\/annakarinhatt.se\/blogg\/ett-helt-fornybart-samhalle\/","title":{"rendered":"Ett helt f\u00f6rnybart samh\u00e4lle"},"content":{"rendered":"<p>Under v\u00e5r Framtidsst\u00e4mma i helgen fattades m\u00e5nga kloka beslut. Sj\u00e4lv \u00e4r jag v\u00e4ldigt glad \u00f6ver att milj\u00f6kapitlet blev ett av de vassaste, i hela id\u00e9programmet. D\u00e4r sl\u00e5r vi tydligt fast att vi ska vara ett ledande milj\u00f6parti och en stark kraft f\u00f6r h\u00e5llbarhet, b\u00e5de i Sverige och internationellt. Centerpartiet \u00e4r ett sedan l\u00e4nge ett tydligt gr\u00f6nt parti som tror p\u00e5 att kombinera starkt milj\u00f6ansvar med tilltro till teknikens och utvecklingens kraft.<\/p>\n<p>Ett av de beslut jag \u00e4r mest stolt \u00f6ver \u00e4r att st\u00e4mman slog fast att Sverige b\u00e5de har m\u00f6jlighet och skyldighet att inom mindre \u00e4n en generation bli ett samh\u00e4lle med hundra procent f\u00f6rnybar energi, helt fritt fr\u00e5n fossil energi, d\u00e4r Centerpartiets vision \u00e4r ett samh\u00e4lle utan k\u00e4rnkraft. Det \u00e4r ett bra beslut som inneb\u00e4r att Centerpartiet str\u00e4var efter ett helt f\u00f6rnybart samh\u00e4lle, utan vare sig fossil energi eller k\u00e4rnkraft.<\/p>\n<p>Med Sveriges rika f\u00f6rnybara f\u00f6ruts\u00e4ttningar \u00e4r jag \u00f6vertygad om att det \u00e4r m\u00f6jligt att n\u00e5 dit. Tittar vi p\u00e5 vad vi i Sverige lyckats med de senaste 40 \u00e5ren blir det tydligt att det \u00e4r en fullt realistisk vision. I b\u00f6rjan av 1970-talet stod det fossila f\u00f6r \u00f6ver 80 procent av Sveriges energif\u00f6rbrukning. Idag st\u00e5r det fossila f\u00f6r mindre \u00e4n 35 procent och mer \u00e4n halva v\u00e5r elproduktion \u00e4r f\u00f6rnybar. N\u00e4r vi best\u00e4mmer oss kan vi klara ocks\u00e5 stora f\u00f6r\u00e4ndringar i v\u00e5rt land. <\/p>\n<p>Ett av de viktigaste stegen f\u00f6r att komma dit \u00e4r att fasa ut de fossila br\u00e4nslena. Att bryta oljeberoendet i transportsektorn och se till s\u00e5 att fordonsflottan p\u00e5 sikt helt drivs med f\u00f6rnybar energi. Och p\u00e5 det temat beslutade st\u00e4mman att Centerpartiet p\u00e5 sikt endast vill till\u00e5ta f\u00f6rs\u00e4ljning av fordon som kan g\u00e5 p\u00e5 f\u00f6rnybara drivmedel, samtidigt som vi bygger ut infrastrukturen f\u00f6r de f\u00f6rnybara drivmedlen allt mer. Det \u00e4r riktigt offensiv politik som kommer g\u00f6ra verklig skillnad f\u00f6r klimatet. <\/p>\n<p>\u00c4n en g\u00e5ng har Centerpartiet den h\u00e4r helgen visat att vi ligger i framkant av milj\u00f6debatten. Sveriges historia visar att vi kan klara tuffa utmaningar, om vi best\u00e4mmer oss f\u00f6r det. Nu i helgen har vi i Centerpartiet \u00e4nnu tydligare \u00e4n tidigare best\u00e4mt oss f\u00f6r att anta just den utmaningen. <\/p>\n","protected":false},"excerpt":{"rendered":"<p>Under v\u00e5r Framtidsst\u00e4mma i helgen fattades m\u00e5nga kloka beslut. Sj\u00e4lv \u00e4r jag v\u00e4ldigt glad \u00f6ver att milj\u00f6kapitlet blev ett av de vassaste, i hela id\u00e9programmet. D\u00e4r sl\u00e5r vi tydligt fast att vi ska vara ett ledande milj\u00f6parti och en stark kraft f\u00f6r h\u00e5llbarhet, b\u00e5de i Sverige och internationellt. Centerpartiet \u00e4r ett sedan l\u00e4nge ett tydligt&nbsp;<a href=\"http:\/\/annakarinhatt.se\/blogg\/ett-helt-fornybart-samhalle\/\" class=\"read-more\">Continue Reading<\/a><\/p>\n","protected":false},"author":3,"featured_media":0,"comment_status":"open","ping_status":"open","sticky":false,"template":"","format":"standard","meta":{"ngg_post_thumbnail":0,"footnotes":""},"categories":[18,87],"tags":[],"class_list":["post-3515","post","type-post","status-publish","format-standard","hentry","category-centerpartiet","category-energi","cat-18-id","cat-87-id"],"_links":{"self":[{"href":"http:\/\/annakarinhatt.se\/blogg\/wp-json\/wp\/v2\/posts\/3515","targetHints":{"allow":["GET"]}}],"collection":[{"href":"http:\/\/annakarinhatt.se\/blogg\/wp-json\/wp\/v2\/posts"}],"about":[{"href":"http:\/\/annakarinhatt.se\/blogg\/wp-json\/wp\/v2\/types\/post"}],"author":[{"embeddable":true,"href":"http:\/\/annakarinhatt.se\/blogg\/wp-json\/wp\/v2\/users\/3"}],"replies":[{"embeddable":true,"href":"http:\/\/annakarinhatt.se\/blogg\/wp-json\/wp\/v2\/comments?post=3515"}],"version-history":[{"count":3,"href":"http:\/\/annakarinhatt.se\/blogg\/wp-json\/wp\/v2\/posts\/3515\/revisions"}],"predecessor-version":[{"id":3519,"href":"http:\/\/annakarinhatt.se\/blogg\/wp-json\/wp\/v2\/posts\/3515\/revisions\/3519"}],"wp:attachment":[{"href":"http:\/\/annakarinhatt.se\/blogg\/wp-json\/wp\/v2\/media?parent=3515"}],"wp:term":[{"taxonomy":"category","embeddable":true,"href":"http:\/\/annakarinhatt.se\/blogg\/wp-json\/wp\/v2\/categories?post=3515"},{"taxonomy":"post_tag","embeddable":true,"href":"http:\/\/annakarinhatt.se\/blogg\/wp-json\/wp\/v2\/tags?post=3515"}],"curies":[{"name":"wp","href":"https:\/\/api.w.org\/{rel}","templated":true}]}}