{"id":3520,"date":"2013-03-26T12:27:33","date_gmt":"2013-03-26T11:27:33","guid":{"rendered":"http:\/\/annakarinhatt.se\/blogg\/?p=3520"},"modified":"2013-03-27T22:15:17","modified_gmt":"2013-03-27T21:15:17","slug":"intervju-i-svt","status":"publish","type":"post","link":"http:\/\/annakarinhatt.se\/blogg\/intervju-i-svt\/","title":{"rendered":"Om Framtidsst\u00e4mman, i SVT"},"content":{"rendered":"<p>Under Centerpartiets Framtidsst\u00e4mma i Upplands V\u00e4sby intervjuades jag i SVT Forum om vad jag tyckte om st\u00e4mmans olika beslut:<\/p>\n<p><iframe src='http:\/\/www.svtplay.se\/klipp\/1117024?type=embed&#038;external=true' width='498' height='280' frameborder='0' scrolling='no'><\/iframe><\/p>\n","protected":false},"excerpt":{"rendered":"<p>Under Centerpartiets Framtidsst\u00e4mma i Upplands V\u00e4sby intervjuades jag i SVT Forum om vad jag tyckte om st\u00e4mmans olika beslut:<\/p>\n","protected":false},"author":3,"featured_media":0,"comment_status":"open","ping_status":"open","sticky":false,"template":"","format":"standard","meta":{"ngg_post_thumbnail":0,"footnotes":""},"categories":[18,19],"tags":[404,244,242,243],"class_list":["post-3520","post","type-post","status-publish","format-standard","hentry","category-centerpartiet","category-kommunikation","tag-centerpartiet","tag-framtidsstamman","tag-svt","tag-svt-forum","cat-18-id","cat-19-id"],"_links":{"self":[{"href":"http:\/\/annakarinhatt.se\/blogg\/wp-json\/wp\/v2\/posts\/3520","targetHints":{"allow":["GET"]}}],"collection":[{"href":"http:\/\/annakarinhatt.se\/blogg\/wp-json\/wp\/v2\/posts"}],"about":[{"href":"http:\/\/annakarinhatt.se\/blogg\/wp-json\/wp\/v2\/types\/post"}],"author":[{"embeddable":true,"href":"http:\/\/annakarinhatt.se\/blogg\/wp-json\/wp\/v2\/users\/3"}],"replies":[{"embeddable":true,"href":"http:\/\/annakarinhatt.se\/blogg\/wp-json\/wp\/v2\/comments?post=3520"}],"version-history":[{"count":14,"href":"http:\/\/annakarinhatt.se\/blogg\/wp-json\/wp\/v2\/posts\/3520\/revisions"}],"predecessor-version":[{"id":3533,"href":"http:\/\/annakarinhatt.se\/blogg\/wp-json\/wp\/v2\/posts\/3520\/revisions\/3533"}],"wp:attachment":[{"href":"http:\/\/annakarinhatt.se\/blogg\/wp-json\/wp\/v2\/media?parent=3520"}],"wp:term":[{"taxonomy":"category","embeddable":true,"href":"http:\/\/annakarinhatt.se\/blogg\/wp-json\/wp\/v2\/categories?post=3520"},{"taxonomy":"post_tag","embeddable":true,"href":"http:\/\/annakarinhatt.se\/blogg\/wp-json\/wp\/v2\/tags?post=3520"}],"curies":[{"name":"wp","href":"https:\/\/api.w.org\/{rel}","templated":true}]}}