{"id":3592,"date":"2013-04-13T18:14:19","date_gmt":"2013-04-13T16:14:19","guid":{"rendered":"http:\/\/annakarinhatt.se\/blogg\/?p=3592"},"modified":"2013-04-13T18:14:19","modified_gmt":"2013-04-13T16:14:19","slug":"vastmanland-och-dalarna-kontrasternas-lan","status":"publish","type":"post","link":"http:\/\/annakarinhatt.se\/blogg\/vastmanland-och-dalarna-kontrasternas-lan\/","title":{"rendered":"V\u00e4stmanland och Dalarna &#8211; kontrasternas l\u00e4n"},"content":{"rendered":"<p>Idag har jag haft f\u00f6rm\u00e5nen att f\u00e5 bes\u00f6ka och tala p\u00e5 tv\u00e5 distriktsst\u00e4mmor \u2013 i V\u00e4stmanland och Dalarna. B\u00e5de V\u00e4stmanland och Dalarna \u00e4r tv\u00e5 v\u00e4ldigt vackra l\u00e4n, fulla av kontraster. Djupa skogar, och glittrande sj\u00f6ar. Vackra bruksmilj\u00f6er, och moderna st\u00e4der. B\u00f6rdig \u00e5kermark, och livskraftiga industrier. B\u00e5de V\u00e4stmanland och Dalarna \u00e4r verkligen stad och land, sida vid sida. <\/p>\n<p>N\u00e4r jag hade chansen att tr\u00e4ffa s\u00e5 m\u00e5nga centerpartister (p\u00e5 b\u00e5da st\u00e4mmorna var det fler deltagare \u00e4n vad det brukar vara) passade jag f\u00f6rst\u00e5s p\u00e5 att prata en hel del om v\u00e5rt nya id\u00e9program, men ocks\u00e5 om allt det som Centerpartiet utr\u00e4ttar i det dagliga politiska arbetet. Om endel av det skriver jag ocks\u00e5 idag, tillsammans med V\u00e4stmanlands distriktsordf\u00f6rande Birgitta Andersson respektive Dalarnas distriktsordf\u00f6rande Lena Reyier,i <a href=\"http:\/\/vlt.se\/asikt\/debatt\/1.2040410-mer-biobransle-i-bensin-och-ingen-etanolskatt\" title=\"VLT\" target=\"_blank\">V\u00e4stmanlands L\u00e4ns Tidning<\/a> och i <a href=\"http:\/\/www.dt.se\/opinion\/debatt\/1.5774146-vi-ser-hela-landet\" title=\"DT\" target=\"_blank\">Dalarnas Tidningar<\/a>.<\/p>\n<p>P\u00e5 V\u00e4stmanlands st\u00e4mma pratade jag bland annat om den rykande f\u00e4rska tillv\u00e4xtsatsning som Annie och Alliansregeringen presenterade nu i veckan, och som omfattar bland annat V\u00e4stmanland. En av delarna i v\u00e5rpropositionen \u00e4r n\u00e4mligen att vi, de n\u00e4rmaste tv\u00e5 \u00e5ren, kommer satsa 80 miljoner kronor p\u00e5 kompetensf\u00f6rs\u00f6rjning, innovationsinsatser och exportfr\u00e4mjande i de \u00e5tta l\u00e4n som just nu har det tuffast i sp\u00e5ren av den ekonomiska krisen. F\u00f6r V\u00e4stmanland inneb\u00e4r det 10 nya miljoner till regional tillv\u00e4xt. Och sj\u00e4lvklart har Centerpartiet i regeringen sett till s\u00e5 att det \u00e4r l\u00e4nen sj\u00e4lva som kommer f\u00e5 avg\u00f6ra hur dem vill anv\u00e4nda de pengarna b\u00e4st. <\/p>\n<p>I b\u00e5de Dalarna och V\u00e4stmanland pratade jag ocks\u00e5 om hur energiforskningen bidrar till att st\u00e4rka den lokala konkurrenskraften. F\u00f6r om vi ska klara av att st\u00e4lla om v\u00e5rt energisystem till ett h\u00e5llbart energisystem s\u00e5 beh\u00f6ver vi ny kunskap och ny teknik. Och det var precis d\u00e4rf\u00f6r som jag och Centerpartiet drev igenom att vi i Alliansregeringen, i \u00e5rets budget, h\u00f6jde de permanenta satsningarna p\u00e5 forskning kring framtidens klimatsmarta och energieffektiva teknik till 1,4 miljarder kronor, varje \u00e5r. 1,4 miljarder kronor inneb\u00e4r en h\u00f6jning av den permanenta energiforskningsniv\u00e5n med hela 51 procent. <\/p>\n<p>I Dalarna inneb\u00e4r det att n\u00e4rmare 6,3 miljoner kronor nu kan g\u00e5 till forskning, innovation och utveckling i l\u00e4net, och f\u00f6r V\u00e4stmanlands del inneb\u00e4r det sju miljoner kronor. Det \u00e4r forskning som kommer vara viktig f\u00f6r att st\u00e4lla om energisystemet, och f\u00f6r att f\u00e5 fler nya jobb och nya f\u00f6retag i v\u00e5rt land.<\/p>\n<p>B\u00e5de energiforskningen och f\u00f6rst\u00e4rkningen av de regionala tillv\u00e4xtmedlen \u00e4r tv\u00e5 exempel p\u00e5 s\u00e5dant som inte hade skett utan Centerpartiets arbete i Alliansregeringen, och det m\u00e4rks att m\u00e5nga centerpartister \u00e4r stolta \u00f6ver det. Nu g\u00e4ller det att m\u00e5nga centerpartister g\u00e5r ut och ber\u00e4ttar om allt det fina som vi lyckas \u00e5stadkomma, i riksdagen, i regeringen och runt om i hela landet. F\u00f6r det \u00e4r genom att synas, genom att diskutera och genom att ber\u00e4tta som vi kan n\u00e5 ut till fler. <\/p>\n<p>Och i det passar Centerpartiets nya kampanj \u2013 <a href=\"http:\/\/etthallbartval.se\/\">Vi ser hela landet<\/a> \u2013 alldeles perfekt. Nu hoppas jag att alla centerpartister kommer ge sig ut och anv\u00e4nda den kampanjen f\u00f6r att ber\u00e4tta hur vi i Centerpartiet vill se till s\u00e5 att hela Sverige kan utvecklas. <\/p>\n<p>F\u00f6r en l\u00e5ngsiktigt h\u00e5llbar politik kan bara garanteras med ett starkt centerparti. Den insikten ska vi sprida till fler. St\u00e4mmorna i V\u00e4stmanland och Dalarna var viktiga avstamp f\u00f6r det arbete som nu ligger framf\u00f6r oss. <\/p>\n","protected":false},"excerpt":{"rendered":"<p>Idag har jag haft f\u00f6rm\u00e5nen att f\u00e5 bes\u00f6ka och tala p\u00e5 tv\u00e5 distriktsst\u00e4mmor \u2013 i V\u00e4stmanland och Dalarna. B\u00e5de V\u00e4stmanland och Dalarna \u00e4r tv\u00e5 v\u00e4ldigt vackra l\u00e4n, fulla av kontraster. Djupa skogar, och glittrande sj\u00f6ar. Vackra bruksmilj\u00f6er, och moderna st\u00e4der. B\u00f6rdig \u00e5kermark, och livskraftiga industrier. B\u00e5de V\u00e4stmanland och Dalarna \u00e4r verkligen stad och land, sida&nbsp;<a href=\"http:\/\/annakarinhatt.se\/blogg\/vastmanland-och-dalarna-kontrasternas-lan\/\" class=\"read-more\">Continue Reading<\/a><\/p>\n","protected":false},"author":3,"featured_media":0,"comment_status":"open","ping_status":"open","sticky":false,"template":"","format":"standard","meta":{"ngg_post_thumbnail":0,"footnotes":""},"categories":[18,87,14],"tags":[247,246,178,248],"class_list":["post-3592","post","type-post","status-publish","format-standard","hentry","category-centerpartiet","category-energi","category-regional-tillvaxt","tag-distriktsstamma","tag-energifors","tag-energiforskning","tag-regional-politik","cat-18-id","cat-87-id","cat-14-id"],"_links":{"self":[{"href":"http:\/\/annakarinhatt.se\/blogg\/wp-json\/wp\/v2\/posts\/3592","targetHints":{"allow":["GET"]}}],"collection":[{"href":"http:\/\/annakarinhatt.se\/blogg\/wp-json\/wp\/v2\/posts"}],"about":[{"href":"http:\/\/annakarinhatt.se\/blogg\/wp-json\/wp\/v2\/types\/post"}],"author":[{"embeddable":true,"href":"http:\/\/annakarinhatt.se\/blogg\/wp-json\/wp\/v2\/users\/3"}],"replies":[{"embeddable":true,"href":"http:\/\/annakarinhatt.se\/blogg\/wp-json\/wp\/v2\/comments?post=3592"}],"version-history":[{"count":7,"href":"http:\/\/annakarinhatt.se\/blogg\/wp-json\/wp\/v2\/posts\/3592\/revisions"}],"predecessor-version":[{"id":3599,"href":"http:\/\/annakarinhatt.se\/blogg\/wp-json\/wp\/v2\/posts\/3592\/revisions\/3599"}],"wp:attachment":[{"href":"http:\/\/annakarinhatt.se\/blogg\/wp-json\/wp\/v2\/media?parent=3592"}],"wp:term":[{"taxonomy":"category","embeddable":true,"href":"http:\/\/annakarinhatt.se\/blogg\/wp-json\/wp\/v2\/categories?post=3592"},{"taxonomy":"post_tag","embeddable":true,"href":"http:\/\/annakarinhatt.se\/blogg\/wp-json\/wp\/v2\/tags?post=3592"}],"curies":[{"name":"wp","href":"https:\/\/api.w.org\/{rel}","templated":true}]}}