{"id":3600,"date":"2013-04-17T09:56:24","date_gmt":"2013-04-17T07:56:24","guid":{"rendered":"http:\/\/annakarinhatt.se\/blogg\/?p=3600"},"modified":"2014-06-10T17:43:21","modified_gmt":"2014-06-10T15:43:21","slug":"kraftigt-okade-investeringar-i-stamnatet","status":"publish","type":"post","link":"http:\/\/annakarinhatt.se\/blogg\/kraftigt-okade-investeringar-i-stamnatet\/","title":{"rendered":"Kraftigt \u00f6kade investeringar i stamn\u00e4tet"},"content":{"rendered":"<p>Att Riksrevisionen nu har genomf\u00f6rt en granskning av hur el\u00f6verf\u00f6ringen, och\u00a0f\u00f6ruts\u00e4ttningarna f\u00f6r den, fungerar\u00a0\u00e4r bra och v\u00e4lkommet. Att f\u00e5 en frist\u00e5ende akt\u00f6rs bed\u00f6mningar av ett s\u00e5 viktigt omr\u00e5de \u00e4r alltid v\u00e4rdefullt, och deras bed\u00f6mningar och rekommendationer kommer vara ett viktigt underlag i regeringens fortsatta styrning av eln\u00e4tsomr\u00e5det och av v\u00e5ra myndigheter.<\/p>\n<p>En granskningsrapport som denna inneh\u00e5ller v\u00e4ldigt m\u00e5nga olika bed\u00f6mningar och rekommendationer och rent formellt kommer jag och regeringen nu g\u00e5 igenom inneh\u00e5llet i rapporten f\u00f6r att i oktober i \u00e5r ge en utf\u00f6rlig redog\u00f6relse till Riksdagen om hur vi ser p\u00e5 de bed\u00f6mningar Riksrevisionen gjort, och hur vi t\u00e4nker ta vara p\u00e5 deras rekommendationer fram\u00f6ver. Men redan nu finns det n\u00e5gra saker som b\u00f6r lyftas fram.<\/p>\n<p>P\u00e5 debattplats i <a href=\"http:\/\/www.svd.se\/opinion\/brannpunkt\/regeringens-passivitet-bidrar-till-dyrare-el_8093218.svd\" target=\"_blank\">SvD <\/a>idag beskriver riksrevisorn att de investeringar som nu g\u00f6rs och beh\u00f6ver g\u00f6ras i stamn\u00e4tet beslutats och p\u00e5b\u00f6rjats f\u00f6r sent. Trots att behoven av att bygga ut och f\u00f6rb\u00e4ttra stamn\u00e4tet varit k\u00e4nda \u00e4nda sedan tidigt 2000-tal, n\u00e4r Socialdemokraterna hade regeringsmakten, s\u00e5 har investeringarna sl\u00e4pat efter och det var f\u00f6rst under andra halvan av 2000-talet, efter att Alliansen \u00f6vertagit regeringsmakten, som investeringsniv\u00e5n tydligt \u00f6kade.<\/p>\n<p>Vid sidan av det kritiserar Riksrevisionen ocks\u00e5 den information som regeringen givit till Riksdagen, att tillst\u00e5ndsprocesserna tagit f\u00f6r l\u00e5ng tid\u00a0och att transparensen kring de investeringsbeslut som Svenska Kraftn\u00e4t fattat \u00e4r f\u00f6r liten. B\u00e5de <a href=\"http:\/\/sverigesradio.se\/sida\/artikel.aspx?programid=83&amp;artikel=5507845\" title=\"Ekot\" target=\"_blank\">Ekot<\/a> och <a href=\"http:\/\/www.svd.se\/naringsliv\/sena-investeringar-hojer-elpris_8093714.svd\" title=\"TT\" target=\"_blank\">TT<\/a> rapporterar om den h\u00e4r granskningen, och mina kommentarer till den, idag.<\/p>\n<p>Den f\u00f6rsta reflektionen, n\u00e4r man l\u00e4ser Riksrevisionens granskning, \u00e4r att\u00a0granskningen omfattar en v\u00e4ldigt l\u00e5ng period och\u00a0g\u00e5r tillbaka \u00e4nda till 1996. D\u00e4rmed\u00a0\u00e4r den h\u00e4r granskningen ocks\u00e5 en historisk genomg\u00e5ng, som bidrar till att det blir m\u00f6jligt att j\u00e4mf\u00f6ra hur olika regeringar prioriterat investeringarna i stamn\u00e4tet.<\/p>\n<p>En av de saker som var v\u00e4ldigt tydliga n\u00e4r Alliansregeringen tilltr\u00e4dde 2006 var att investeringsniv\u00e5n i stamn\u00e4tet var alldeles f\u00f6r l\u00e5g. Och just d\u00e4rf\u00f6r tog f\u00f6reslog regeringen att Riksdagen kraftigt skulle h\u00f6ja investeringsniv\u00e5n f\u00f6r Svenska Kraftn\u00e4t. Och det har ocks\u00e5 skett.<\/p>\n<p>Under den f\u00f6rsta halvan av 2000-talet, n\u00e4r Socialdemokraterna satt i regeringen,\u00a0investerades ca en halv miljard kronor per \u00e5r i att bygga ut stamn\u00e4tet. Efter att Alliansen \u00f6vertog regeringsmakten h\u00f6jde vi den niv\u00e5n och sedan 2007 har investeringsniv\u00e5n gradvis \u00f6kat. 2012 avsatte vi mer \u00e4n tre miljarder f\u00f6r Svenska Kraftn\u00e4ts stamn\u00e4tsinvesteringar och de kommande fem \u00e5ren satsar vi runt fem miljarder kronor\/\u00e5r, dvs tio g\u00e5nger mer \u00e4n under den f\u00f6rra socialdemokratiska regeringen.<\/p>\n<p>Behovet av att bygga ut stamn\u00e4tet \u00e4r stort, och kommer vara stort ocks\u00e5 fram\u00f6ver. Den utbyggnad som nu sker kom efter en l\u00e5ng period av v\u00e4ldigt l\u00e5ga investeringar, vilket inneb\u00e4r att det finns ett stort upparbetat behov som vi nu beh\u00f6ver klara av. N\u00f6dv\u00e4ndiga investeringar och reinvesteringar som kunde gjorts tidigare har inte gjorts. Det \u00e4r bakgrunden till att Alliansregeringen dragit slutsatsen att investeringarna i stamn\u00e4tet m\u00e5ste \u00f6ka och att de d\u00e4rf\u00f6r \u00f6kat kraftfullt under senare \u00e5r. Det inneb\u00e4r att vi fram\u00f6ver kommer f\u00e5 en tryggare elf\u00f6rs\u00f6rjning och b\u00e4ttre f\u00f6ruts\u00e4ttningar f\u00f6r att ta hand om allt mer f\u00f6rnybar elproduktion. Den inriktningen kommer ligga fast ocks\u00e5 fram\u00f6ver.<\/p>\n<p>Vid sidan av det har Alliansregeringen de senaste \u00e5ren ocks\u00e5 gjort en hel del reformer, som ligger i linje med det som Riksrevisionen efterlyser och vill se mer av. Inte minst har vi genomf\u00f6rt ett antal viktiga reformer f\u00f6r att st\u00e4rka den demokratiska insynen kring stamn\u00e4tsinvesteringarna. Bland annat l\u00e4mnar vi sedan slutet av 2000-talet, i samband med\u00a0budgetpropostionerna, nu en fylligare information \u00e4n tidigare om Svenska Kraftn\u00e4ts investeringsramar till Riksdagen. Dessutom har regeringen givit Svenska Kraftn\u00e4t i uppdrag att ta fram en utvecklad investerings-och finansieringsplan. Min och regeringens inriktning \u00e4r att forts\u00e4tta arbetet med att utveckla rapporteringen till Riksdagen, s\u00e5 att transparensen kring investeringarna i stamn\u00e4tet kan forts\u00e4tta \u00f6ka.<\/p>\n<p>Riksrevisionen efterlyser ocks\u00e5 en snabbare tillst\u00e5ndshantering. Ocks\u00e5 h\u00e4r har en hel del skett, och ytterligare \u00e4r p\u00e5 g\u00e5ng. S\u00e5 sent som i mars l\u00e4mnade jag \u00f6ver en propostition till Riksdagen med f\u00f6rslag om att f\u00f6renkla reglerna kring tillst\u00e5ndspr\u00f6vningen av starkstr\u00f6msledningar. Och Milj\u00f6departementet g\u00f6r just nu ett arbete f\u00f6r att snabba upp och g\u00f6ra tillst\u00e5ndsprocesserna utifr\u00e5n milj\u00f6balken mindre administrativt betungande.<\/p>\n<p>En v\u00e4l fungerande elmarknad \u00e4r viktigt f\u00f6r Sverige, f\u00f6r svenska f\u00f6retag och f\u00f6r alla elkonsumenter. Vi beh\u00f6ver ha s\u00e4ker tillg\u00e5ng p\u00e5 el, till internationellt konkurrenskraftiga priser, och vi beh\u00f6ver \u00f6ka eln\u00e4tets f\u00f6rm\u00e5ga att ta vara p\u00e5 allt mer f\u00f6rnybar elproduktion. D\u00e4rf\u00f6r \u00e4r utbyggnaden av stamn\u00e4tet en prioriterad fr\u00e5ga f\u00f6r mig och regeringen ocks\u00e5 fram\u00f6ver.<\/p>\n<p>&nbsp;<\/p>\n<p><a href=\"http:\/\/annakarinhatt.se\/blogg\/wp-content\/uploads\/2013\/04\/SvK-investeringar.jpg\"><img loading=\"lazy\" decoding=\"async\" class=\"alignleft size-full wp-image-3601\" alt=\"SvK investeringar\" src=\"http:\/\/annakarinhatt.se\/blogg\/wp-content\/uploads\/2013\/04\/SvK-investeringar.jpg\" width=\"811\" height=\"487\" \/><\/a><\/p>\n","protected":false},"excerpt":{"rendered":"<p>Att Riksrevisionen nu har genomf\u00f6rt en granskning av hur el\u00f6verf\u00f6ringen, och\u00a0f\u00f6ruts\u00e4ttningarna f\u00f6r den, fungerar\u00a0\u00e4r bra och v\u00e4lkommet. Att f\u00e5 en frist\u00e5ende akt\u00f6rs bed\u00f6mningar av ett s\u00e5 viktigt omr\u00e5de \u00e4r alltid v\u00e4rdefullt, och deras bed\u00f6mningar och rekommendationer kommer vara ett viktigt underlag i regeringens fortsatta styrning av eln\u00e4tsomr\u00e5det och av v\u00e5ra myndigheter. En granskningsrapport som denna&nbsp;<a href=\"http:\/\/annakarinhatt.se\/blogg\/kraftigt-okade-investeringar-i-stamnatet\/\" class=\"read-more\">Continue Reading<\/a><\/p>\n","protected":false},"author":3,"featured_media":0,"comment_status":"open","ping_status":"open","sticky":false,"template":"","format":"standard","meta":{"ngg_post_thumbnail":0,"footnotes":""},"categories":[87],"tags":[170,380,250,249],"class_list":["post-3600","post","type-post","status-publish","format-standard","hentry","category-energi","tag-energi-2","tag-energimarknad","tag-riksrevisionen","tag-svenska-kraftnat","cat-87-id"],"_links":{"self":[{"href":"http:\/\/annakarinhatt.se\/blogg\/wp-json\/wp\/v2\/posts\/3600","targetHints":{"allow":["GET"]}}],"collection":[{"href":"http:\/\/annakarinhatt.se\/blogg\/wp-json\/wp\/v2\/posts"}],"about":[{"href":"http:\/\/annakarinhatt.se\/blogg\/wp-json\/wp\/v2\/types\/post"}],"author":[{"embeddable":true,"href":"http:\/\/annakarinhatt.se\/blogg\/wp-json\/wp\/v2\/users\/3"}],"replies":[{"embeddable":true,"href":"http:\/\/annakarinhatt.se\/blogg\/wp-json\/wp\/v2\/comments?post=3600"}],"version-history":[{"count":36,"href":"http:\/\/annakarinhatt.se\/blogg\/wp-json\/wp\/v2\/posts\/3600\/revisions"}],"predecessor-version":[{"id":5047,"href":"http:\/\/annakarinhatt.se\/blogg\/wp-json\/wp\/v2\/posts\/3600\/revisions\/5047"}],"wp:attachment":[{"href":"http:\/\/annakarinhatt.se\/blogg\/wp-json\/wp\/v2\/media?parent=3600"}],"wp:term":[{"taxonomy":"category","embeddable":true,"href":"http:\/\/annakarinhatt.se\/blogg\/wp-json\/wp\/v2\/categories?post=3600"},{"taxonomy":"post_tag","embeddable":true,"href":"http:\/\/annakarinhatt.se\/blogg\/wp-json\/wp\/v2\/tags?post=3600"}],"curies":[{"name":"wp","href":"https:\/\/api.w.org\/{rel}","templated":true}]}}