{"id":3667,"date":"2013-04-17T18:05:33","date_gmt":"2013-04-17T16:05:33","guid":{"rendered":"http:\/\/annakarinhatt.se\/blogg\/?p=3667"},"modified":"2013-04-17T18:05:33","modified_gmt":"2013-04-17T16:05:33","slug":"dags-att-prova-e-rostning-ocksa-i-sverige","status":"publish","type":"post","link":"http:\/\/annakarinhatt.se\/blogg\/dags-att-prova-e-rostning-ocksa-i-sverige\/","title":{"rendered":"Dags att pr\u00f6va e-r\u00f6stning ocks\u00e5 i Sverige"},"content":{"rendered":"<p>Idag har <a href=\"http:\/\/sverigesradio.se\/sida\/artikel.aspx?programid=83&amp;artikel=5507477\">vallagskommitt\u00e9n <\/a>presenterat sitt slutbet\u00e4nkande. I det har man bland annat f\u00f6reslagit att regeringen borde g\u00e5 vidare och genomf\u00f6ra f\u00f6rs\u00f6k med att r\u00f6sta via Internet i valet 2018. <\/p>\n<p>Som centerpartist och it-minister tycker jag att det \u00e4r ett v\u00e4ldigt v\u00e4lkommet och intressant f\u00f6rslag. Idag anv\u00e4nder allt fler av oss internet och smarta tekniska verktyg allt mer. P\u00e5 v\u00e4ldigt kort tid har internet bidragit till att st\u00e4rka informations- och yttrandefriheten runt om i v\u00e4rlden. I det l\u00e4get borde ocks\u00e5 vi h\u00e4r i Sverige kunna anv\u00e4nda de senaste decenniernas digitala revolution till att modernisera och f\u00f6rb\u00e4ttra m\u00f6jligheten att delta i v\u00e5ra allm\u00e4nna val, som ju \u00e4r sj\u00e4lva grunden f\u00f6r v\u00e5r demokrati.<\/p>\n<p>Om e-val g\u00f6rs p\u00e5 r\u00e4tt s\u00e4tt kan det spela v\u00e4ldigt stor roll. D\u00e5 kan elektronisk r\u00f6stning bidra till att \u00f6ka tillg\u00e4ngligheten och valdeltagandet f\u00f6r alla, men kanske allra mest f\u00f6r dem som, av olika anledningar, idag kan ha sv\u00e5rt att ta sig till en vallokal. E-r\u00f6stning kan b\u00e5de \u00f6ka valdeltagandet och st\u00e4rka legitimiteten f\u00f6r den demokratiska processen.<\/p>\n<p>Sannolikt skulle e-val ocks\u00e5 kunna inneb\u00e4ra att f\u00e4rre valsedlar skulle beh\u00f6va ogiltigf\u00f6rklaras. Inte minst g\u00f6r elektroniska system det m\u00f6jligt att bygga in automatiska felkontroller, vilket g\u00f6r att vi skulle kunna undvika s\u00e5dana fel som man annars brukar hitta f\u00f6rst vid r\u00f6stmottagandet eller vid r\u00f6str\u00e4kningen. <\/p>\n<p>Och m\u00e5nga av de f\u00f6ruts\u00e4ttningarna som kr\u00e4vs f\u00f6r att vi ska kunna pr\u00f6va e-val finns redan idag. Allt fler anv\u00e4nder internet, och allt fler v\u00e4njer sig nu snabbt vid att utr\u00e4tta allt mer just d\u00e4r. Och vi har s\u00e4kra system f\u00f6r att identifiera oss elektroniskt, med en smart telefon eller via en dator. <\/p>\n<p>I flera andra l\u00e4nder har man redan pr\u00f6vat e-r\u00f6stning och har erfarenheter som vi kan l\u00e4ra och inspireras av. I Norge har man testat e-val i ett antal kommuner, och ett land som Estland har sedan l\u00e4nge introducerat elektroniska val och \u00e4r idag det land i hela Europa som kommit l\u00e4ngst p\u00e5 det h\u00e4r omr\u00e5det. <\/p>\n<p>Sj\u00e4lvklart finns det utmaningar som vi m\u00e5ste l\u00f6sa innan en e-r\u00f6stningsmodell kan komma p\u00e5 plats. Det m\u00e5ste finnas ett s\u00e4kert system som skyddar den personliga integriteten. Vi m\u00e5ste kunna garantera valhemligheten. Och vi m\u00e5ste klara it-s\u00e4kerheten. Men allt detta \u00e4r s\u00e5dant som g\u00e5r att hantera och som vi fram\u00f6ver har alla m\u00f6jligheter att hitta bra l\u00f6sningar f\u00f6r. <\/p>\n<p>Sveriges nya it-politiska m\u00e5l, som jag och regeringen f\u00f6reslog f\u00f6r Riksdagen och som Riksdagen sedan har beslutat om, inneb\u00e4r att vi ska vara b\u00e4st i v\u00e4rlden p\u00e5 att dra nytta av digitaliseringens m\u00f6jligheter. I den andan, och som ett av v\u00e4rldens mest it-mogna l\u00e4nder, \u00e4r det dags att Sverige p\u00e5 allvar ocks\u00e5 drar nytta av digitaliseringen f\u00f6r att ytterligare st\u00e4rka demokratin.<\/p>\n","protected":false},"excerpt":{"rendered":"<p>Idag har vallagskommitt\u00e9n presenterat sitt slutbet\u00e4nkande. I det har man bland annat f\u00f6reslagit att regeringen borde g\u00e5 vidare och genomf\u00f6ra f\u00f6rs\u00f6k med att r\u00f6sta via Internet i valet 2018. Som centerpartist och it-minister tycker jag att det \u00e4r ett v\u00e4ldigt v\u00e4lkommet och intressant f\u00f6rslag. Idag anv\u00e4nder allt fler av oss internet och smarta tekniska verktyg&nbsp;<a href=\"http:\/\/annakarinhatt.se\/blogg\/dags-att-prova-e-rostning-ocksa-i-sverige\/\" class=\"read-more\">Continue Reading<\/a><\/p>\n","protected":false},"author":3,"featured_media":0,"comment_status":"open","ping_status":"open","sticky":false,"template":"","format":"standard","meta":{"ngg_post_thumbnail":0,"footnotes":""},"categories":[18,7],"tags":[253,255,254,21],"class_list":["post-3667","post","type-post","status-publish","format-standard","hentry","category-centerpartiet","category-it-politik","tag-demokrati","tag-e-rostning","tag-e-val","tag-it","cat-18-id","cat-7-id"],"_links":{"self":[{"href":"http:\/\/annakarinhatt.se\/blogg\/wp-json\/wp\/v2\/posts\/3667","targetHints":{"allow":["GET"]}}],"collection":[{"href":"http:\/\/annakarinhatt.se\/blogg\/wp-json\/wp\/v2\/posts"}],"about":[{"href":"http:\/\/annakarinhatt.se\/blogg\/wp-json\/wp\/v2\/types\/post"}],"author":[{"embeddable":true,"href":"http:\/\/annakarinhatt.se\/blogg\/wp-json\/wp\/v2\/users\/3"}],"replies":[{"embeddable":true,"href":"http:\/\/annakarinhatt.se\/blogg\/wp-json\/wp\/v2\/comments?post=3667"}],"version-history":[{"count":4,"href":"http:\/\/annakarinhatt.se\/blogg\/wp-json\/wp\/v2\/posts\/3667\/revisions"}],"predecessor-version":[{"id":3673,"href":"http:\/\/annakarinhatt.se\/blogg\/wp-json\/wp\/v2\/posts\/3667\/revisions\/3673"}],"wp:attachment":[{"href":"http:\/\/annakarinhatt.se\/blogg\/wp-json\/wp\/v2\/media?parent=3667"}],"wp:term":[{"taxonomy":"category","embeddable":true,"href":"http:\/\/annakarinhatt.se\/blogg\/wp-json\/wp\/v2\/categories?post=3667"},{"taxonomy":"post_tag","embeddable":true,"href":"http:\/\/annakarinhatt.se\/blogg\/wp-json\/wp\/v2\/tags?post=3667"}],"curies":[{"name":"wp","href":"https:\/\/api.w.org\/{rel}","templated":true}]}}