{"id":3769,"date":"2013-05-08T21:39:48","date_gmt":"2013-05-08T19:39:48","guid":{"rendered":"http:\/\/annakarinhatt.se\/blogg\/?p=3769"},"modified":"2013-05-08T21:43:16","modified_gmt":"2013-05-08T19:43:16","slug":"strafftull-pa-solpaneler-riskerar-skada-klimat-och-energimalen","status":"publish","type":"post","link":"http:\/\/annakarinhatt.se\/blogg\/strafftull-pa-solpaneler-riskerar-skada-klimat-och-energimalen\/","title":{"rendered":"Strafftull p\u00e5 solpaneler riskerar skada klimat- och energim\u00e5len"},"content":{"rendered":"<p>Vissa dagar blir man mer fundersam \u00e4n andra \u00f6ver klokskapen i de beslut som fattas av EU-kommissionen. Idag \u00e4r en s\u00e5dan dag. P\u00e5 inr\u00e5dan av EU:s handelskommission\u00e4r har EU-kommissionen nu beslutat att l\u00e4gga fram ett f\u00f6rslag om att vi i EU borde inf\u00f6ra s\u00e5 kallade <a href=\"http:\/\/www.nyteknik.se\/nyheter\/energi_miljo\/solenergi\/article3691328.ece\">skyddstullar<\/a> p\u00e5 kinesiska solpaneler p\u00e5 hela 67,9 procent. Uppskattningsvis kommer en s\u00e5dan tull inneb\u00e4ra att den totala kostnaden f\u00f6r att installera solpaneler kommer \u00f6ka med 25-30 procent f\u00f6r slutkonsumenterna, i EU och i Sverige.<\/p>\n<p>De senaste \u00e5ren har kostnaden f\u00f6r att installera solel fallit dramatiskt, tack vare tekniska landvinningar och tack vare handel mellan kontinenter. Och det \u00e4r en av m\u00e5nga anledningar till att det \u00e4r viktigt att vi \u00e4r \u00f6ppna mot omv\u00e4rlden och att vi v\u00e4lkomnar global konkurrens inom milj\u00f6tekniksektorn. F\u00f6r i slut\u00e4ndan gynnar frihandel svenska konsumenter som f\u00e5r b\u00e4ttre och mer prisv\u00e4rda varor, samtidigt som svenska f\u00f6retag  f\u00e5r ytterligare en anledning att v\u00e4ssa sina produkter s\u00e5 att man kan h\u00e4vda sig p\u00e5 den globala v\u00e4rldsmarknaden.<\/p>\n<p>Att EU-kommissionen nu f\u00f6resl\u00e5r att vi ska inf\u00f6ra strafftullar p\u00e5 kinesiska solpaneler, samtidigt som vi tillsammans i EU har satt upp mycket tydliga och ambiti\u00f6sa m\u00e5l f\u00f6r att \u00f6ka och stimulera utbyggnaden av ny f\u00f6rnybar energiproduktion \u00e4r, lindrigt uttryckt, uppseendev\u00e4ckande. F\u00f6rra \u00e5ret stod EU f\u00f6r runt <a href=\"http:\/\/www.ft.com\/intl\/cms\/s\/0\/d0600a5c-b73b-11e2-841e-00144feabdc0.html#axzz2SibDUd2k\">55 procent<\/a> av den globalt installerade effekten av solel, och genom framf\u00f6r allt nytillkommen produktion av bioenergi, vindkraft och solel \u00e4r vi i EU p\u00e5 god v\u00e4g att n\u00e5 v\u00e5ra gemensamma m\u00e5l f\u00f6r den f\u00f6rnybara energin. Men med nya strafftullar kommer det att bli dyrare att bygga ut det f\u00f6rnybara. Och d\u00e4rmed finns en risk att dagens f\u00f6rslag fr\u00e5n EU-kommissionen tydligt kan komma att f\u00f6rs\u00e4mra v\u00e5ra m\u00f6jligheter att n\u00e5 EU:s klimat- och energipolitiska 2020-m\u00e5l. <\/p>\n<p>Att den ena EU-kommissionshanden inte verkar veta vad den andra g\u00f6r \u00e4r rent ut sagt bekl\u00e4mmande. Lita p\u00e5 att jag kommer g\u00f6ra vad jag kan f\u00f6r att stoppa EU-kommissionens strafftullsid\u00e9.<\/p>\n","protected":false},"excerpt":{"rendered":"<p>Vissa dagar blir man mer fundersam \u00e4n andra \u00f6ver klokskapen i de beslut som fattas av EU-kommissionen. Idag \u00e4r en s\u00e5dan dag. P\u00e5 inr\u00e5dan av EU:s handelskommission\u00e4r har EU-kommissionen nu beslutat att l\u00e4gga fram ett f\u00f6rslag om att vi i EU borde inf\u00f6ra s\u00e5 kallade skyddstullar p\u00e5 kinesiska solpaneler p\u00e5 hela 67,9 procent. Uppskattningsvis kommer&nbsp;<a href=\"http:\/\/annakarinhatt.se\/blogg\/strafftull-pa-solpaneler-riskerar-skada-klimat-och-energimalen\/\" class=\"read-more\">Continue Reading<\/a><\/p>\n","protected":false},"author":3,"featured_media":0,"comment_status":"open","ping_status":"open","sticky":false,"template":"","format":"standard","meta":{"ngg_post_thumbnail":0,"footnotes":""},"categories":[18,87,25],"tags":[99,165,258],"class_list":["post-3769","post","type-post","status-publish","format-standard","hentry","category-centerpartiet","category-energi","category-ideologi","tag-fornybar-energi","tag-solel","tag-tullar","cat-18-id","cat-87-id","cat-25-id"],"_links":{"self":[{"href":"http:\/\/annakarinhatt.se\/blogg\/wp-json\/wp\/v2\/posts\/3769","targetHints":{"allow":["GET"]}}],"collection":[{"href":"http:\/\/annakarinhatt.se\/blogg\/wp-json\/wp\/v2\/posts"}],"about":[{"href":"http:\/\/annakarinhatt.se\/blogg\/wp-json\/wp\/v2\/types\/post"}],"author":[{"embeddable":true,"href":"http:\/\/annakarinhatt.se\/blogg\/wp-json\/wp\/v2\/users\/3"}],"replies":[{"embeddable":true,"href":"http:\/\/annakarinhatt.se\/blogg\/wp-json\/wp\/v2\/comments?post=3769"}],"version-history":[{"count":6,"href":"http:\/\/annakarinhatt.se\/blogg\/wp-json\/wp\/v2\/posts\/3769\/revisions"}],"predecessor-version":[{"id":3775,"href":"http:\/\/annakarinhatt.se\/blogg\/wp-json\/wp\/v2\/posts\/3769\/revisions\/3775"}],"wp:attachment":[{"href":"http:\/\/annakarinhatt.se\/blogg\/wp-json\/wp\/v2\/media?parent=3769"}],"wp:term":[{"taxonomy":"category","embeddable":true,"href":"http:\/\/annakarinhatt.se\/blogg\/wp-json\/wp\/v2\/categories?post=3769"},{"taxonomy":"post_tag","embeddable":true,"href":"http:\/\/annakarinhatt.se\/blogg\/wp-json\/wp\/v2\/tags?post=3769"}],"curies":[{"name":"wp","href":"https:\/\/api.w.org\/{rel}","templated":true}]}}