{"id":404,"date":"2011-07-02T15:49:52","date_gmt":"2011-07-02T13:49:52","guid":{"rendered":"http:\/\/annakarinhatt.se\/blogg\/?p=404"},"modified":"2011-07-03T19:55:16","modified_gmt":"2011-07-03T17:55:16","slug":"jag-anna-karin-hatt","status":"publish","type":"post","link":"http:\/\/annakarinhatt.se\/blogg\/jag-anna-karin-hatt\/","title":{"rendered":"Jag, Anna-Karin Hatt"},"content":{"rendered":"<p>Sedan jag blev minister har jag s\u00f6kt ett s\u00e4tt att bortom de snabba dagsaktuella medierna beskriva viktiga saker jag tror p\u00e5, kommentera s\u00e5dant som uppr\u00f6r mig eller gl\u00e4der mig, och beskriva vem jag \u00e4r och vad jag drivs av. Det g\u00f6r jag f\u00f6rst\u00e5s i personliga m\u00f6ten med m\u00e4nniskor p\u00e5 mina resor runtom i landet och i dialog i sociala medier som Facebook och Twitter. Men h\u00e4r p\u00e5 bloggen t\u00e4nker jag l\u00e4gga ut texten lite extra och ta mig an \u00e4nnu fler av de fr\u00e5gor som engagerar mig som m\u00e4nniska och centerpartist.<\/p>\n<p>Namnet p\u00e5 min blogg \u00e4r &#8221;Varenda en beh\u00f6vs&#8221;. Helt enkelt d\u00e4rf\u00f6r att det \u00e4r ett bra s\u00e4tt att beskriva den kanske mest grundl\u00e4ggande drivkraften jag har &#8211; att var och en av oss, varenda en, har n\u00e5gonting unikt att bidra med. Och att varenda en av oss verkligen beh\u00f6vs. Mer p\u00e5 det temat kommer du med all s\u00e4kerhet kunna l\u00e4sa om p\u00e5 bloggen fram\u00f6ver.<\/p>\n<p>Ett s\u00e4tt f\u00f6r mig att beskriva vem jag \u00e4r \u00e4r att beskriva mina viktigaste drivkrafter och saker \u00a0i mitt liv som s\u00e4rskilt starkt format mig som m\u00e4nniska. Just d\u00e4rf\u00f6r kommer jag b\u00f6rja mitt bloggande med att beskriva tio viktiga pusselbitar som beskriver mig, Anna-Karin Hatt. S\u00e5dant som har karakt\u00e4ren av r\u00e4nder som aldrig kommer att g\u00e5 ur.<\/p>\n<p>Varmt v\u00e4lkommen att f\u00f6lja mig och min blogg!<\/p>\n<p>&nbsp;<\/p>\n<p>&nbsp;<\/p>\n","protected":false},"excerpt":{"rendered":"<p>Sedan jag blev minister har jag s\u00f6kt ett s\u00e4tt att bortom de snabba dagsaktuella medierna beskriva viktiga saker jag tror p\u00e5, kommentera s\u00e5dant som uppr\u00f6r mig eller gl\u00e4der mig, och beskriva vem jag \u00e4r och vad jag drivs av. Det g\u00f6r jag f\u00f6rst\u00e5s i personliga m\u00f6ten med m\u00e4nniskor p\u00e5 mina resor runtom i landet och&nbsp;<a href=\"http:\/\/annakarinhatt.se\/blogg\/jag-anna-karin-hatt\/\" class=\"read-more\">Continue Reading<\/a><\/p>\n","protected":false},"author":3,"featured_media":0,"comment_status":"open","ping_status":"open","sticky":false,"template":"","format":"standard","meta":{"ngg_post_thumbnail":0,"footnotes":""},"categories":[20],"tags":[],"class_list":["post-404","post","type-post","status-publish","format-standard","hentry","category-personligt","cat-20-id"],"_links":{"self":[{"href":"http:\/\/annakarinhatt.se\/blogg\/wp-json\/wp\/v2\/posts\/404","targetHints":{"allow":["GET"]}}],"collection":[{"href":"http:\/\/annakarinhatt.se\/blogg\/wp-json\/wp\/v2\/posts"}],"about":[{"href":"http:\/\/annakarinhatt.se\/blogg\/wp-json\/wp\/v2\/types\/post"}],"author":[{"embeddable":true,"href":"http:\/\/annakarinhatt.se\/blogg\/wp-json\/wp\/v2\/users\/3"}],"replies":[{"embeddable":true,"href":"http:\/\/annakarinhatt.se\/blogg\/wp-json\/wp\/v2\/comments?post=404"}],"version-history":[{"count":7,"href":"http:\/\/annakarinhatt.se\/blogg\/wp-json\/wp\/v2\/posts\/404\/revisions"}],"predecessor-version":[{"id":408,"href":"http:\/\/annakarinhatt.se\/blogg\/wp-json\/wp\/v2\/posts\/404\/revisions\/408"}],"wp:attachment":[{"href":"http:\/\/annakarinhatt.se\/blogg\/wp-json\/wp\/v2\/media?parent=404"}],"wp:term":[{"taxonomy":"category","embeddable":true,"href":"http:\/\/annakarinhatt.se\/blogg\/wp-json\/wp\/v2\/categories?post=404"},{"taxonomy":"post_tag","embeddable":true,"href":"http:\/\/annakarinhatt.se\/blogg\/wp-json\/wp\/v2\/tags?post=404"}],"curies":[{"name":"wp","href":"https:\/\/api.w.org\/{rel}","templated":true}]}}