{"id":410,"date":"2011-07-02T18:33:54","date_gmt":"2011-07-02T16:33:54","guid":{"rendered":"http:\/\/annakarinhatt.se\/blogg\/?p=410"},"modified":"2011-07-15T16:45:55","modified_gmt":"2011-07-15T14:45:55","slug":"drivkraft-1-grav-dar-du-star","status":"publish","type":"post","link":"http:\/\/annakarinhatt.se\/blogg\/drivkraft-1-grav-dar-du-star\/","title":{"rendered":"Drivkraft 1: Gr\u00e4v d\u00e4r du st\u00e5r!"},"content":{"rendered":"<p>Jag v\u00e4xte upp p\u00e5 en liten stenig g\u00e5rd i den lilla byn Mosshult p\u00e5 gr\u00e4nsen mellan Sm\u00e5land och Halland tillsammans med min mamma och mina tv\u00e5 \u00e4ldre br\u00f6der. Kommer man dit m\u00f6ter man en bullerbyliknande natur, med vackra hagar och steniga \u00e4ngar. Granarna st\u00e5r t\u00e4tt och tryggt bakom husen, f\u00f6r att d\u00e5 och d\u00e5 \u00f6ppna sig i varma, vackra gl\u00e4ntor som ger utrymme f\u00f6r b\u00e5de djur och m\u00e4nniskor.<\/p>\n<p>Min mamma var och \u00e4r en modig, slitsam sort. Det f\u00f6rklarar varf\u00f6r hon var fast besluten om att hon som nybliven ensamst\u00e5ende mamma till tre barn faktiskt kunde ta \u00f6ver och driva f\u00f6r\u00e4ldrag\u00e5rden vidare. Fast\u00e4n m\u00e5nga nog t\u00e4nkte att det inte gick. Driver man en liten stenig g\u00e5rd f\u00e5r man ingenting gratis, vilket ocks\u00e5 innebar att vi barn tidigt fick ta ansvar, hj\u00e4lpa till och g\u00f6ra det vi kunde, efter b\u00e4sta f\u00f6rm\u00e5ga. Att m\u00e5na om varandra, att h\u00e5lla ihop och att g\u00f6ra det b\u00e4sta m\u00f6jliga ocks\u00e5 av sv\u00e5ra situationer var sj\u00e4lvklart och en livsstrategi n\u00e4r jag v\u00e4xte upp.<\/p>\n<p>Den drivkraften, att gr\u00e4va d\u00e4r man st\u00e5r och att se m\u00f6jligheterna i den situation man befinner sig i, fick jag med mig redan fr\u00e5n barnsben. Och att aldrig, aldrig n\u00e5gonsin ge upp.<\/p>\n","protected":false},"excerpt":{"rendered":"<p>Jag v\u00e4xte upp p\u00e5 en liten stenig g\u00e5rd i den lilla byn Mosshult p\u00e5 gr\u00e4nsen mellan Sm\u00e5land och Halland tillsammans med min mamma och mina tv\u00e5 \u00e4ldre br\u00f6der. Kommer man dit m\u00f6ter man en bullerbyliknande natur, med vackra hagar och steniga \u00e4ngar. Granarna st\u00e5r t\u00e4tt och tryggt bakom husen, f\u00f6r att d\u00e5 och d\u00e5 \u00f6ppna&nbsp;<a href=\"http:\/\/annakarinhatt.se\/blogg\/drivkraft-1-grav-dar-du-star\/\" class=\"read-more\">Continue Reading<\/a><\/p>\n","protected":false},"author":3,"featured_media":0,"comment_status":"open","ping_status":"open","sticky":false,"template":"","format":"standard","meta":{"ngg_post_thumbnail":0,"footnotes":""},"categories":[52,20],"tags":[],"class_list":["post-410","post","type-post","status-publish","format-standard","hentry","category-drivkrafter","category-personligt","cat-52-id","cat-20-id"],"_links":{"self":[{"href":"http:\/\/annakarinhatt.se\/blogg\/wp-json\/wp\/v2\/posts\/410","targetHints":{"allow":["GET"]}}],"collection":[{"href":"http:\/\/annakarinhatt.se\/blogg\/wp-json\/wp\/v2\/posts"}],"about":[{"href":"http:\/\/annakarinhatt.se\/blogg\/wp-json\/wp\/v2\/types\/post"}],"author":[{"embeddable":true,"href":"http:\/\/annakarinhatt.se\/blogg\/wp-json\/wp\/v2\/users\/3"}],"replies":[{"embeddable":true,"href":"http:\/\/annakarinhatt.se\/blogg\/wp-json\/wp\/v2\/comments?post=410"}],"version-history":[{"count":6,"href":"http:\/\/annakarinhatt.se\/blogg\/wp-json\/wp\/v2\/posts\/410\/revisions"}],"predecessor-version":[{"id":540,"href":"http:\/\/annakarinhatt.se\/blogg\/wp-json\/wp\/v2\/posts\/410\/revisions\/540"}],"wp:attachment":[{"href":"http:\/\/annakarinhatt.se\/blogg\/wp-json\/wp\/v2\/media?parent=410"}],"wp:term":[{"taxonomy":"category","embeddable":true,"href":"http:\/\/annakarinhatt.se\/blogg\/wp-json\/wp\/v2\/categories?post=410"},{"taxonomy":"post_tag","embeddable":true,"href":"http:\/\/annakarinhatt.se\/blogg\/wp-json\/wp\/v2\/tags?post=410"}],"curies":[{"name":"wp","href":"https:\/\/api.w.org\/{rel}","templated":true}]}}