{"id":417,"date":"2011-07-03T12:05:56","date_gmt":"2011-07-03T10:05:56","guid":{"rendered":"http:\/\/annakarinhatt.se\/blogg\/?p=417"},"modified":"2012-09-17T11:19:03","modified_gmt":"2012-09-17T09:19:03","slug":"hallbar-tillvaxt-i-hela-sverige","status":"publish","type":"post","link":"http:\/\/annakarinhatt.se\/blogg\/hallbar-tillvaxt-i-hela-sverige\/","title":{"rendered":"H\u00e5llbar tillv\u00e4xt i hela Sverige"},"content":{"rendered":"<p>Efter valet i h\u00f6stas drog partistyrelsen slutsatsen att Centerpartiet beh\u00f6vde f\u00f6rnya sin politik p\u00e5 ett antal viktiga omr\u00e5den, helt enkelt d\u00e4rf\u00f6r att v\u00e4ljarnas dom i riksdagsvalet visade att tillr\u00e4ckligt m\u00e5nga inte tyckte att vi hade de r\u00e4tta svaren p\u00e5 de fr\u00e5gor m\u00e4nniskor tyckte var viktigast. Av det drog vi slutsatsen att vi m\u00e5ste f\u00f6rnya oss och v\u00e5r politik, och att vi i dialog med omv\u00e4rlden m\u00e5ste definiera de viktigaste utmaningarna idag.<\/p>\n<p>Sedan dess har fem f\u00f6rnyelsegrupper jobbat, och jag har f\u00e5tt i uppdrag att leda den som ska f\u00f6resl\u00e5 en ny politik f\u00f6r h\u00e5llbar tillv\u00e4xt i hela landet. Min utg\u00e5ngspunkt i det arbetet \u00e4r att det finns tillv\u00e4xtm\u00f6jligheter i hela landet, fr\u00e5n norr till s\u00f6der, fr\u00e5n landsbygd till storstad. Och att alla delar av landet kan och ska v\u00e4xa, sida vid sida.<\/p>\n<p>Det \u00e4r viktigt f\u00f6r Sverige. Men det \u00e4r ocks\u00e5 viktigt f\u00f6r Centerpartiet. Ska vi kunna bygga ett bredare och starkare Centerparti, f\u00f6rm\u00f6get att l\u00e5ngsiktigt bli en av de tongivande politiska krafterna i Sverige, m\u00e5ste vi ta vara p\u00e5 och bef\u00e4sta v\u00e4ljarnas bild av Centerpartiet som ett parti med ett starkt engagemang f\u00f6r hela Sverige. Centerpartiet ska vara den drivande kraften f\u00f6r h\u00e5llbar tillv\u00e4xt och utveckling i hela landet. Inte f\u00f6r Centerpartiets egen skull, utan f\u00f6r Sveriges. Just \u00a0d\u00e4rf\u00f6r har jag lett partiets f\u00f6rnyelsegrupp p\u00e5 det h\u00e4r omr\u00e5det.<\/p>\n<p>Jag och medlemmarna i den grupp jag lett har valt ett v\u00e4ldigt \u00f6ppet f\u00f6rh\u00e5llningss\u00e4tt. Vi har rest runt i landet och haft otaliga dialoger med centerpartister, och tillsammans med centerpartister diskuterat med omv\u00e4rlden, de jag brukar kalla &#8221;tillv\u00e4xtens v\u00e4nner&#8221; (f\u00f6retag, organisationer, eldsj\u00e4lar), om vad som beh\u00f6ver g\u00f6ras och vilka hinder som beh\u00f6ver rivas f\u00f6r att vi ska kunna f\u00e5 en h\u00e5llbar tillv\u00e4xt i hela landet.<\/p>\n<p>Nu har vi l\u00e4mnat \u00f6ver v\u00e5rt f\u00f6rslag till f\u00f6rnyelseprogram till partistyrelsen, som sedan l\u00e4gger f\u00f6rslag till partist\u00e4mman i \u00c5re i september. Det inneh\u00e5ller fem strategiska utvecklingsomr\u00e5den (fungerande regioner med starkt sj\u00e4lvbest\u00e4mmande, lagstadgad r\u00e4tt till grundl\u00e4ggande samh\u00e4llsservice, fler och l\u00f6nsamma f\u00f6retag, j\u00e4mst\u00e4lldhet och m\u00e5ngfald f\u00f6r tillv\u00e4xt och en ekonomi med stark innovationskraft) och 19 skarpa f\u00f6rslag som rymmer allt fr\u00e5n fortsatt s\u00e4nkt arbetsgivaravgift f\u00f6r sm\u00e5f\u00f6retag till st\u00e4rkt \u00e4gander\u00e4tt och bredband i v\u00e4rldsklass i hela landet. Jag ser fram emot den debatt som nu l\u00e4r f\u00f6lja, och mot att Centerpartiet i \u00c5re mejslar fram och sl\u00e5r fast en stark politik f\u00f6r h\u00e5llbar tillv\u00e4xt i hela Sverige.<\/p>\n<p>Idag har jag en debattartikel p\u00e5 SVT Debatt om f\u00f6rnyelsegruppens f\u00f6rslag.<\/p>\n<p>Hela f\u00f6rnyelseprogrammet hittar du <a title=\"Centerpartiets Agenda f\u00f6r h\u00e5llbar tillv\u00e4xt i hela landet\" href=\"http:\/\/www.centerpartiet.se\/Documents\/f\u00f6nylesegrupper\/Rapport_hallbar_tillvaxt_hela_landet_klar.pdf\" target=\"_blank\">h\u00e4r<\/a>.<\/p>\n<p>Andra som kommenterat programmet \u00e4r bl.a. <a title=\"Sk\u00e5nska Dagbladet\" href=\"http:\/\/www.skanskan.se\/article\/20110630\/OPINION\/706309870\/1061\/-\/skarpa-forslagfor-att-fornya-sverige\" target=\"_blank\">Sk\u00e5nska Dagbladet<\/a> och <a title=\"L\u00e4nstidningen S\u00f6dert\u00e4lje\" href=\"http:\/\/lt.se\/asikter\/2.13341\/1.1266778-hela-landet-ska-leva\" target=\"_blank\">L\u00e4nstidningen S\u00f6dert\u00e4lje<\/a>.<\/p>\n<p>&nbsp;<\/p>\n","protected":false},"excerpt":{"rendered":"<p>Efter valet i h\u00f6stas drog partistyrelsen slutsatsen att Centerpartiet beh\u00f6vde f\u00f6rnya sin politik p\u00e5 ett antal viktiga omr\u00e5den, helt enkelt d\u00e4rf\u00f6r att v\u00e4ljarnas dom i riksdagsvalet visade att tillr\u00e4ckligt m\u00e5nga inte tyckte att vi hade de r\u00e4tta svaren p\u00e5 de fr\u00e5gor m\u00e4nniskor tyckte var viktigast. Av det drog vi slutsatsen att vi m\u00e5ste f\u00f6rnya oss&nbsp;<a href=\"http:\/\/annakarinhatt.se\/blogg\/hallbar-tillvaxt-i-hela-sverige\/\" class=\"read-more\">Continue Reading<\/a><\/p>\n","protected":false},"author":3,"featured_media":0,"comment_status":"open","ping_status":"open","sticky":false,"template":"","format":"standard","meta":{"ngg_post_thumbnail":0,"footnotes":""},"categories":[18,25,14],"tags":[404,35,34,36],"class_list":["post-417","post","type-post","status-publish","format-standard","hentry","category-centerpartiet","category-ideologi","category-regional-tillvaxt","tag-centerpartiet","tag-fornyelse","tag-hallbar-tillvaxt","tag-hela-sverige","cat-18-id","cat-25-id","cat-14-id"],"_links":{"self":[{"href":"http:\/\/annakarinhatt.se\/blogg\/wp-json\/wp\/v2\/posts\/417","targetHints":{"allow":["GET"]}}],"collection":[{"href":"http:\/\/annakarinhatt.se\/blogg\/wp-json\/wp\/v2\/posts"}],"about":[{"href":"http:\/\/annakarinhatt.se\/blogg\/wp-json\/wp\/v2\/types\/post"}],"author":[{"embeddable":true,"href":"http:\/\/annakarinhatt.se\/blogg\/wp-json\/wp\/v2\/users\/3"}],"replies":[{"embeddable":true,"href":"http:\/\/annakarinhatt.se\/blogg\/wp-json\/wp\/v2\/comments?post=417"}],"version-history":[{"count":11,"href":"http:\/\/annakarinhatt.se\/blogg\/wp-json\/wp\/v2\/posts\/417\/revisions"}],"predecessor-version":[{"id":2445,"href":"http:\/\/annakarinhatt.se\/blogg\/wp-json\/wp\/v2\/posts\/417\/revisions\/2445"}],"wp:attachment":[{"href":"http:\/\/annakarinhatt.se\/blogg\/wp-json\/wp\/v2\/media?parent=417"}],"wp:term":[{"taxonomy":"category","embeddable":true,"href":"http:\/\/annakarinhatt.se\/blogg\/wp-json\/wp\/v2\/categories?post=417"},{"taxonomy":"post_tag","embeddable":true,"href":"http:\/\/annakarinhatt.se\/blogg\/wp-json\/wp\/v2\/tags?post=417"}],"curies":[{"name":"wp","href":"https:\/\/api.w.org\/{rel}","templated":true}]}}