{"id":427,"date":"2011-07-03T12:29:31","date_gmt":"2011-07-03T10:29:31","guid":{"rendered":"http:\/\/annakarinhatt.se\/blogg\/?p=427"},"modified":"2011-07-15T16:52:32","modified_gmt":"2011-07-15T14:52:32","slug":"drivkraft-2-att-leda-med-mod-och-odmjukhet","status":"publish","type":"post","link":"http:\/\/annakarinhatt.se\/blogg\/drivkraft-2-att-leda-med-mod-och-odmjukhet\/","title":{"rendered":"Drivkraft 2: Att leda, med mod och \u00f6dmjukhet"},"content":{"rendered":"<p>N\u00e4r jag var 19 fick jag upp \u00f6gonen f\u00f6r Centerpartiets Ungdomsf\u00f6rbund (CUF). Ganska sent j\u00e4mf\u00f6rt med m\u00e5nga andra, \u00e5tminstone p\u00e5 den tiden. Jag valdes in i distriktsstyrelsen f\u00f6r CUF i Hallands l\u00e4n, blev snabbt invald i f\u00f6rbundsstyrelsen och i f\u00f6rbundsledningen. CUF blev f\u00f6r mig en skola d\u00e4r jag uppt\u00e4ckte min f\u00f6rm\u00e5ga att leda, och d\u00e4r den talangen fick komma till sin r\u00e4tt.<\/p>\n<p>Sedan dess har mitt professionella liv mer \u00e4n n\u00e5got annat inneburit att jag f\u00e5tt f\u00f6rtroendet att leda andra: som f\u00f6rtroendevald i CUF, som vice VD f\u00f6r en PR-byr\u00e5, som VD f\u00f6r en friskolekoncern som utbildade hundratals unga och vuxna f\u00f6r viktiga yrken i v\u00e5rden och omsorgen, som stabschef f\u00f6r partiledarstaben, som statssekreterare och chefsf\u00f6rhandlare p\u00e5 Statsr\u00e5dsberedningen och nu som statsr\u00e5d med ansvar f\u00f6r it-fr\u00e5gor och regional tillv\u00e4xt.<\/p>\n<p>Om det \u00e4r n\u00e5got mina ledaruppdrag l\u00e4rt mig genom \u00e5ren s\u00e5 \u00e4r det att ett gott ledarskap kr\u00e4ver b\u00e5de mod och \u00f6dmjukhet. Mod att ha is i magen n\u00e4r s\u00e5 kr\u00e4vs, och mod att ensam fatta beslut de g\u00e5nger man inte kan dela dem med n\u00e5gon annan. Men ocks\u00e5 modet att delegera, att f\u00e5 andra i omgivningen att v\u00e4xa, och att ta vara p\u00e5 varenda talang som \u00e4r beredd att bidra. Att anv\u00e4nda sitt ledarskap f\u00f6r att lyfta fram andra.<\/p>\n<p>Men gott ledarskap f\u00f6ruts\u00e4tter ocks\u00e5 \u00f6dmjukhet. Att se gr\u00e4nsen f\u00f6r sin egen f\u00f6rm\u00e5ga, och att inse att \u00a0t.o.m en svuren motst\u00e5ndare ibland kan ha viktiga saker att bidra med. Att inse att v\u00e4rlden s\u00e4llan \u00e4r svart eller vit, och att den enda v\u00e4gen s\u00e4llan existerar.<\/p>\n<p>Att leda \u00e4r en stark drivkraft f\u00f6r mig, men framf\u00f6r allt att leda med mod och \u00f6dmjukhet.<\/p>\n<p>&nbsp;<\/p>\n","protected":false},"excerpt":{"rendered":"<p>N\u00e4r jag var 19 fick jag upp \u00f6gonen f\u00f6r Centerpartiets Ungdomsf\u00f6rbund (CUF). Ganska sent j\u00e4mf\u00f6rt med m\u00e5nga andra, \u00e5tminstone p\u00e5 den tiden. Jag valdes in i distriktsstyrelsen f\u00f6r CUF i Hallands l\u00e4n, blev snabbt invald i f\u00f6rbundsstyrelsen och i f\u00f6rbundsledningen. CUF blev f\u00f6r mig en skola d\u00e4r jag uppt\u00e4ckte min f\u00f6rm\u00e5ga att leda, och d\u00e4r&nbsp;<a href=\"http:\/\/annakarinhatt.se\/blogg\/drivkraft-2-att-leda-med-mod-och-odmjukhet\/\" class=\"read-more\">Continue Reading<\/a><\/p>\n","protected":false},"author":3,"featured_media":0,"comment_status":"open","ping_status":"open","sticky":false,"template":"","format":"standard","meta":{"ngg_post_thumbnail":0,"footnotes":""},"categories":[52,20],"tags":[],"class_list":["post-427","post","type-post","status-publish","format-standard","hentry","category-drivkrafter","category-personligt","cat-52-id","cat-20-id"],"_links":{"self":[{"href":"http:\/\/annakarinhatt.se\/blogg\/wp-json\/wp\/v2\/posts\/427","targetHints":{"allow":["GET"]}}],"collection":[{"href":"http:\/\/annakarinhatt.se\/blogg\/wp-json\/wp\/v2\/posts"}],"about":[{"href":"http:\/\/annakarinhatt.se\/blogg\/wp-json\/wp\/v2\/types\/post"}],"author":[{"embeddable":true,"href":"http:\/\/annakarinhatt.se\/blogg\/wp-json\/wp\/v2\/users\/3"}],"replies":[{"embeddable":true,"href":"http:\/\/annakarinhatt.se\/blogg\/wp-json\/wp\/v2\/comments?post=427"}],"version-history":[{"count":5,"href":"http:\/\/annakarinhatt.se\/blogg\/wp-json\/wp\/v2\/posts\/427\/revisions"}],"predecessor-version":[{"id":546,"href":"http:\/\/annakarinhatt.se\/blogg\/wp-json\/wp\/v2\/posts\/427\/revisions\/546"}],"wp:attachment":[{"href":"http:\/\/annakarinhatt.se\/blogg\/wp-json\/wp\/v2\/media?parent=427"}],"wp:term":[{"taxonomy":"category","embeddable":true,"href":"http:\/\/annakarinhatt.se\/blogg\/wp-json\/wp\/v2\/categories?post=427"},{"taxonomy":"post_tag","embeddable":true,"href":"http:\/\/annakarinhatt.se\/blogg\/wp-json\/wp\/v2\/tags?post=427"}],"curies":[{"name":"wp","href":"https:\/\/api.w.org\/{rel}","templated":true}]}}