{"id":4621,"date":"2014-02-04T17:19:43","date_gmt":"2014-02-04T16:19:43","guid":{"rendered":"http:\/\/annakarinhatt.se\/blogg\/?p=4621"},"modified":"2014-02-04T17:19:43","modified_gmt":"2014-02-04T16:19:43","slug":"nu-blir-det-lattare-att-bygga-ut-i-bra-vindlagen","status":"publish","type":"post","link":"http:\/\/annakarinhatt.se\/blogg\/nu-blir-det-lattare-att-bygga-ut-i-bra-vindlagen\/","title":{"rendered":"Nu blir det l\u00e4ttare att bygga ut i bra vindl\u00e4gen"},"content":{"rendered":"<div id=\"attachment_4627\" style=\"width: 235px\" class=\"wp-caption alignleft\"><a href=\"http:\/\/annakarinhatt.se\/blogg\/wp-content\/uploads\/2014\/02\/1024px-Vindkraftverk_vid_R\u00f6ks_kyrka.jpg\"><img loading=\"lazy\" decoding=\"async\" aria-describedby=\"caption-attachment-4627\" class=\"size-medium wp-image-4627\" alt=\"Foto: Ulf Klingstr\u00f6m\" src=\"http:\/\/annakarinhatt.se\/blogg\/wp-content\/uploads\/2014\/02\/1024px-Vindkraftverk_vid_R\u00f6ks_kyrka-225x300.jpg\" width=\"225\" height=\"300\" srcset=\"http:\/\/annakarinhatt.se\/blogg\/wp-content\/uploads\/2014\/02\/1024px-Vindkraftverk_vid_R\u00f6ks_kyrka-225x300.jpg 225w, http:\/\/annakarinhatt.se\/blogg\/wp-content\/uploads\/2014\/02\/1024px-Vindkraftverk_vid_R\u00f6ks_kyrka-768x1024.jpg 768w, http:\/\/annakarinhatt.se\/blogg\/wp-content\/uploads\/2014\/02\/1024px-Vindkraftverk_vid_R\u00f6ks_kyrka.jpg 1024w\" sizes=\"auto, (max-width: 225px) 100vw, 225px\" \/><\/a><p id=\"caption-attachment-4627\" class=\"wp-caption-text\">Foto: Ulf Klingstr\u00f6m<\/p><\/div>\n<p>Under 2013 \u00f6kade vindelsproduktionen i Sverige med hela 37 procent, till 9,7 TWh. D\u00e4rmed har vindkraften \u00f6kat med tio g\u00e5nger sedan vi i Alliansregeringen tilltr\u00e4de 2006. Men trots att mycket vindkraft redan byggt och byggs ut s\u00e5 vet vi att vi i Sverige har gott om riktigt bra vindl\u00e4gen, som vi skulle kunna ta vara p\u00e5. Just d\u00e4rf\u00f6r har jag och Alliansregeringen idag lagt fram ett <a title=\"regeringen.se\" href=\"http:\/\/www.regeringen.se\/sb\/d\/18458\/a\/233327\" target=\"_blank\">f\u00f6rslag<\/a> som kommer ge \u00e4nnu b\u00e4ttre f\u00f6ruts\u00e4ttningar och extra fart \u00e5t utbyggnaden av \u00a0f\u00f6rnybar elproduktion, vilket bland annat\u00a0<a title=\"Svd\" href=\"http:\/\/www.svd.se\/naringsliv\/lattare-fa-fornybart-ut-pa-elnatet_8958800.svd\" target=\"_blank\">TT<\/a> uppm\u00e4rksammar idag.<\/p>\n<p>Vindkraft ska byggas d\u00e4r f\u00f6ruts\u00e4ttningarna f\u00f6r det \u00e4r b\u00e4st och i goda vindl\u00e4gen. D\u00e4rf\u00f6r l\u00e4gger vi nu fram ett\u00a0f\u00f6rslag som ska g\u00f6ra vindkraftsutbyggnaden blir \u00e4nnu mer effektiv och \u00a0kunna leda till \u00e4nnu l\u00e4gre kostnader f\u00f6r oss som elkonsumenter.<\/p>\n<p>Idag kan den som vill bygga en vindkraftspark, eller n\u00e5gon annan form av storskalig f\u00f6rnybar elproduktion, beh\u00f6va st\u00e5 f\u00f6r hela kostnaden f\u00f6r att f\u00f6rst\u00e4rka eln\u00e4tet, om det kr\u00e4vs en s\u00e5dan f\u00f6rst\u00e4rkning f\u00f6r att anl\u00e4ggningen ska kunna ansluta till och mata ut sin el p\u00e5 eln\u00e4tet. Men de elproducenter som i ett senare skede etablerar sig p\u00e5 samma st\u00e4lle och ansluter sin elproduktion till samma eln\u00e4t beh\u00f6ver d\u00e4remot inte betala f\u00f6r den f\u00f6rst\u00e4rkning av eln\u00e4tet som redan gjorts, trots att de drar nytta av just den f\u00f6rst\u00e4rkningen och trots att den \u00e4r en f\u00f6ruts\u00e4ttning f\u00f6r ocks\u00e5 deras elproduktion. Den situationen leder ofta till ett d\u00f6dl\u00e4ge d\u00e4r ingen elproducent vill vara den som ansluter sig f\u00f6rst, vilket skapar en s\u00e5 kallad tr\u00f6skeleffekt, som h\u00e4mmar utbyggnaden av f\u00f6rnybar elproduktion.<\/p>\n<p>Den tr\u00f6skeleffekten vill jag och Alliansregeringen nu bygga bort. Genom att inledningsvis l\u00e5ta Svenska Kraftn\u00e4t st\u00e5 f\u00f6r kostnaden f\u00f6r att f\u00f6rst\u00e4rka eln\u00e4tet, och l\u00e5ta elproducenterna betala f\u00f6r sin andel i den takt som de ansluter sig till eln\u00e4tet, minskar kostnaden f\u00f6r att t.ex. bygga ut vindkraft i bra vindl\u00e4gen. Det inneb\u00e4r att vi kan f\u00e5 en mer effektiv utbyggnad av ny f\u00f6rnybar elproduktion och att vi f\u00e5r en mer r\u00e4ttvis f\u00f6rdelning av kostnaderna n\u00e4r \u00a0eln\u00e4tet beh\u00f6ver f\u00f6rst\u00e4rkas. P\u00e5 sikt kommer det leda till att vi f\u00e5r mer f\u00f6rnybar el och l\u00e4gre kostnader f\u00f6r elkonsumenterna.<\/p>\n<p>Med det f\u00f6rslag regeringen nu l\u00e4gger underl\u00e4ttar vi ytterligare utbyggnaden av den f\u00f6rnybara elproduktionen. Tack vare att det fram\u00f6ver blir billigare att vara f\u00f6rst p\u00e5 den f\u00f6rnybara bollen kommer vi i Sverige kunna \u00f6ka tempot i utbyggnaden av den f\u00f6rnybara elproduktionen \u00e4nnu mer.<\/p>\n","protected":false},"excerpt":{"rendered":"<p>Under 2013 \u00f6kade vindelsproduktionen i Sverige med hela 37 procent, till 9,7 TWh. D\u00e4rmed har vindkraften \u00f6kat med tio g\u00e5nger sedan vi i Alliansregeringen tilltr\u00e4de 2006. Men trots att mycket vindkraft redan byggt och byggs ut s\u00e5 vet vi att vi i Sverige har gott om riktigt bra vindl\u00e4gen, som vi skulle kunna ta vara&nbsp;<a href=\"http:\/\/annakarinhatt.se\/blogg\/nu-blir-det-lattare-att-bygga-ut-i-bra-vindlagen\/\" class=\"read-more\">Continue Reading<\/a><\/p>\n","protected":false},"author":3,"featured_media":0,"comment_status":"open","ping_status":"open","sticky":false,"template":"","format":"standard","meta":{"ngg_post_thumbnail":0,"footnotes":""},"categories":[87],"tags":[212,83,99,102,164],"class_list":["post-4621","post","type-post","status-publish","format-standard","hentry","category-energi","tag-energiomstallning","tag-energipolitik","tag-fornybar-energi","tag-fornybart","tag-vindkraft","cat-87-id"],"_links":{"self":[{"href":"http:\/\/annakarinhatt.se\/blogg\/wp-json\/wp\/v2\/posts\/4621","targetHints":{"allow":["GET"]}}],"collection":[{"href":"http:\/\/annakarinhatt.se\/blogg\/wp-json\/wp\/v2\/posts"}],"about":[{"href":"http:\/\/annakarinhatt.se\/blogg\/wp-json\/wp\/v2\/types\/post"}],"author":[{"embeddable":true,"href":"http:\/\/annakarinhatt.se\/blogg\/wp-json\/wp\/v2\/users\/3"}],"replies":[{"embeddable":true,"href":"http:\/\/annakarinhatt.se\/blogg\/wp-json\/wp\/v2\/comments?post=4621"}],"version-history":[{"count":5,"href":"http:\/\/annakarinhatt.se\/blogg\/wp-json\/wp\/v2\/posts\/4621\/revisions"}],"predecessor-version":[{"id":4629,"href":"http:\/\/annakarinhatt.se\/blogg\/wp-json\/wp\/v2\/posts\/4621\/revisions\/4629"}],"wp:attachment":[{"href":"http:\/\/annakarinhatt.se\/blogg\/wp-json\/wp\/v2\/media?parent=4621"}],"wp:term":[{"taxonomy":"category","embeddable":true,"href":"http:\/\/annakarinhatt.se\/blogg\/wp-json\/wp\/v2\/categories?post=4621"},{"taxonomy":"post_tag","embeddable":true,"href":"http:\/\/annakarinhatt.se\/blogg\/wp-json\/wp\/v2\/tags?post=4621"}],"curies":[{"name":"wp","href":"https:\/\/api.w.org\/{rel}","templated":true}]}}