{"id":4749,"date":"2014-02-25T07:37:31","date_gmt":"2014-02-25T06:37:31","guid":{"rendered":"http:\/\/annakarinhatt.se\/blogg\/?p=4749"},"modified":"2014-02-25T10:45:43","modified_gmt":"2014-02-25T09:45:43","slug":"alliansen-foreslar-hogre-klimatmal-och-nytt-fornybartmal-for-eu","status":"publish","type":"post","link":"http:\/\/annakarinhatt.se\/blogg\/alliansen-foreslar-hogre-klimatmal-och-nytt-fornybartmal-for-eu\/","title":{"rendered":"Alliansen f\u00f6resl\u00e5r h\u00f6gre klimatm\u00e5l och nytt f\u00f6rnybartm\u00e5l f\u00f6r EU"},"content":{"rendered":"<div id=\"attachment_4751\" style=\"width: 310px\" class=\"wp-caption alignleft\"><a href=\"http:\/\/commons.wikimedia.org\/wiki\/File:Solar_Panel_(8539512971).jpg\"><img loading=\"lazy\" decoding=\"async\" aria-describedby=\"caption-attachment-4751\" class=\"size-medium wp-image-4751\" alt=\"Solpaneler som bidrar till ett energieffektivare samh\u00e4lle. Foto: USFWS\/Rachel Molenda\" src=\"http:\/\/annakarinhatt.se\/blogg\/wp-content\/uploads\/2014\/02\/solpanel-300x270.jpg\" width=\"300\" height=\"270\" srcset=\"http:\/\/annakarinhatt.se\/blogg\/wp-content\/uploads\/2014\/02\/solpanel-300x270.jpg 300w, http:\/\/annakarinhatt.se\/blogg\/wp-content\/uploads\/2014\/02\/solpanel.jpg 592w\" sizes=\"auto, (max-width: 300px) 100vw, 300px\" \/><\/a><p id=\"caption-attachment-4751\" class=\"wp-caption-text\">Solpaneler som bidrar till ett energieffektivare samh\u00e4lle. Foto: USFWS\/Rachel Molenda<\/p><\/div>Idag presenterar jag och milj\u00f6minister Lena Ek, p\u00e5 <a title=\"SvD Br\u00e4nnpunkt: EU b\u00f6r s\u00e4tta h\u00f6gre klimatm\u00e5l\" href=\"http:\/\/www.svd.se\/opinion\/brannpunkt\/3304528.svd\" target=\"_blank\">SvD Br\u00e4nnpunkt<\/a>, Alliansregeringens samlade syn p\u00e5 det nya klimat- och energiramverk f\u00f6r 2030 som EU-kommissionen lagt fram, och som nu ska f\u00f6rhandlas mellan EU:S medlemsstater.<\/p>\n<p>B\u00e5de jag och Lena, och m\u00e5nga andra fr\u00e5n den svenska regeringen, har varit p\u00e5drivande f\u00f6r att EU s\u00e5 snart som m\u00f6jligt ska enas om hur EU:s gemensamma energi- och klimatpolitik efter 2020 ska se ut. Ett s\u00e5dant beslut beh\u00f6vs som en f\u00f6rberedelse inf\u00f6r FN:s klimatm\u00f6te i Paris 2015, n\u00e4r v\u00e4rldens l\u00e4nder ska enas om en ny global klimat\u00f6verenskommelse. Men det beh\u00f6vs ocks\u00e5 f\u00f6r att klarg\u00f6ra spelreglerna f\u00f6r Europas industrier och f\u00f6r de akt\u00f6rer som ska investera i olika typer av energiproduktion i Europa fram\u00f6ver.<\/p>\n<p>Vi kan se att de klimat- och energim\u00e5l vi har i EU idag &#8211; d\u00e4r vi tillsammans i EU till 2020 ska minska koldioxidutsl\u00e4ppen med 20 procent, \u00f6ka energieffektiviteten med 20 procent och se till s\u00e5 att 20 procent av all energi i EU \u00e4r f\u00f6rnybar &#8211; har spelat en avg\u00f6rande roll f\u00f6r den klimat- och energiomst\u00e4llning vi hittills gjort. Och n\u00e4r EU-kommissionen g\u00f6r sin analys av vad som kr\u00e4vs fram\u00f6ver s\u00e5 pekar de p\u00e5 att nya m\u00e5l kr\u00e4vs och p\u00e5 att en fortsatt utbyggnad av den f\u00f6rnybara energin \u00e4r en \u201dno-regret option\u201d, och en n\u00f6dv\u00e4ndighet f\u00f6r att vi ska kunna n\u00e5 v\u00e5ra klimatm\u00e5l. Samtidigt som de g\u00f6r det lyfter EU-kommissionen fram Sverige som ett av de b\u00e4sta exemplen p\u00e5 hur man kan bygga ut den f\u00f6rnybara energin p\u00e5 ett v\u00e4ldigt kostnadseffektivt s\u00e4tt. Tack vare det, och inte minst tack vare v\u00e5ra kostnadseffektiva gr\u00f6na elcertifikat, \u00e4r idag mer \u00e4n h\u00e4lften av Sveriges samlade energif\u00f6rs\u00f6rjning f\u00f6rnybar. Och som det allra f\u00f6rsta medlemslandet av alla i EU har vi nu uppn\u00e5tt det f\u00f6rnybartm\u00e5l vi \u00e5tagit oss och satt upp till 2020.<\/p>\n<p>Nu n\u00e4rmar sig 2020 snabbt, samtidigt som EU beh\u00f6ver f\u00f6rbereda sig inf\u00f6r de kommande klimatf\u00f6rhandlingarna i Paris, 2015. D\u00e4rf\u00f6r var det v\u00e4lkommet att EU-kommissionen den 22 januari presenterade sitt f\u00f6rslag till nya klimat- och energim\u00e5l f\u00f6r 2030. De f\u00f6resl\u00e5r att utsl\u00e4ppen av v\u00e4xthusgaser inom EU ska minska med 40 procent till 2030, j\u00e4mf\u00f6rt med 1990. Samtidigt f\u00f6resl\u00e5r de ett nytt m\u00e5l f\u00f6r f\u00f6rnybar energi om minst 27 procent till 2030. N\u00e4r det g\u00e4ller energieffektivisering flaggar de f\u00f6r att de kommer \u00e5terkomma med eventuella f\u00f6rslag efter \u00f6versynen av det nyligen beslutade energieffektiviseringsdirektivet, samtidigt som de f\u00f6resl\u00e5r en f\u00f6rst\u00e4rkning av EU:s utsl\u00e4ppshandel (ETS-systemet) f\u00f6r att undvika stora \u00f6ver- eller underskott av utsl\u00e4ppsr\u00e4tter.<\/p>\n<p>Den senaste m\u00e5naden har EU-kommissonens f\u00f6rslag analyserats i alla EU:s medlemsl\u00e4nder, och nu b\u00f6rjar medlemsl\u00e4ndernas st\u00e5ndpunkter klarna. S\u00e5h\u00e4r l\u00e5ngt har t.ex. Tyskland och Frankrike st\u00e4llt sig bakom paketet, och st\u00f6der kommissionens f\u00f6rslag, b\u00e5de n\u00e4r det g\u00e4ller niv\u00e5n p\u00e5 klimat och niv\u00e5n n\u00e4r det g\u00e4ller f\u00f6rnybart. Samtidigt vet vi att Storbritannien vill se ett h\u00f6gre klimatm\u00e5l med 50 procent utsl\u00e4ppsminskning, och att ett antal medlemsstater fr\u00e5n fr\u00e4mst forna \u00f6st-Europa \u00e4r kritiska mot nya klimatambitioner f\u00f6r EU.<\/p>\n<p>Just d\u00e4rf\u00f6r \u00e4r jag v\u00e4ldigt glad att jag och Lena Ek idag kan presentera Alliansregeringens samlade syn p\u00e5 f\u00f6rslaget till nytt klimat- och energiramverk f\u00f6r EU. V\u00e5r h\u00e5llning vilar p\u00e5 fyra viktiga delar:<\/p>\n<ol>\n<li>Alliansregeringen v\u00e4lkomnar EU-kommissionens f\u00f6rslag till klimat- och energipaket, men vi tycker att ambitionsniv\u00e5n f\u00f6r paketet beh\u00f6ver h\u00f6jas. Vi vill att EU ska enas om ett h\u00f6gre klimatm\u00e5l, och att utsl\u00e4ppen ska minska med sammantaget 50 procent till \u00e5r 2030. Av det m\u00e5let b\u00f6r 40 procentenheter n\u00e5s internt inom EU, efter en kostnadseffektiv b\u00f6rdef\u00f6rdelning mellan EU:s medlemsl\u00e4nder, och resterande 10 procentenheter via internationella mekanismer, i samband med att andra utvecklade l\u00e4nder tar sin andel av utsl\u00e4ppsminskningarna. EU st\u00e5r bara f\u00f6r ca 10 procent av de globala utsl\u00e4ppen och kan d\u00e4rf\u00f6r inte l\u00f6sa den globala uppv\u00e4rmningen ensamt. D\u00e4rf\u00f6r beh\u00f6ver alla de stora utsl\u00e4ppsl\u00e4nderna tar sitt ansvar. Samtidigt ska EU inte bara genomf\u00f6ra utsl\u00e4ppsminskningar i Europa, utan ocks\u00e5 forts\u00e4tta ta ansvar f\u00f6r att minska utsl\u00e4ppen ocks\u00e5 i andra l\u00e4nder. P\u00e5 s\u00e5 s\u00e4tt bidrar vi i EU till h\u00e5llbar utveckling och teknikspridning globalt, samtidigt som vi s\u00e4krar att de \u00e5tg\u00e4rder som genomf\u00f6rs \u00e4r kostnadseffektiva. Klimatfr\u00e5gan \u00e4r f\u00f6r stor f\u00f6r att \u00e4gna sig \u00e5t klimatnationalism.<\/li>\n<li>Samtidigt v\u00e4lkomnar vi fr\u00e5n Alliansregeringens sida att EU-kommissionen f\u00f6resl\u00e5r ett nytt m\u00e5l f\u00f6r f\u00f6rnybar energi och att det m\u00e5let ska vara minst 27 procents andel f\u00f6rnybar energi till 2030, vilket skall uppn\u00e5s p\u00e5 ett kostnadseffektivt s\u00e4tt. M\u00e5let f\u00f6r utsl\u00e4ppsminskning \u00e4r \u00f6verordnat, men genom att forts\u00e4tta bygga ut den f\u00f6rnybara energin i Europa kan vi b\u00e5de minska v\u00e5rt beroende och importbehov av fossila br\u00e4nslen, och \u00f6ka v\u00e5r f\u00f6rs\u00f6rjningstrygghet. Samtidigt skapar ett nytt f\u00f6rnybartm\u00e5l v\u00e4rdefull syssels\u00e4ttning och ger l\u00e5ngsiktiga villkor f\u00f6r investerare samtidigt som priset p\u00e5 ny teknik drivs ner.<\/li>\n<li>Fr\u00e5n Alliansregeringens sida v\u00e4lkomnar vi ocks\u00e5 att EU-kommissionen ska \u00e5terkomma n\u00e4r det g\u00e4ller eventuella nya m\u00e5l f\u00f6r energieffektivisering. Att anv\u00e4nda energin mer effektivt bidrar b\u00e5de till st\u00e4rkt konkurrenskraft och minskade utsl\u00e4pp, samtidigt som det kan hj\u00e4lpa b\u00e5de industri och konsumenter att minska sina energikostnader. D\u00e4rf\u00f6r \u00e4r det naturligt att vi \u00e5terkommer till fr\u00e5gan om nya m\u00e5ls\u00e4ttningar f\u00f6r energieffektivisering senare i \u00e5r, n\u00e4r \u00f6versynen av det nyligen beslutade energieffektiviseringsdirektivet \u00e4r klar.<\/li>\n<li>Dessutom v\u00e4lkomnar vi en \u00f6versyn av EU:s utsl\u00e4ppshandel, som EU-kommissionen f\u00f6resl\u00e5r. Utsl\u00e4ppshandeln \u00e4r ett av de viktigaste styrmedlen vi har f\u00f6r att kostnadseffektivt minska utsl\u00e4ppen, men f\u00f6r att det ska ske beh\u00f6ver utsl\u00e4ppshandelssystemet \u00e5terf\u00e5 sin styrkraft.<\/li>\n<\/ol>\n<p>Det \u00e4r med denna tydliga och ambiti\u00f6sa linje som jag och Lena Ek, \u00e5 Sveriges v\u00e4gnar, nu kommer m\u00f6ta v\u00e5ra milj\u00f6- respektive energiministerkollegor i Bryssel den 3 och 4:e mars, f\u00f6r att p\u00e5b\u00f6rja diskussionerna och f\u00f6rhandlingarna om EU:s kommande 2030-m\u00e5l f\u00f6r klimat och f\u00f6rnybar energi. De f\u00f6rhandlingarna kommer sedan g\u00e5 vidare till stats- och regeringschefernas toppm\u00f6te i Europeiska R\u00e5det i slutet av mars.<\/p>\n<p>Inf\u00f6r dessa f\u00f6rhandlingar \u00e4r Alliansregeringens linje tydlig: vi vill att EU ska enas om en ambiti\u00f6s klimat- och energipolitik, som b\u00e5de ger klarhet f\u00f6r investerare och som g\u00f6r det m\u00f6jligt f\u00f6r EU att forts\u00e4tta vara en ledande part i de globala klimatsamtalen. Det finns \u00e4nnu, inf\u00f6r FN:s klimatf\u00f6rhandlingar i Paris, stora m\u00f6jligheter att p\u00e5verka och g\u00f6ra skillnad, men det f\u00f6ruts\u00e4tter att parterna runt f\u00f6rhandlingsbordet \u00e4r beredda att bidra. D\u00e4rf\u00f6r \u00e4r det viktigt att vi i EU kan vara p\u00e5drivande och ha en tydlig egen inriktning, s\u00e5 att v\u00e4rlden kan n\u00e5 resultat och enas om en ny ambiti\u00f6s klimat\u00f6verenskommelse och h\u00e5lla den globala uppv\u00e4rmningen under tv\u00e5 grader.<\/p>\n","protected":false},"excerpt":{"rendered":"<p>Idag presenterar jag och milj\u00f6minister Lena Ek, p\u00e5 SvD Br\u00e4nnpunkt, Alliansregeringens samlade syn p\u00e5 det nya klimat- och energiramverk f\u00f6r 2030 som EU-kommissionen lagt fram, och som nu ska f\u00f6rhandlas mellan EU:S medlemsstater. B\u00e5de jag och Lena, och m\u00e5nga andra fr\u00e5n den svenska regeringen, har varit p\u00e5drivande f\u00f6r att EU s\u00e5 snart som m\u00f6jligt ska&nbsp;<a href=\"http:\/\/annakarinhatt.se\/blogg\/alliansen-foreslar-hogre-klimatmal-och-nytt-fornybartmal-for-eu\/\" class=\"read-more\">Continue Reading<\/a><\/p>\n","protected":false},"author":3,"featured_media":0,"comment_status":"open","ping_status":"open","sticky":false,"template":"","format":"standard","meta":{"ngg_post_thumbnail":0,"footnotes":""},"categories":[87],"tags":[170,212,83,96,99,102,34],"class_list":["post-4749","post","type-post","status-publish","format-standard","hentry","category-energi","tag-energi-2","tag-energiomstallning","tag-energipolitik","tag-eu","tag-fornybar-energi","tag-fornybart","tag-hallbar-tillvaxt","cat-87-id"],"_links":{"self":[{"href":"http:\/\/annakarinhatt.se\/blogg\/wp-json\/wp\/v2\/posts\/4749","targetHints":{"allow":["GET"]}}],"collection":[{"href":"http:\/\/annakarinhatt.se\/blogg\/wp-json\/wp\/v2\/posts"}],"about":[{"href":"http:\/\/annakarinhatt.se\/blogg\/wp-json\/wp\/v2\/types\/post"}],"author":[{"embeddable":true,"href":"http:\/\/annakarinhatt.se\/blogg\/wp-json\/wp\/v2\/users\/3"}],"replies":[{"embeddable":true,"href":"http:\/\/annakarinhatt.se\/blogg\/wp-json\/wp\/v2\/comments?post=4749"}],"version-history":[{"count":3,"href":"http:\/\/annakarinhatt.se\/blogg\/wp-json\/wp\/v2\/posts\/4749\/revisions"}],"predecessor-version":[{"id":4753,"href":"http:\/\/annakarinhatt.se\/blogg\/wp-json\/wp\/v2\/posts\/4749\/revisions\/4753"}],"wp:attachment":[{"href":"http:\/\/annakarinhatt.se\/blogg\/wp-json\/wp\/v2\/media?parent=4749"}],"wp:term":[{"taxonomy":"category","embeddable":true,"href":"http:\/\/annakarinhatt.se\/blogg\/wp-json\/wp\/v2\/categories?post=4749"},{"taxonomy":"post_tag","embeddable":true,"href":"http:\/\/annakarinhatt.se\/blogg\/wp-json\/wp\/v2\/tags?post=4749"}],"curies":[{"name":"wp","href":"https:\/\/api.w.org\/{rel}","templated":true}]}}