{"id":4754,"date":"2014-02-27T11:20:14","date_gmt":"2014-02-27T10:20:14","guid":{"rendered":"http:\/\/annakarinhatt.se\/blogg\/?p=4754"},"modified":"2014-02-27T11:20:14","modified_gmt":"2014-02-27T10:20:14","slug":"700-skal-for-battre-mobiltelefoni","status":"publish","type":"post","link":"http:\/\/annakarinhatt.se\/blogg\/700-skal-for-battre-mobiltelefoni\/","title":{"rendered":"700 sk\u00e4l f\u00f6r b\u00e4ttre mobiltelefoni"},"content":{"rendered":"<div id=\"attachment_4762\" style=\"width: 303px\" class=\"wp-caption alignleft\"><a href=\"http:\/\/www.dn.se\/debatt\/digital-tv-far-nu-lamna-frekvenser-till-mobilerna\/\"><img loading=\"lazy\" decoding=\"async\" aria-describedby=\"caption-attachment-4762\" class=\"size-medium wp-image-4762\" alt=\"P\u00e5 DN Debatt idag: Digital-tv f\u00e5r nu l\u00e4mna frekvenser till mobilerna.\" src=\"http:\/\/annakarinhatt.se\/blogg\/wp-content\/uploads\/2014\/02\/dn-debatt-700_2-293x300.png\" width=\"293\" height=\"300\" srcset=\"http:\/\/annakarinhatt.se\/blogg\/wp-content\/uploads\/2014\/02\/dn-debatt-700_2-293x300.png 293w, http:\/\/annakarinhatt.se\/blogg\/wp-content\/uploads\/2014\/02\/dn-debatt-700_2.png 399w\" sizes=\"auto, (max-width: 293px) 100vw, 293px\" \/><\/a><p id=\"caption-attachment-4762\" class=\"wp-caption-text\">P\u00e5 DN Debatt idag: Digital-tv f\u00e5r nu l\u00e4mna frekvenser till mobilerna.<\/p><\/div>\n<p>Idag <a title=\"Computer Sweden: Mobilt tar \u00f6ver digital-tv-frekvenser\" href=\"http:\/\/www.idg.se\/2.1085\/1.548911\/mobilt-tar-over-digital-tv-frekvenser\" target=\"_blank\">meddelar<\/a> <a title=\"Sveriges Radio: B\u00e4ttre t\u00e4ckning f\u00f6r mobiltelefoni\" href=\"http:\/\/sverigesradio.se\/sida\/artikel.aspx?programid=83&amp;artikel=5795587\" target=\"_blank\">jag <\/a>p\u00e5 <a title=\"DN Debatt: \u201dDigital-tv f\u00e5r nu l\u00e4mna frekvenser till mobilerna\u201d\" href=\"http:\/\/www.dn.se\/debatt\/digital-tv-far-nu-lamna-frekvenser-till-mobilerna\/\" target=\"_blank\">DN Debatt <\/a><a title=\"Mediev\u00e4rlden: Tv tvingas l\u00e4mna 700-bandet\" href=\"http:\/\/www.medievarlden.se\/nyheter\/2014\/02\/tv-tvingas-lamna-700-bandet\" target=\"_blank\">att<\/a> vi i Alliansregeringen fr\u00e5n och med 2017 kommer \u00f6ronm\u00e4rka <a title=\"TT: Mer utrymme f\u00f6r mobilt bredband\" href=\"http:\/\/hd.se\/ekonomi\/2014\/02\/27\/mer-utrymme-for-mobilt-bredband\/\" target=\"_blank\">det <\/a>mycket v\u00e4rdefulla frekvensbandet 700 MHz f\u00f6r mobiltelefoni. Det \u00e4r ett mycket viktigt besked som \u00e4n en g\u00e5ng placerar Sverige i framkant internationellt, och som inom bara n\u00e5gra \u00e5r kommer ge oss helt nya och l\u00e5ngt b\u00e4ttre m\u00f6jligheter att kommunicera mobilt, framf\u00f6rallt p\u00e5 landsbygden.<\/p>\n<p>Det som \u00e4r fiffigt med radiofrekvenserna p\u00e5 700-bandet \u00e4r att de kan n\u00e5 v\u00e4ldigt l\u00e5ngt, vilket att vi kan anv\u00e4nda det f\u00f6r att, med f\u00f6rh\u00e5llandevis f\u00e5\u00a0basstationer,\u00a0t\u00e4cka stora geografiska ytor med snabbt mobilt bredband och bra mobiltelefoni. Det var med det i \u00e5tanke som Centerpartiet vid partist\u00e4mman i Karlstad i september i f\u00f6rra \u00e5ret slog fast att vi s\u00e5 snart som m\u00f6jligt vill \u00f6ronm\u00e4rka 700-bandet mobiltelefoni [<a title=\"Snabbprotokoll fr\u00e5n Centerpartiets st\u00e4mma i Karlstad 2013\" href=\"http:\/\/www.centerpartiet.se\/PageFiles\/92061\/Snabbprotokoll%2014.pdf\" target=\"_blank\">PDF<\/a>].\u00a0Och idag, mindre \u00e4n ett halv\u00e5r senare, kan vi konstatera att Centerpartiet har f\u00e5tt genomslag och levererat p\u00e5 det. Till punkt och pricka.<\/p>\n<p>Det beslut Centerpartiet och Alliansen idag har fattat bygger vidare p\u00e5 det vi redan gjort. F\u00f6r redan 2007 kunde min f\u00f6retr\u00e4dare, den d\u00e5varande centerpartistiska\u00a0<a title=\"DN Debatt: Tv-branschens ensamr\u00e4tt till frekvensutrymme bryts\" href=\"http:\/\/www.dn.se\/debatt\/tv-branschens-ensamratt-till-frekvensutrymme-bryts\/\" target=\"_blank\">infrastrukturministern \u00c5sa Torstensson ber\u00e4tta<\/a>\u00a0att Alliansen d\u00e5 \u00f6ronm\u00e4rkte det lika v\u00e4rdefulla 800-bandet f\u00f6r mobiltelefoni. tack vare att Centerpartiet, \u00c5sa och Alliansregeringen d\u00e5 fattade det framsynta beslutet kan vi idag se hur den allra nyaste och snabbaste snabba mobiltekniken, 4G, snabbt\u00a0byggs ut p\u00e5 den svenska landsbygden. Bara p\u00e5 ett \u00e5r har t\u00e4ckningen med 4G p\u00e5 landsbygden \u00f6kat fr\u00e5n 10 % till 79 %. Det \u00e4r riktigt bra!<\/p>\n<p>Och idag tar vi \u00e4nnu ett historiskt steg f\u00f6r utveckla och f\u00f6rb\u00e4ttra mobiltelefonin i Sverige. F\u00f6r ned det h\u00e4r beslutet f\u00e5r operat\u00f6rerna \u00e4nnu b\u00e4ttre f\u00f6ruts\u00e4ttningar att bygga ut bra mobila kommunikationer i hela v\u00e5rt land.<\/p>\n<p>Det \u00e4r stort. Men det h\u00e4r beslutet \u00e4r samtidigt \u00e4nnu st\u00f6rre \u00e4n s\u00e5. F\u00f6r med beslutet avv \u00f6ronm\u00e4rka 700-bandet f\u00f6r mobilt bredband och mobiltelefoni s\u00e5 forts\u00e4tter vi s\u00e4tta Sverige i f\u00f6rars\u00e4tet n\u00e4r det g\u00e4ller telekomutvecklingen. F\u00f6r inget annat land har avsatt lika mycket spektrum f\u00f6r mobiltelefoni som vi i Sverige har gjort, och inget annat land har som vi varit f\u00f6rst eller bland de f\u00f6rsta att \u00f6ronm\u00e4rka dessa extra v\u00e4rdefulla frekvenser f\u00f6r mobiltelefoni. Med dagens besked forts\u00e4tter Centerpartiet och Alliansen p\u00e5 den v\u00e4gen, och s\u00e4nder d\u00e4rmed en tydlig signal om att telekomsektorn \u00e4r oerh\u00f6rt viktig f\u00f6r oss och f\u00f6r v\u00e5rt land. Vi svenskar \u00e4r ett teknik\u00e4lskande folk som har tagit till oss mobilen och verkligen vill kunna anv\u00e4nda den mycket och \u00f6verallt. Och vi har i v\u00e5rt land m\u00e5nga duktiga it- och telekomf\u00f6retag &#8211;\u00a0stora som sm\u00e5\u00a0&#8211; som l\u00e4gger ned sin sj\u00e4l i att utveckla nya produkter och tj\u00e4nster, som ger mycket tillv\u00e4xt och m\u00e5nga jobb.\u00a0Av alla dessa sk\u00e4l \u00e4r det viktigt att vi nu kan ta detta steg. Ett steg som ocks\u00e5, som EU-parlamentariker <a title=\"Gunnar H\u00f6kmark: Avg\u00f6rande beslut f\u00f6r svenskt IT-ledarskap\" href=\"http:\/\/hokmark.eu\/avgorande-beslut-for-svenskt-it-ledarskap\/\" target=\"_blank\">Gunnar H\u00f6kmark noterar p\u00e5 sin blogg<\/a>, dessutom placerar Sverige i den absoluta framkanten i Europa!<\/p>\n","protected":false},"excerpt":{"rendered":"<p>Idag meddelar jag p\u00e5 DN Debatt att vi i Alliansregeringen fr\u00e5n och med 2017 kommer \u00f6ronm\u00e4rka det mycket v\u00e4rdefulla frekvensbandet 700 MHz f\u00f6r mobiltelefoni. Det \u00e4r ett mycket viktigt besked som \u00e4n en g\u00e5ng placerar Sverige i framkant internationellt, och som inom bara n\u00e5gra \u00e5r kommer ge oss helt nya och l\u00e5ngt b\u00e4ttre m\u00f6jligheter att&nbsp;<a href=\"http:\/\/annakarinhatt.se\/blogg\/700-skal-for-battre-mobiltelefoni\/\" class=\"read-more\">Continue Reading<\/a><\/p>\n","protected":false},"author":3,"featured_media":0,"comment_status":"open","ping_status":"open","sticky":false,"template":"","format":"standard","meta":{"ngg_post_thumbnail":0,"footnotes":""},"categories":[7],"tags":[341,343,404,342,262,241,97,121],"class_list":["post-4754","post","type-post","status-publish","format-standard","hentry","category-it-politik","tag-4g","tag-700-bandet","tag-centerpartiet","tag-frekvenser","tag-mobilt-bredband","tag-mobiltackning","tag-mobiltelefoni","tag-pts","cat-7-id"],"_links":{"self":[{"href":"http:\/\/annakarinhatt.se\/blogg\/wp-json\/wp\/v2\/posts\/4754","targetHints":{"allow":["GET"]}}],"collection":[{"href":"http:\/\/annakarinhatt.se\/blogg\/wp-json\/wp\/v2\/posts"}],"about":[{"href":"http:\/\/annakarinhatt.se\/blogg\/wp-json\/wp\/v2\/types\/post"}],"author":[{"embeddable":true,"href":"http:\/\/annakarinhatt.se\/blogg\/wp-json\/wp\/v2\/users\/3"}],"replies":[{"embeddable":true,"href":"http:\/\/annakarinhatt.se\/blogg\/wp-json\/wp\/v2\/comments?post=4754"}],"version-history":[{"count":7,"href":"http:\/\/annakarinhatt.se\/blogg\/wp-json\/wp\/v2\/posts\/4754\/revisions"}],"predecessor-version":[{"id":4765,"href":"http:\/\/annakarinhatt.se\/blogg\/wp-json\/wp\/v2\/posts\/4754\/revisions\/4765"}],"wp:attachment":[{"href":"http:\/\/annakarinhatt.se\/blogg\/wp-json\/wp\/v2\/media?parent=4754"}],"wp:term":[{"taxonomy":"category","embeddable":true,"href":"http:\/\/annakarinhatt.se\/blogg\/wp-json\/wp\/v2\/categories?post=4754"},{"taxonomy":"post_tag","embeddable":true,"href":"http:\/\/annakarinhatt.se\/blogg\/wp-json\/wp\/v2\/tags?post=4754"}],"curies":[{"name":"wp","href":"https:\/\/api.w.org\/{rel}","templated":true}]}}