{"id":4767,"date":"2014-02-28T17:57:26","date_gmt":"2014-02-28T16:57:26","guid":{"rendered":"http:\/\/annakarinhatt.se\/blogg\/?p=4767"},"modified":"2014-02-28T17:57:26","modified_gmt":"2014-02-28T16:57:26","slug":"med-svenska-mobilforetag-i-barcelona","status":"publish","type":"post","link":"http:\/\/annakarinhatt.se\/blogg\/med-svenska-mobilforetag-i-barcelona\/","title":{"rendered":"Med svenska mobilf\u00f6retag i Barcelona"},"content":{"rendered":"<div id=\"attachment_4778\" style=\"width: 310px\" class=\"wp-caption alignleft\"><a href=\"http:\/\/annakarinhatt.se\/blogg\/wp-content\/uploads\/2014\/02\/governmentforum.jpg\"><img loading=\"lazy\" decoding=\"async\" aria-describedby=\"caption-attachment-4778\" class=\"size-medium wp-image-4778\" alt=\"It- och energiminister Anna-Karin Hatt pratar p\u00e5 Ministerial programme under MWC-m\u00e4ssan i Barcelona.\" src=\"http:\/\/annakarinhatt.se\/blogg\/wp-content\/uploads\/2014\/02\/governmentforum-300x214.jpg\" width=\"300\" height=\"214\" srcset=\"http:\/\/annakarinhatt.se\/blogg\/wp-content\/uploads\/2014\/02\/governmentforum-300x214.jpg 300w, http:\/\/annakarinhatt.se\/blogg\/wp-content\/uploads\/2014\/02\/governmentforum.jpg 1024w\" sizes=\"auto, (max-width: 300px) 100vw, 300px\" \/><\/a><p id=\"caption-attachment-4778\" class=\"wp-caption-text\">It- och energiminister Anna-Karin Hatt pratar p\u00e5 Ministerial programme under MWC-m\u00e4ssan i Barcelona.<\/p><\/div>\n<p>Sedan 2007 genomf\u00f6rs varje \u00e5r i februari mobilm\u00e4ssan <a title=\"Mobile World Congress\" href=\"http:\/\/www.mobileworldcongress.com\/\" target=\"_blank\">Mobile World Congress<\/a> i Barcelona, av organisationen GSMA. I veckan som gick fick jag sj\u00e4lv tillf\u00e4lle att sj\u00e4lva bes\u00f6ka den tillst\u00e4llningen. Med \u00f6ver 70 000 bes\u00f6kare &#8211; fr\u00e5n hela v\u00e4rlden &#8211; \u00e4r det inte bara v\u00e4rldens st\u00f6rsta mobilm\u00e4ssa, utan ocks\u00e5 en v\u00e4ldigt viktig m\u00f6tesplats d\u00e4r alla, fr\u00e5n sm\u00e5 startup-f\u00f6retag till v\u00e4rldsomsp\u00e4nnande konglomerat, kan tr\u00e4ffa telekomministrar fr\u00e5n hela v\u00e4rlden eller andra beslutsfattare fr\u00e5n det civila samh\u00e4llet.<\/p>\n<p>I anslutning till m\u00e4ssan h\u00e5lls varje \u00e5r Goverment Mobile Forum d\u00e4r jag var med i en paneldiskussion under rubriken \u201dPolicy approaches for sustained mobile investment and innovation\u201d. Under den diskussionen fick jag bland annat fr\u00e5gan hur vi i Sverige arbetat och arbetar f\u00f6r att kunna bygga ut bra mobiltelefoni i ett v\u00e4ldigt glest befolkat land, som ju Sverige \u00e4r.<\/p>\n<p>F\u00f6r n\u00e4r det g\u00e4ller mobiltelefoni s\u00e5 ligger vi i Sverige verkligen i framkant, vilket flera olika talare ofta \u00e5terkom till. Men det inneb\u00e4r ocks\u00e5 att vi som svenskar har v\u00e4ldigt h\u00f6ga f\u00f6rv\u00e4ntningar och blir v\u00e4ldigt frustrerade n\u00e4r t.ex. operat\u00f6rernas l\u00f6ften om bra mobilt\u00e4ckning inte st\u00e4mmer med verkligheten.<\/p>\n<div id=\"attachment_4774\" style=\"width: 310px\" class=\"wp-caption alignleft\"><a href=\"http:\/\/annakarinhatt.se\/blogg\/wp-content\/uploads\/2014\/02\/panel1.jpg\"><img loading=\"lazy\" decoding=\"async\" aria-describedby=\"caption-attachment-4774\" class=\"size-medium wp-image-4774\" alt=\"Med panelen p\u00e5 Ministerial Programme. P\u00e5 bilden: Moderator Diane Coyle, Anna-Karin Hatt, Bitange Ndemo, Anusha Rahman Ahmad Khan, Ed Richards samt David Thodey.\" src=\"http:\/\/annakarinhatt.se\/blogg\/wp-content\/uploads\/2014\/02\/panel1-300x225.jpg\" width=\"300\" height=\"225\" srcset=\"http:\/\/annakarinhatt.se\/blogg\/wp-content\/uploads\/2014\/02\/panel1-300x225.jpg 300w, http:\/\/annakarinhatt.se\/blogg\/wp-content\/uploads\/2014\/02\/panel1.jpg 1024w\" sizes=\"auto, (max-width: 300px) 100vw, 300px\" \/><\/a><p id=\"caption-attachment-4774\" class=\"wp-caption-text\">Med panelen p\u00e5 Ministerial Programme. P\u00e5 bilden: Moderator Diane Coyle, Anna-Karin Hatt, Bitange Ndemo, Anusha Rahman Ahmad Khan, Ed Richards samt David Thodey.<\/p><\/div>\n<p>I den debatten beskrev jag den l\u00e5nga rad \u00e5tg\u00e4rder som jag och Alliansregeringen vidtagit, men tyv\u00e4rr kunde jag inte d\u00e5 ber\u00e4tta om det historiska beslut som vi i <a title=\"DN Debatt: \u201dDigital-tv f\u00e5r nu l\u00e4mna frekvenser till mobilerna\u201d\" href=\"http:\/\/www.dn.se\/debatt\/digital-tv-far-nu-lamna-frekvenser-till-mobilerna\/\" target=\"_blank\">regeringen fattade ig\u00e5r<\/a>, om att nu &#8211; som ett av de f\u00f6rsta l\u00e4nderna i v\u00e4rlden &#8211; \u00f6ronm\u00e4rka det s\u00e5 kallade 700 MHz-bandet f\u00f6r mobilt bredband och mobiltelefon i, eftersom vi i tisdags \u00e4nnu inte hade fattat beslut om det.<\/p>\n<p>Med i panelen fanns bland annat min it-ministerkollega fr\u00e5n Pakistan, Anusha Rahman Ahmad Khan. Och trots att hennes land och hennes f\u00f6ruts\u00e4ttningar skiljer sig otroligt mycket fr\u00e5n mina och Sveriges, s\u00e5 var det sl\u00e5ende att det samtidigt fanns flera likheter mellan det hon sa och den svenska regeringens it-politik. Liksom jag po\u00e4ngterade hon det civila samh\u00e4llets och f\u00f6retagens viktiga roll i att utveckla effektiva e-tj\u00e4nster. Precis det som vi pekar p\u00e5 i regeringens e-f\u00f6rvaltningsstrategi, d\u00e4r vi sl\u00e5r fast att vi beh\u00f6ver jobba mer med att \u00f6ppna upp den offentliga f\u00f6rvaltningen och g\u00f6ra den mer tillg\u00e4nglig med s.k. API:er och \u00f6ppna data och standarder.<\/p>\n<p>N\u00e4r jag fick chansen att avsluta diskussionen pekade jag p\u00e5 att det finns tre viktiga saker som vi beh\u00f6ver h\u00e5lla i minnet fram\u00f6ver:<\/p>\n<p>1) Det \u00e4r inte vi som \u00e4r politiker som ska f\u00f6rs\u00f6ka utse vinnare. Tv\u00e4rtom g\u00f6rs de b\u00e4sta teknikvalen av duktiga f\u00f6retag, och av informerade konsumenter som kan g\u00f6ra medvetna val. Politikens roll \u00e4r att garantera att vi som konsumenter kan f\u00e5 l\u00e4ttillg\u00e4nglig information, inte minst genom den typ av <a title=\"L\u00e4tt byte\" href=\"http:\/\/www.regeringen.se\/sb\/d\/18111\/a\/232848\" target=\"_blank\">lagsk\u00e4rpningar<\/a> <a title=\"Telekompaketets inf\u00f6rande\" href=\"http:\/\/www.regeringen.se\/sb\/d\/108\/a\/164330\" target=\"_blank\">som <\/a>vi i Alliansregeringen gjort.<\/p>\n<p>2) Allt fler vill nu anv\u00e4nda den mobila tekniken allt mer, och vi m\u00e5ste alla, fr\u00e5n regeringar till operat\u00f6rer, g\u00f6ra v\u00e5rt yttersta f\u00f6r att h\u00e5lla j\u00e4mna steg med den \u00f6kade efterfr\u00e5gan som nu kommer, och inte minst se till s\u00e5 att det finns tillr\u00e4ckligt mycket utrymme i luften f\u00f6r att bygga ut mobiltelefonin.<\/p>\n<p>3) Vi m\u00e5ste ta vara p\u00e5 chansen att skapa fler jobb, nya tj\u00e4nster och framg\u00e5ngsrika f\u00f6retag genom att bjuda in det civila samh\u00e4llet, entrepren\u00f6rerna och f\u00f6retagen i e-f\u00f6rvaltningsarbetet, och l\u00e5ta dem f\u00e5 tillg\u00e5ng till mer av \u00f6ppna data.<\/p>\n<p>En av de stora internationella diskussionerna det h\u00e4r \u00e5ret kommer handla om hur formerna f\u00f6r internets framtida f\u00f6rvaltning ska se ut. Just den fr\u00e5gan, som jag ocks\u00e5 <a title=\"\u201dIt\u2019s payback time\u201d \u2013 f\u00f6r internets skull\" href=\"http:\/\/annakarinhatt.se\/blogg\/its-payback-time-for-internets-skull\/\">talade om<\/a> n\u00e4r Fiber to the home h\u00f6ll sin kongress p\u00e5 Stockholmsm\u00e4ssan h\u00e4rom veckan, fick jag tillf\u00e4lle att diskutera med Fadi Chehad\u00e9 som sedan 2012 \u00e4r VD och ordf\u00f6rande f\u00f6r <a title=\"Icann\" href=\"http:\/\/www.icann.org\/\">ICANN<\/a>.<\/p>\n<div id=\"attachment_4776\" style=\"width: 310px\" class=\"wp-caption alignleft\"><a href=\"http:\/\/annakarinhatt.se\/blogg\/wp-content\/uploads\/2014\/02\/ambassadorjuhlin.jpg\"><img loading=\"lazy\" decoding=\"async\" aria-describedby=\"caption-attachment-4776\" class=\"size-medium wp-image-4776\" alt=\"Med Sveriges Spanien-ambassad\u00f6r Cecilia Julin utanf\u00f6r m\u00e4ssomr\u00e5det i Barcelona.\" src=\"http:\/\/annakarinhatt.se\/blogg\/wp-content\/uploads\/2014\/02\/ambassadorjuhlin-300x244.jpg\" width=\"300\" height=\"244\" srcset=\"http:\/\/annakarinhatt.se\/blogg\/wp-content\/uploads\/2014\/02\/ambassadorjuhlin-300x244.jpg 300w, http:\/\/annakarinhatt.se\/blogg\/wp-content\/uploads\/2014\/02\/ambassadorjuhlin.jpg 1024w\" sizes=\"auto, (max-width: 300px) 100vw, 300px\" \/><\/a><p id=\"caption-attachment-4776\" class=\"wp-caption-text\">Med Sveriges Spanien-ambassad\u00f6r Cecilia Julin utanf\u00f6r m\u00e4ssomr\u00e5det i Barcelona.<\/p><\/div>\n<p>Fr\u00e5gan om hur internet ska f\u00f6rvaltas i framtiden har blivit en br\u00e4nnhet fr\u00e5ga, inte minst efter de avsl\u00f6janden Edward Snowden gjort. Min och Alliansregeringens linje \u00e4r att den nuvarande flerpartsmodellen (multistakeholder) f\u00f6r internets f\u00f6rvaltning fungerar ganska v\u00e4l. Det finns endel som kan f\u00f6rb\u00e4ttras med den modellen, inte minst n\u00e4r det g\u00e4ller hur vi ska kunna garantera inflytande f\u00f6r mindre utvecklingsl\u00e4nder och hur vi kan garantera att civilsamh\u00e4llet i form av organisationer Human Rights Watch, Reportrar utan Gr\u00e4nser, Internet Society etc. kan ha fortsatt inflytande.<\/p>\n<p>V\u00e5r linje st\u00e5r i bj\u00e4rt kontrast till endel andras. F\u00f6r idag finns det endel ganska starka r\u00f6ster som vill f\u00f6ra in internets f\u00f6rvaltning under FN-flagg, n\u00e5got som v\u00e4ldigt effektivt skulle f\u00f6rsv\u00e5ra civilsamh\u00e4llets m\u00f6jlighet att p\u00e5verka. De r\u00f6sterna hade \u00e4ven Fadi m\u00e4rkt av, och just d\u00e4rf\u00f6r var det v\u00e4ldigt betryggande att f\u00e5 h\u00f6ra hur han och ICANN just nu arbetar v\u00e4ldigt aktivt f\u00f6r att reformera och f\u00f6rst\u00e4rka flerpartsmodellen s\u00e5 att f\u00f6rtroendet f\u00f6r hela den processen kan f\u00f6rb\u00e4ttras. Och sj\u00e4lvklart passade jag p\u00e5 att ge Fadi Sveriges odelade och starka st\u00f6d i det arbetet.<\/p>\n<div id=\"attachment_4780\" style=\"width: 310px\" class=\"wp-caption alignleft\"><a href=\"http:\/\/annakarinhatt.se\/blogg\/wp-content\/uploads\/2014\/02\/huawei2.jpg\"><img loading=\"lazy\" decoding=\"async\" aria-describedby=\"caption-attachment-4780\" class=\"size-medium wp-image-4780\" alt=\"Testar nya surfplattor fr\u00e5n Huawei i deras monter p\u00e5 MWC-m\u00e4ssan.\" src=\"http:\/\/annakarinhatt.se\/blogg\/wp-content\/uploads\/2014\/02\/huawei2-300x225.jpg\" width=\"300\" height=\"225\" srcset=\"http:\/\/annakarinhatt.se\/blogg\/wp-content\/uploads\/2014\/02\/huawei2-300x225.jpg 300w, http:\/\/annakarinhatt.se\/blogg\/wp-content\/uploads\/2014\/02\/huawei2.jpg 1024w\" sizes=\"auto, (max-width: 300px) 100vw, 300px\" \/><\/a><p id=\"caption-attachment-4780\" class=\"wp-caption-text\">Testar nya surfplattor fr\u00e5n Huawei i deras monter p\u00e5 MWC-m\u00e4ssan.<\/p><\/div>\n<p>P\u00e5 mobilm\u00e4ssan finns n\u00e4stan alla telekomf\u00f6retag representerade, och f\u00f6retag som Huawei och Ericsson har v\u00e4ldigt stora egna montrar. N\u00e4r jag bes\u00f6kte Huawei p\u00e5 m\u00e4ssan kunde jag tacka f\u00f6r senast, eftersom jag bes\u00f6kte dem i Shenzhen i s\u00f6dra Kina f\u00f6rra \u00e5ret. Samtidigt passade Huawei p\u00e5 att presentera en v\u00e4ldigt bra nyhet, n\u00e4mligen att de nu kommer sj\u00f6s\u00e4tta ett utbildningsprogram f\u00f6r svenska telekomtalanger d\u00e4r tio svenska studenter per \u00e5r kommer f\u00e5 chansen att \u00e5ka till deras h\u00f6gkvarter i Shenzen och f\u00e5 professionell teknisk tr\u00e4ning, men \u00e4ven ta del av kulturella kunskapsutbyten. Jag \u00e4r \u00f6vertygad om att det programmet kommer att st\u00e4rka s\u00e5v\u00e4l Huawei som Sverige som telekomnation.<\/p>\n<p>&nbsp;<\/p>\n<div id=\"attachment_4775\" style=\"width: 310px\" class=\"wp-caption alignleft\"><a href=\"http:\/\/annakarinhatt.se\/blogg\/wp-content\/uploads\/2014\/02\/ericssonsmonter.jpg\"><img loading=\"lazy\" decoding=\"async\" aria-describedby=\"caption-attachment-4775\" class=\"size-medium wp-image-4775\" alt=\"Panoramabild \u00f6ver Ericssons monter p\u00e5 MWC 2013\" src=\"http:\/\/annakarinhatt.se\/blogg\/wp-content\/uploads\/2014\/02\/ericssonsmonter-300x103.jpg\" width=\"300\" height=\"103\" srcset=\"http:\/\/annakarinhatt.se\/blogg\/wp-content\/uploads\/2014\/02\/ericssonsmonter-300x103.jpg 300w, http:\/\/annakarinhatt.se\/blogg\/wp-content\/uploads\/2014\/02\/ericssonsmonter.jpg 1024w\" sizes=\"auto, (max-width: 300px) 100vw, 300px\" \/><\/a><p id=\"caption-attachment-4775\" class=\"wp-caption-text\">Panoramabild \u00f6ver Ericssons monter p\u00e5 MWC 2013<\/p><\/div>\n<p>P\u00e5 plats p\u00e5 m\u00e4ssan tr\u00e4ffade jag \u00e4ven Ericssons VD Hans Vestberg och bes\u00f6kte Ericssons (enorma och otroliga) monter. Om man n\u00e5gon g\u00e5ng vill l\u00e4ra sig om vilka m\u00f6jligheter som telekom kan ge, ja d\u00e5 \u00e4r det Ericssons monter p\u00e5 Mobile World Congress som man ska bes\u00f6ka!<\/p>\n<p>&nbsp;<\/p>\n<div id=\"attachment_4772\" style=\"width: 235px\" class=\"wp-caption alignleft\"><a href=\"http:\/\/annakarinhatt.se\/blogg\/wp-content\/uploads\/2014\/02\/Niklas_Johnsson_business_sweden.jpg\"><img loading=\"lazy\" decoding=\"async\" aria-describedby=\"caption-attachment-4772\" class=\"size-medium wp-image-4772\" alt=\"Med Niklas Johnsson fr\u00e5n Business Sweden i den svenska paviljongen\" src=\"http:\/\/annakarinhatt.se\/blogg\/wp-content\/uploads\/2014\/02\/Niklas_Johnsson_business_sweden-225x300.jpg\" width=\"225\" height=\"300\" srcset=\"http:\/\/annakarinhatt.se\/blogg\/wp-content\/uploads\/2014\/02\/Niklas_Johnsson_business_sweden-225x300.jpg 225w, http:\/\/annakarinhatt.se\/blogg\/wp-content\/uploads\/2014\/02\/Niklas_Johnsson_business_sweden.jpg 768w\" sizes=\"auto, (max-width: 225px) 100vw, 225px\" \/><\/a><p id=\"caption-attachment-4772\" class=\"wp-caption-text\">Med Niklas Johnsson fr\u00e5n Business Sweden i den svenska paviljongen<\/p><\/div>\n<p>Men det som kanske var allra mest givande under bes\u00f6ket var att bes\u00f6ka alla de svenska it- och telekomf\u00f6retagen, stora som sm\u00e5. Tomas Bennich, som grundat Swedish Mobile Association, gjorde ett fantastiskt jobb med att visa mig omkring och presentera mig f\u00f6r en hel del av alla de svenska f\u00f6retag som var d\u00e4r f\u00f6r att vissa upp det de utvecklats och kan erbjuda till andra.<\/p>\n<div id=\"attachment_4777\" style=\"width: 310px\" class=\"wp-caption alignleft\"><a href=\"http:\/\/annakarinhatt.se\/blogg\/wp-content\/uploads\/2014\/02\/paviljong2.jpg\"><img loading=\"lazy\" decoding=\"async\" aria-describedby=\"caption-attachment-4777\" class=\"size-medium wp-image-4777\" alt=\"Testar svenska tekniska innovationer p\u00e5 m\u00e4ssan i Barcelona.\" src=\"http:\/\/annakarinhatt.se\/blogg\/wp-content\/uploads\/2014\/02\/paviljong2-300x280.jpg\" width=\"300\" height=\"280\" srcset=\"http:\/\/annakarinhatt.se\/blogg\/wp-content\/uploads\/2014\/02\/paviljong2-300x280.jpg 300w, http:\/\/annakarinhatt.se\/blogg\/wp-content\/uploads\/2014\/02\/paviljong2.jpg 1024w\" sizes=\"auto, (max-width: 300px) 100vw, 300px\" \/><\/a><p id=\"caption-attachment-4777\" class=\"wp-caption-text\">Testar svenska tekniska innovationer p\u00e5 m\u00e4ssan i Barcelona.<\/p><\/div>\n<p>&nbsp;<\/p>\n<p>Och n\u00e4r jag tr\u00e4ffade endel av dem i den svenska paviljongen passade jag p\u00e5 att s\u00e4ga det h\u00e4r:<\/p>\n<blockquote><p>This is my first opportunity to visit the Mobile World Congress, and I have to say that this is a very interesting place, both for business and for social networking.<\/p>\n<p>It is truly a great pleasure to be here. Not least to meet many of you here, in the Swedish pavilion. Thank you for the invitation, for the inspiring tour and for the many very interesting presentations I have been given here today.<\/p>\n<p>&nbsp;<\/p>\n<p><!--more-->During my visit at this congress and here, at the Swedish pavilion, I have met many different entrepreneurs and seen lots of exciting innovations. To me, as minister for ICT, this is good, and reassuring, news. Because, now and then Sweden is described as a very innovative country. We have all seen it so many times: in reports from the UN, from the OECD and in the Global Innovation Index. All of them put Sweden among the top countries when it comes to innovation. But here, in a place like this, we also get hard evidence, and proof of truth. Because many of you show that Sweden and Swedish companies really are very innovative.<\/p>\n<p>The goal set out in the Digital Agenda for Sweden \u2013 our countries first holistic ICT strategy ever \u2013 is that Sweden shall be the best country in the world at utilizing the benefits from digitization. And with Swedish companies such as yours at the forefront, we have very good chances at reaching that goal.<\/p>\n<p>Being here today I would like to emphasise something that you and I may take for granted, but others sometimes forget: no matter how skilled we are, no matter how much we try, governments will not be the ones developing new innovations and new services and bring them to the market. But people, entrepreneurs and companies will. You will.<\/p>\n<p>Yet, governments such as my own can ensure that we, in Europe, can provide the best possible conditions for the ICT sector to grow and prosper and create new jobs. We can make sure that we encourage investments. In this, regulatory certainty is key, which is why I just a few weeks ago presented new legislation for this purpose.<\/p>\n<p>We need to foster innovation and remove barriers and allow businesses to grow. In this, for mobile services, spectrum and mobile broadband is key. We must continue to make sure that we can provide enough spectrum for mobile broadband. Sweden was among the first countries in the world to make the 800 MHz band available for mobile broadband. And now, as a consequence of that, mobile broadband is rapidly becoming available broadly. But almost half of the member states in the European Union are not there yet. That is not good for Europe. That is not good for our Telecom industry. And that is especially not good for our European citizens. We need more harmonisation, and more countries need to release the 800 MHz band for mobile broadband.<\/p>\n<p>Spectrum is, for a sparsely populated country like Sweden, of particular importance. It is absolutely necessary if we are to make the innovations you have showed me today available to everyone irrespective of where they live and work.<\/p>\n<p>We need more harmonisation, but we also need enough flexibility. For a country like Sweden it is, for example, very important that we can keep the possibility to set conditions for wireless coverage.. That is our way to make sure that your products and services can be made available to everyone everywhere, from those living in our big cities to those living on the rural countryside.<\/p>\n<p>We don\u2019t know what the next big thing in ICT will be, or whether it will come from Spain, Sweden or somewhere else. That\u2019s why we need to make sure that entrepreneurs has the opportunity to grow and expand, also across borders. Because if we do so, it will bring benefits to European consumers, and to our wider European economy.<\/p>\n<p>The role we have in the governments is to make sure that this can happen. In that, providing electronic communications everywhere is one important task. Another one is to create a digital inner market, so consumers can buy products and services across borders in an easy way. For a small trade-dependent country this is very important, but a digital inner market is also central to growth and competitiveness in Europe as a whole.<\/p>\n<p>ICT and digitization are fantastic tools for all of us, for business opportunities, new jobs and new services. If we are to stay competitive and innovative, we cannot afford to sit back and relax. The future development of our society hinges on the ability to create the best possible conditions for innovation. What I have seen here today looks very promising and I will bring many new ideas back home to my government and my ministry Ideas that will help us sharpen our innovation policies, but also ideas that will help Sweden becoming the best country in the world at utilizing the benefits from digitization.<\/p>\n<p>Thank you.<\/p><\/blockquote>\n","protected":false},"excerpt":{"rendered":"<p>Sedan 2007 genomf\u00f6rs varje \u00e5r i februari mobilm\u00e4ssan Mobile World Congress i Barcelona, av organisationen GSMA. I veckan som gick fick jag sj\u00e4lv tillf\u00e4lle att sj\u00e4lva bes\u00f6ka den tillst\u00e4llningen. Med \u00f6ver 70 000 bes\u00f6kare &#8211; fr\u00e5n hela v\u00e4rlden &#8211; \u00e4r det inte bara v\u00e4rldens st\u00f6rsta mobilm\u00e4ssa, utan ocks\u00e5 en v\u00e4ldigt viktig m\u00f6tesplats d\u00e4r alla, fr\u00e5n&nbsp;<a href=\"http:\/\/annakarinhatt.se\/blogg\/med-svenska-mobilforetag-i-barcelona\/\" class=\"read-more\">Continue Reading<\/a><\/p>\n","protected":false},"author":3,"featured_media":0,"comment_status":"open","ping_status":"open","sticky":false,"template":"","format":"standard","meta":{"ngg_post_thumbnail":0,"footnotes":""},"categories":[7],"tags":[344,345,21,346],"class_list":["post-4767","post","type-post","status-publish","format-standard","hentry","category-it-politik","tag-barcelona","tag-gsma","tag-it","tag-mobile-world-congress","cat-7-id"],"_links":{"self":[{"href":"http:\/\/annakarinhatt.se\/blogg\/wp-json\/wp\/v2\/posts\/4767","targetHints":{"allow":["GET"]}}],"collection":[{"href":"http:\/\/annakarinhatt.se\/blogg\/wp-json\/wp\/v2\/posts"}],"about":[{"href":"http:\/\/annakarinhatt.se\/blogg\/wp-json\/wp\/v2\/types\/post"}],"author":[{"embeddable":true,"href":"http:\/\/annakarinhatt.se\/blogg\/wp-json\/wp\/v2\/users\/3"}],"replies":[{"embeddable":true,"href":"http:\/\/annakarinhatt.se\/blogg\/wp-json\/wp\/v2\/comments?post=4767"}],"version-history":[{"count":6,"href":"http:\/\/annakarinhatt.se\/blogg\/wp-json\/wp\/v2\/posts\/4767\/revisions"}],"predecessor-version":[{"id":4771,"href":"http:\/\/annakarinhatt.se\/blogg\/wp-json\/wp\/v2\/posts\/4767\/revisions\/4771"}],"wp:attachment":[{"href":"http:\/\/annakarinhatt.se\/blogg\/wp-json\/wp\/v2\/media?parent=4767"}],"wp:term":[{"taxonomy":"category","embeddable":true,"href":"http:\/\/annakarinhatt.se\/blogg\/wp-json\/wp\/v2\/categories?post=4767"},{"taxonomy":"post_tag","embeddable":true,"href":"http:\/\/annakarinhatt.se\/blogg\/wp-json\/wp\/v2\/tags?post=4767"}],"curies":[{"name":"wp","href":"https:\/\/api.w.org\/{rel}","templated":true}]}}