{"id":4783,"date":"2014-03-04T16:22:03","date_gmt":"2014-03-04T15:22:03","guid":{"rendered":"http:\/\/annakarinhatt.se\/blogg\/?p=4783"},"modified":"2014-03-04T16:31:54","modified_gmt":"2014-03-04T15:31:54","slug":"en-stark-rost-for-mer-gron-tillvaxt","status":"publish","type":"post","link":"http:\/\/annakarinhatt.se\/blogg\/en-stark-rost-for-mer-gron-tillvaxt\/","title":{"rendered":"En stark r\u00f6st f\u00f6r mer gr\u00f6n tillv\u00e4xt"},"content":{"rendered":"<div id=\"attachment_4785\" style=\"width: 310px\" class=\"wp-caption alignleft\"><a href=\"http:\/\/annakarinhatt.se\/blogg\/wp-content\/uploads\/2014\/03\/tte2.jpg\"><img loading=\"lazy\" decoding=\"async\" aria-describedby=\"caption-attachment-4785\" class=\"size-medium wp-image-4785\" alt=\"TTE-r\u00e5d i Bryssel\" src=\"http:\/\/annakarinhatt.se\/blogg\/wp-content\/uploads\/2014\/03\/tte2-300x155.jpg\" width=\"300\" height=\"155\" srcset=\"http:\/\/annakarinhatt.se\/blogg\/wp-content\/uploads\/2014\/03\/tte2-300x155.jpg 300w, http:\/\/annakarinhatt.se\/blogg\/wp-content\/uploads\/2014\/03\/tte2.jpg 568w\" sizes=\"auto, (max-width: 300px) 100vw, 300px\" \/><\/a><p id=\"caption-attachment-4785\" class=\"wp-caption-text\">Energiministerm\u00f6te i Bryssel.<\/p><\/div>\n<p>Idag har jag och de andra energiministrarna i EU haft en f\u00f6rsta diskussion om vilka m\u00e5l EU ska sl\u00e5 fast f\u00f6r klimatet och energipolitiken f\u00f6r perioden 2020 till 2030. Innan vi b\u00f6rjade f\u00f6rhandlingarna gjorde jag en intervju om min och Alliansregeringens linje kring det <a href=\"http:\/\/www.regeringen.se\/pub\/road\/Classic\/article\/19\/jsp\/Render.jsp?a=235376&amp;x=xml&amp;filmId=0&amp;popup=true\">h\u00e4r<\/a>.<\/p>\n<p>Sverige \u00e4r ett av de l\u00e4nder som l\u00e4nge efterfr\u00e5gat att vi i EU ska anta nya m\u00e5l, eftersom de nuvarande l\u00f6per ut 2020. Och i januari i \u00e5r lade EU-kommissionen \u00e4ntligen fram ett f\u00f6rslag till nytt klimat- och energiramverk, ett f\u00f6rslag som vi i ministerr\u00e5det nu diskuterar.<\/p>\n<p>Sverige tillh\u00f6r de l\u00e4nder som tydligt v\u00e4lkomnat f\u00f6rslaget om att till 2030 minska klimatutsl\u00e4ppen med minst 40 procent, samtidigt som vi i EU \u00f6kar andelen f\u00f6rnybar energi till minst 27 procent. Men vi i Sverige f\u00f6respr\u00e5kar en \u00e4nnu mer ambiti\u00f6s linje \u00e4n s\u00e5, och skulle g\u00e4rna se att EU antar ett utsl\u00e4ppsm\u00e5l om att totalt sett minska utsl\u00e4ppen med 50 procent, d\u00e4r 40 procent ska g\u00f6ras i EU och 10 procent i form av insatser i utvecklingsl\u00e4nder, s\u00e5 kallade internationella mekanismer. Om det, och Alliansregeringens samlade position, skrev jag och Lena Ek p\u00e5 <a title=\"svd.se\" href=\"http:\/\/www.svd.se\/opinion\/brannpunkt\/brannpunkt-eu-bor-satta-hogre-klimatmal_3304528.svd\" target=\"_blank\">SvD Br\u00e4nnpunkt<\/a> f\u00f6rra veckan.<\/p>\n<p>Efter en dag i energiministerr\u00e5det \u00e4r det l\u00e4tt att konstatera att det finns m\u00e5nga l\u00e4nder som st\u00e5r f\u00f6r vitt skilda perspektiv i EU. G\u00fcnter Oettinger, som \u00e4r EU-kommission\u00e4r med ansvar f\u00f6r energifr\u00e5gor,\u00a0inledde dagens energiministerm\u00f6te med att tala om energikostnadernas betydelse f\u00f6r konkurrenskraften, och de konkurrensnackdelar som den europeiska industrin drabbas av n\u00e4r industrin i USA kan f\u00e5 skjuts av billig gas.<\/p>\n<p>Sj\u00e4lv var jag en av de f\u00f6rsta talarna ut efter honom, och understr\u00f6k hur viktigt det \u00e4r att vi i EU s\u00e5 snart som m\u00f6jligt landar i ett beslut om hur klimat- och energim\u00e5len f\u00f6r 2030 ska se ut. Vi beh\u00f6ver b\u00e5de ge f\u00f6ruts\u00e4gbara spelregler f\u00f6r investerare och samh\u00e4llet i stort, och se till s\u00e5 att vi i EU \u00e4r v\u00e4l f\u00f6rberedda och kan visa ledarskap i de kommande internationella klimatf\u00f6rhandlingarna.<\/p>\n<p>Och n\u00e4r jag gjorde det tog jag ocks\u00e5 tillf\u00e4llet i akt att mycket tydligt lyfta fram det som EU-kommissionen konstaterat i sin analys, n\u00e4mligen att det inte \u00e4r de nuvarande m\u00e5len och den nuvarande politiken f\u00f6r klimat och f\u00f6rnybar energi som legat bakom relativt sett h\u00f6gre energikostnader i EU \u00e4n i t.ex. USA. Och det \u00e4r en v\u00e4ldigt viktig slutsats, inte minst n\u00e4r vi nu ska anta nya m\u00e5l f\u00f6r klimat och energi till 2030. I sj\u00e4lva verket \u00e4r det s\u00e5 att vi med bra m\u00e5l och kostnadseffektiva styrmedel kan anv\u00e4nda omst\u00e4llningen till att skapa gott om gr\u00f6n tillv\u00e4xt i Europa.<\/p>\n<p>N\u00e4r diskussionen fortsatte fanns det en hel del andra l\u00e4nder som inst\u00e4mde i mitt resonemang, framf\u00f6r allt flera av energiministrarna fr\u00e5n de 13 medlemsstater (d\u00e4ribland Sverige) som ig\u00e5r &#8211; i den progressiva \u201dGreen Growth Group\u201d &#8211; enades om ett gemensamt uttalande d\u00e4r vi deklarerar att v\u00e5ra medlemsl\u00e4nder \u00e4r beredda att g\u00e5 vidare och anta nya ambiti\u00f6sa m\u00e5l och d\u00e4r vi gemensamt st\u00e4ller oss bakom EU-kommissionens f\u00f6rslag, som en m\u00f6jlig v\u00e4g fram\u00e5t. I och med det agerar vi i Sverige tillsammans med l\u00e4nder som Tyskland, Frankrike, Belgien, Danmark och Storbritannien f\u00f6r att EU:s stats- och regeringschefer, n\u00e4r de tr\u00e4ffas senare i mars, ska kunna besluta om huvuddelarna i EU:s nya klimat- och energiramverk.<\/p>\n<p>Samtidigt som vi nu \u00e4r en stor grupp progressiva l\u00e4nder s\u00e5 finns det en annan grupp l\u00e4nder som st\u00e5r f\u00f6r ett annat perspektiv och som inte ser n\u00e5gon anledning att fatta beslut om ett nytt klimat- och energiramverk nu i mars. Deras positioner \u00e4r v\u00e4ldigt f\u00e4rgade av s\u00e5dant som deras oro f\u00f6r energipriser och deras industris konkurrenskraft. Flera av de l\u00e4nderna, som kommer fr\u00e5n gamla \u00d6steuropa, lyfte i sina inl\u00e4gg fram att de vill kunna forts\u00e4tta skydda sin industri mot h\u00f6ga energipriser, och att de inte vill &#8221;g\u00e5 f\u00f6r snabbt fram&#8221; vare sig med nya klimatambitioner eller med nya ambitioner f\u00f6r f\u00f6rnybar energi. Samtidigt som de \u00e4ven fram\u00f6ver vill kunna forts\u00e4tta reglera elpriserna f\u00f6r att skydda sina elkonsumenter.<\/p>\n<p>Den linjen skiljer sig oerh\u00f6rt mycket fr\u00e5n den Sverige och l\u00e4nderna i Green Growth Group f\u00f6retr\u00e4der. Men alldeles oavsett vilken linje man f\u00f6retr\u00e4der i sak s\u00e5 \u00e4r det alldeles uppenbart att vi &#8211; av m\u00e5nga olika sk\u00e4l &#8211; verkligen beh\u00f6ver komma till skott och s\u00e5 snart som m\u00f6jligt fatta beslut om ett nytt klimat- och energiramverk f\u00f6r 2030. Och det f\u00f6rslag som EU-kommissionen lagt p\u00e5 bordet \u00e4r f\u00f6rmodligen ganska n\u00e4r en slags gyllene kompromiss, som alla medlemsstater borde kunna enas om. Sverige tillh\u00f6r de l\u00e4nder som g\u00e4rna skulle se att EU \u00e4r \u00e4nnu mer ambiti\u00f6st \u00e4n s\u00e5. Men samtidigt finns det allts\u00e5 andra l\u00e4nder som vill mindre. Nu hoppas jag att \u00e4nnu fler medlemsl\u00e4nder kommer sluta upp bakom de f\u00f6rslag som finns s\u00e5 att vi s\u00e5 snart som m\u00f6jligt kan f\u00e5 ett nytt bra klimat- och energiramverk p\u00e5 plats.<\/p>\n<p>Hela ministerr\u00e5det, och hela v\u00e5r diskussion idag, var offentlig och kan ses i efterhand h\u00e4r: <a href=\"http:\/\/video.consilium.europa.eu\/webcast.aspx?ticket=775-979-14065\" target=\"_blank\">webben<\/a>.<\/p>\n","protected":false},"excerpt":{"rendered":"<p>Idag har jag och de andra energiministrarna i EU haft en f\u00f6rsta diskussion om vilka m\u00e5l EU ska sl\u00e5 fast f\u00f6r klimatet och energipolitiken f\u00f6r perioden 2020 till 2030. Innan vi b\u00f6rjade f\u00f6rhandlingarna gjorde jag en intervju om min och Alliansregeringens linje kring det h\u00e4r. Sverige \u00e4r ett av de l\u00e4nder som l\u00e4nge efterfr\u00e5gat att&nbsp;<a href=\"http:\/\/annakarinhatt.se\/blogg\/en-stark-rost-for-mer-gron-tillvaxt\/\" class=\"read-more\">Continue Reading<\/a><\/p>\n","protected":false},"author":3,"featured_media":0,"comment_status":"open","ping_status":"open","sticky":false,"template":"","format":"standard","meta":{"ngg_post_thumbnail":0,"footnotes":""},"categories":[87],"tags":[96,99,309],"class_list":["post-4783","post","type-post","status-publish","format-standard","hentry","category-energi","tag-eu","tag-fornybar-energi","tag-klimat","cat-87-id"],"_links":{"self":[{"href":"http:\/\/annakarinhatt.se\/blogg\/wp-json\/wp\/v2\/posts\/4783","targetHints":{"allow":["GET"]}}],"collection":[{"href":"http:\/\/annakarinhatt.se\/blogg\/wp-json\/wp\/v2\/posts"}],"about":[{"href":"http:\/\/annakarinhatt.se\/blogg\/wp-json\/wp\/v2\/types\/post"}],"author":[{"embeddable":true,"href":"http:\/\/annakarinhatt.se\/blogg\/wp-json\/wp\/v2\/users\/3"}],"replies":[{"embeddable":true,"href":"http:\/\/annakarinhatt.se\/blogg\/wp-json\/wp\/v2\/comments?post=4783"}],"version-history":[{"count":6,"href":"http:\/\/annakarinhatt.se\/blogg\/wp-json\/wp\/v2\/posts\/4783\/revisions"}],"predecessor-version":[{"id":4790,"href":"http:\/\/annakarinhatt.se\/blogg\/wp-json\/wp\/v2\/posts\/4783\/revisions\/4790"}],"wp:attachment":[{"href":"http:\/\/annakarinhatt.se\/blogg\/wp-json\/wp\/v2\/media?parent=4783"}],"wp:term":[{"taxonomy":"category","embeddable":true,"href":"http:\/\/annakarinhatt.se\/blogg\/wp-json\/wp\/v2\/categories?post=4783"},{"taxonomy":"post_tag","embeddable":true,"href":"http:\/\/annakarinhatt.se\/blogg\/wp-json\/wp\/v2\/tags?post=4783"}],"curies":[{"name":"wp","href":"https:\/\/api.w.org\/{rel}","templated":true}]}}