{"id":4796,"date":"2014-03-25T15:17:47","date_gmt":"2014-03-25T14:17:47","guid":{"rendered":"http:\/\/annakarinhatt.se\/blogg\/?p=4796"},"modified":"2014-03-25T15:17:47","modified_gmt":"2014-03-25T14:17:47","slug":"allt-fler-far-allt-snabbare-bredband","status":"publish","type":"post","link":"http:\/\/annakarinhatt.se\/blogg\/allt-fler-far-allt-snabbare-bredband\/","title":{"rendered":"Allt fler f\u00e5r allt snabbare bredband"},"content":{"rendered":"<div id=\"attachment_4798\" style=\"width: 179px\" class=\"wp-caption alignleft\"><a href=\"http:\/\/annakarinhatt.se\/blogg\/wp-content\/uploads\/2014\/03\/pts_bredbandskartlaggning2013.png\"><img loading=\"lazy\" decoding=\"async\" aria-describedby=\"caption-attachment-4798\" class=\"size-medium wp-image-4798\" alt=\"PTS bredbandsartl\u00e4ggning 2013\" src=\"http:\/\/annakarinhatt.se\/blogg\/wp-content\/uploads\/2014\/03\/pts_bredbandskartlaggning2013-169x300.png\" width=\"169\" height=\"300\" \/><\/a><p id=\"caption-attachment-4798\" class=\"wp-caption-text\">PTS bredbandsartl\u00e4ggning 2013<\/p><\/div>\n<p>I helgen presenterade Post- och Telestyrelsen <a title=\"pts.se\" href=\"http:\/\/pts.se\/sv\/Dokument\/Rapporter\/Internet\/2014\/PTS-Bredbandskartlaggning-2013--en-geografisk-oversikt-av-bredbandstillgangen-i-Sverige---PTS-ER-201412\/\">f\u00e4rska siffror<\/a> \u00f6ver hur det g\u00e5r med bredbandsutbyggnaden i Sverige, och det de presenterar \u00e4r verkligt gl\u00e4djande nyheter. Sedan tidigare vet vi att vi i Sverige har h\u00f6gst andel fiberanslutningar av alla i EU, och att andelen som f\u00e5r tillg\u00e5ng till fiber stadigt \u00f6kar. Men PTS nya rapport visar ocks\u00e5 \u00f6kningstakten nu g\u00e5r upp \u00e4nnu mer, vilket \u00e4r v\u00e4ldigt bra.<\/p>\n<p>Idag har 57 procent av alla svenska hush\u00e5ll och f\u00f6retag tillg\u00e5ng till bredband med en hastighet om minst 100 Mbit\/s, vilket enligt PTS helt och h\u00e5llet beror p\u00e5 att det nu byggs ut v\u00e4ldigt mycket fiber i accessn\u00e4tet.<\/p>\n<p>Det \u00e4r ett tecken p\u00e5 att de svenska operat\u00f6rerna har v\u00e4ldigt bra f\u00f6ruts\u00e4ttningar f\u00f6r att investera. Men det \u00e4r ocks\u00e5 ett resultat av att Centerpartiet och Alliansregeringen har satsat mer \u00e4n 2 miljarder kronor p\u00e5 att bygga ut bredband p\u00e5 landsbygden. B\u00e5de operat\u00f6rernas satsningar, och Centerpartiets och Alliansregeringens satsningar inneb\u00e4r att vi nu kommer allt n\u00e4rmare det m\u00e5l som Riksdagen beslutat om, n\u00e4mligen att Sverige ska ha bredband i v\u00e4rldsklass.<\/p>\n<p>Ocks\u00e5 n\u00e4r det g\u00e4ller mobilt bredband s\u00e5 h\u00e4nder det mycket just nu. Strax f\u00f6re jul 2009 invigde min f\u00f6retr\u00e4dare \u00c5sa Torstensson <a title=\"\u00c5sa Torstensson inviger 4G-n\u00e4tet i Stockholm\" href=\"http:\/\/telekomidag.se\/nu-oppnar-telia-4g-natet\/\">invigde Telias 4G-n\u00e4t<\/a> i Stockholm. D\u00e5\u00a0var antalet svenskar som kunde f\u00e5 4G i det n\u00e4rmaste 0. Mindre \u00e4n tre \u00e5r senare kan 99 % av alla svenskar f\u00e5 4G d\u00e4r man bor, och p\u00e5 landsbygden \u00e4r t\u00e4ckningen med 4G d\u00e4r man bor hela 96%. Den snabba utbyggnaden har skett tack vare att Alliansregeringen fattade det historiska beslutet att \u00f6ronm\u00e4rka det s\u00e5 kallade 800 MHz-bandet f\u00f6r mobiltelefoni 2007. Tack vare det beslutet har \u00e4r den geografiska ytt\u00e4ckningen med 4G i Sverige idag <a title=\"PTS rapport om mobilt\u00e4ckning\" href=\"http:\/\/www.pts.se\/sv\/Dokument\/Rapporter\/Radio\/2014\/Rapport-av-uppdrag-att-samla-in-statistik-om-tillgangen-till-mobila-kommunikationsnat---PTS-ER-201411\/\" target=\"_blank\">dubbelt s\u00e5 h\u00f6g<\/a> som ytt\u00e4ckningen f\u00f6r den \u00e4ldre tekniken, 3G, trots att 4G bara \u00e4r ett par tre \u00e5r gammalt i Sverige.<\/p>\n<p>PTS rapport \u00a0visar med andra ord att vi forts\u00e4tter ta stora steg fram\u00e5t och att utbyggnaden av b\u00e5de fast och mobilt bredband g\u00e5r snabbt fram\u00e5t. Det \u00e4r riktigt goda nyheter f\u00f6r it-landet Sverige, och f\u00f6r alla oss som vill anv\u00e4nda den nya tekniken.<\/p>\n","protected":false},"excerpt":{"rendered":"<p>I helgen presenterade Post- och Telestyrelsen f\u00e4rska siffror \u00f6ver hur det g\u00e5r med bredbandsutbyggnaden i Sverige, och det de presenterar \u00e4r verkligt gl\u00e4djande nyheter. Sedan tidigare vet vi att vi i Sverige har h\u00f6gst andel fiberanslutningar av alla i EU, och att andelen som f\u00e5r tillg\u00e5ng till fiber stadigt \u00f6kar. Men PTS nya rapport visar&nbsp;<a href=\"http:\/\/annakarinhatt.se\/blogg\/allt-fler-far-allt-snabbare-bredband\/\" class=\"read-more\">Continue Reading<\/a><\/p>\n","protected":false},"author":3,"featured_media":0,"comment_status":"open","ping_status":"open","sticky":false,"template":"","format":"standard","meta":{"ngg_post_thumbnail":0,"footnotes":""},"categories":[7],"tags":[38,163,97,121],"class_list":["post-4796","post","type-post","status-publish","format-standard","hentry","category-it-politik","tag-bredband","tag-internet","tag-mobiltelefoni","tag-pts","cat-7-id"],"_links":{"self":[{"href":"http:\/\/annakarinhatt.se\/blogg\/wp-json\/wp\/v2\/posts\/4796","targetHints":{"allow":["GET"]}}],"collection":[{"href":"http:\/\/annakarinhatt.se\/blogg\/wp-json\/wp\/v2\/posts"}],"about":[{"href":"http:\/\/annakarinhatt.se\/blogg\/wp-json\/wp\/v2\/types\/post"}],"author":[{"embeddable":true,"href":"http:\/\/annakarinhatt.se\/blogg\/wp-json\/wp\/v2\/users\/3"}],"replies":[{"embeddable":true,"href":"http:\/\/annakarinhatt.se\/blogg\/wp-json\/wp\/v2\/comments?post=4796"}],"version-history":[{"count":12,"href":"http:\/\/annakarinhatt.se\/blogg\/wp-json\/wp\/v2\/posts\/4796\/revisions"}],"predecessor-version":[{"id":4810,"href":"http:\/\/annakarinhatt.se\/blogg\/wp-json\/wp\/v2\/posts\/4796\/revisions\/4810"}],"wp:attachment":[{"href":"http:\/\/annakarinhatt.se\/blogg\/wp-json\/wp\/v2\/media?parent=4796"}],"wp:term":[{"taxonomy":"category","embeddable":true,"href":"http:\/\/annakarinhatt.se\/blogg\/wp-json\/wp\/v2\/categories?post=4796"},{"taxonomy":"post_tag","embeddable":true,"href":"http:\/\/annakarinhatt.se\/blogg\/wp-json\/wp\/v2\/tags?post=4796"}],"curies":[{"name":"wp","href":"https:\/\/api.w.org\/{rel}","templated":true}]}}