{"id":4812,"date":"2014-03-26T07:24:07","date_gmt":"2014-03-26T06:24:07","guid":{"rendered":"http:\/\/annakarinhatt.se\/blogg\/?p=4812"},"modified":"2014-03-26T07:24:07","modified_gmt":"2014-03-26T06:24:07","slug":"mer-fornybart-bryter-europas-rysslands-beroende","status":"publish","type":"post","link":"http:\/\/annakarinhatt.se\/blogg\/mer-fornybart-bryter-europas-rysslands-beroende\/","title":{"rendered":"Mer f\u00f6rnybart bryter Europas Rysslands-beroende"},"content":{"rendered":"<div id=\"attachment_4826\" style=\"width: 310px\" class=\"wp-caption alignleft\"><a href=\"http:\/\/annakarinhatt.se\/blogg\/wp-content\/uploads\/2014\/03\/Putin_at_the_ceremony_of_opening_the_gas_pipeline.jpg\"><img loading=\"lazy\" decoding=\"async\" aria-describedby=\"caption-attachment-4826\" class=\"size-medium wp-image-4826\" alt=\"Putin_at_the_ceremony_of_opening_the_gas_pipeline\" src=\"http:\/\/annakarinhatt.se\/blogg\/wp-content\/uploads\/2014\/03\/Putin_at_the_ceremony_of_opening_the_gas_pipeline-300x225.jpg\" width=\"300\" height=\"225\" srcset=\"http:\/\/annakarinhatt.se\/blogg\/wp-content\/uploads\/2014\/03\/Putin_at_the_ceremony_of_opening_the_gas_pipeline-300x225.jpg 300w, http:\/\/annakarinhatt.se\/blogg\/wp-content\/uploads\/2014\/03\/Putin_at_the_ceremony_of_opening_the_gas_pipeline.jpg 340w\" sizes=\"auto, (max-width: 300px) 100vw, 300px\" \/><\/a><p id=\"caption-attachment-4826\" class=\"wp-caption-text\">Med mer f\u00f6rnybar energi kan de ryska gaskranarna till Europa dras \u00e5t. Foto: premier.gov.ru<\/p><\/div>\n<p>I slutet av f\u00f6rra veckan m\u00f6ttes EU:s stats- och regeringschefer f\u00f6r toppm\u00f6te i Bryssel. Det m\u00f6tet kom att domineras av situationen i Ukraina och relationen till Ryssland, men p\u00e5 agendan stod ocks\u00e5 fr\u00e5gan om vilka nya klimat- och energim\u00e5l som vi i EU ska anta f\u00f6r perioden 2020 &#8211; 2030.<\/p>\n<p>Faktum \u00e4r att b\u00e5da dessa fr\u00e5gor h\u00e4nger intimt samman. Just nu st\u00e5r EU inf\u00f6r vad som kan se ut som tv\u00e5 olika utmaningar, men som i sj\u00e4lva verket sammanfaller i en. F\u00f6r behovet av att anta nya ambiti\u00f6sa m\u00e5l f\u00f6r klimat- och energipolitiken motiveras inte bara av klimatfr\u00e5gan. Det \u00e4r ocks\u00e5 n\u00f6dv\u00e4ndigt f\u00f6r att ta EU bort fr\u00e5n dagens starka beroende av rysk gas och olja. S\u00e4ttet att minska Europas energipolitiska beroende av Ryssland g\u00e5r via h\u00f6gre ambitioner och satsningar p\u00e5 f\u00f6rnybar energi.<\/p>\n<p>Idag st\u00e5r Ryssland f\u00f6r en tredjedel av EU:s samlade gasbehov. I Tysklands fall handlar det om hela 40 procent, och m\u00e5nga central- och \u00f6steuropeiska l\u00e4nder \u00e4r beroende av importerad gas, som i huvudsak kommer fr\u00e5n Ryssland, via Ukrainas gasinfrastruktur. I Polen kommer 90 procent av gasen fr\u00e5n Ryssland och Bulgarien, Tjeckien och Slovakien importerar all sin gas fr\u00e5n Ryssland. Vi i Sverige \u00e4r inte beroende av rysk gas men ungef\u00e4r 40 procent av v\u00e5r olja kommer fr\u00e5n Ryssland.<\/p>\n<p>D\u00e4rf\u00f6r \u00e4r det bra att den f\u00f6rnybara energin nu snabbt blir allt billigare. Den f\u00f6rnybara energin \u00e4r ocks\u00e5 \u2013 i motsats till fossila energislag och k\u00e4rnkraft \u2013 snabb att bygga ut och kan snabbt b\u00f6rja leverera energi.<\/p>\n<p>Just d\u00e4rf\u00f6r vill Centerpartiet och Alliansregeringen se ett EU som antar ett ambiti\u00f6st klimat- och energipaket f\u00f6r 2030. Vi vill att EU totalt sett minskar sina klimatutsl\u00e4pp med 50 procent, d\u00e4r 40 procent g\u00f6rs i EU och 10 genom kostnadseffektiva insatser i fattiga l\u00e4nder. Samtidigt vill vi att EU enas om att till 2030 \u00f6ka andelen f\u00f6rnybar energi till minst 27 procent.<\/p>\n<p>H\u00f6gre EU-ambitioner f\u00f6r f\u00f6rnybar energi, och en fortsatt utbyggnad av den f\u00f6rnybara energin i Sverige, \u00e4r en b\u00e5de snabb och billig l\u00f6sning, som tar oss bort fr\u00e5n Europas starka beroende av ryska fossila br\u00e4nslen. Men paradoxalt nog \u00e4r det \u00e4r de l\u00e4nder som \u00e4r mest beroende av rysk gas och olja som vill bromsa takten och ambitionerna i f\u00f6rhandlingarna om EU:s energi- och klimatm\u00e5l f\u00f6r 2030. Den utvecklingen m\u00e5ste v\u00e4ndas.<\/p>\n<p>Faktum \u00e4r att utvecklingen p\u00e5 Krim \u00e4r \u00e4nnu ett argument f\u00f6r EU att h\u00f6ja ambitionerna f\u00f6r sin klimat- och energipolitik. Genom att forts\u00e4tta bygga ut den f\u00f6rnybara energin kan vi b\u00e5de st\u00e4rka v\u00e5r f\u00f6rs\u00f6rjningstrygghet, \u00f6ka v\u00e5r konkurrenskraft, minska v\u00e5r klimatp\u00e5verkan och minska beroendet av rysk gas och olja. Nu n\u00e4r hela Europas fokus ligger p\u00e5 dessa fr\u00e5gor har vi ocks\u00e5 ett unikt tillf\u00e4lle att agera.<\/p>\n<p>Om detta skriver jag idag i <a title=\"gp.se\" href=\"http:\/\/www.gp.se\/nyheter\/debatt\/1.2321582-unikt-tillfalle-att-minska-beroendet-av-rysk-olja-och-gas\" target=\"_blank\">G\u00f6teborgsposten<\/a>.<\/p>\n<p>Vi i Sverige \u00e4r f\u00f6rvisso inte beroende av gas, vare sig av gas i allm\u00e4nhet eller rysk gas i synnerhet, som s\u00e5 m\u00e5nga andra l\u00e4nder i Europa \u00e4r. Men vi \u00e4r liksom m\u00e5nga andra stark beroende av olja. Och en v\u00e4ldigt stor del \u00a0av den olja vi anv\u00e4nder i Sverige kommer som sagt fr\u00e5n Ryssland. En av Centerpartiets och Alliansregeringens viktigaste strategier f\u00f6r att st\u00e4lla om till ett h\u00e5llbart energisystem, och st\u00e4rka v\u00e5r f\u00f6rs\u00f6rjningstrygghe,t \u00e4r att minska oljeanv\u00e4ndningen i v\u00e5ra transporter. Just d\u00e4rf\u00f6r f\u00f6rbereder vi nu inf\u00f6randet av den kvotplikt som kommer \u00f6ka inblandningen av f\u00f6rnybart \u00a0i all bensin och diesel. En reform som jag skriver om p\u00e5\u00a0<a title=\"dn.se\" href=\"http:\/\/www.dn.se\/debatt\/rena-biodrivmedel-behover-stabila-spelregler\/\" target=\"_blank\">DN<\/a>\u00a0Debatt idag.<\/p>\n","protected":false},"excerpt":{"rendered":"<p>I slutet av f\u00f6rra veckan m\u00f6ttes EU:s stats- och regeringschefer f\u00f6r toppm\u00f6te i Bryssel. Det m\u00f6tet kom att domineras av situationen i Ukraina och relationen till Ryssland, men p\u00e5 agendan stod ocks\u00e5 fr\u00e5gan om vilka nya klimat- och energim\u00e5l som vi i EU ska anta f\u00f6r perioden 2020 &#8211; 2030. Faktum \u00e4r att b\u00e5da dessa&nbsp;<a href=\"http:\/\/annakarinhatt.se\/blogg\/mer-fornybart-bryter-europas-rysslands-beroende\/\" class=\"read-more\">Continue Reading<\/a><\/p>\n","protected":false},"author":3,"featured_media":0,"comment_status":"open","ping_status":"open","sticky":false,"template":"","format":"standard","meta":{"ngg_post_thumbnail":0,"footnotes":""},"categories":[26,18,77],"tags":[321,96,99,164],"class_list":["post-4812","post","type-post","status-publish","format-standard","hentry","category-bilder","category-centerpartiet","category-internationellt","tag-321","tag-eu","tag-fornybar-energi","tag-vindkraft","cat-26-id","cat-18-id","cat-77-id"],"_links":{"self":[{"href":"http:\/\/annakarinhatt.se\/blogg\/wp-json\/wp\/v2\/posts\/4812","targetHints":{"allow":["GET"]}}],"collection":[{"href":"http:\/\/annakarinhatt.se\/blogg\/wp-json\/wp\/v2\/posts"}],"about":[{"href":"http:\/\/annakarinhatt.se\/blogg\/wp-json\/wp\/v2\/types\/post"}],"author":[{"embeddable":true,"href":"http:\/\/annakarinhatt.se\/blogg\/wp-json\/wp\/v2\/users\/3"}],"replies":[{"embeddable":true,"href":"http:\/\/annakarinhatt.se\/blogg\/wp-json\/wp\/v2\/comments?post=4812"}],"version-history":[{"count":12,"href":"http:\/\/annakarinhatt.se\/blogg\/wp-json\/wp\/v2\/posts\/4812\/revisions"}],"predecessor-version":[{"id":4827,"href":"http:\/\/annakarinhatt.se\/blogg\/wp-json\/wp\/v2\/posts\/4812\/revisions\/4827"}],"wp:attachment":[{"href":"http:\/\/annakarinhatt.se\/blogg\/wp-json\/wp\/v2\/media?parent=4812"}],"wp:term":[{"taxonomy":"category","embeddable":true,"href":"http:\/\/annakarinhatt.se\/blogg\/wp-json\/wp\/v2\/categories?post=4812"},{"taxonomy":"post_tag","embeddable":true,"href":"http:\/\/annakarinhatt.se\/blogg\/wp-json\/wp\/v2\/tags?post=4812"}],"curies":[{"name":"wp","href":"https:\/\/api.w.org\/{rel}","templated":true}]}}