{"id":4946,"date":"2014-05-07T13:37:16","date_gmt":"2014-05-07T11:37:16","guid":{"rendered":"http:\/\/annakarinhatt.se\/blogg\/?p=4946"},"modified":"2014-05-08T11:22:50","modified_gmt":"2014-05-08T09:22:50","slug":"sankt-skatt-pa-fornybar-el-sa-funkar-det","status":"publish","type":"post","link":"http:\/\/annakarinhatt.se\/blogg\/sankt-skatt-pa-fornybar-el-sa-funkar-det\/","title":{"rendered":"S\u00e4nkt skatt p\u00e5 f\u00f6rnybar el \u2013 s\u00e5 funkar det"},"content":{"rendered":"<div id=\"attachment_4948\" style=\"width: 223px\" class=\"wp-caption alignleft\"><a href=\"http:\/\/annakarinhatt.se\/blogg\/wp-content\/uploads\/2014\/05\/klotet2.jpg\"><img loading=\"lazy\" decoding=\"async\" aria-describedby=\"caption-attachment-4948\" class=\"size-medium wp-image-4948\" src=\"http:\/\/annakarinhatt.se\/blogg\/wp-content\/uploads\/2014\/05\/klotet2-213x300.jpg\" alt=\"Medverkar i Sveriges Radios Klotet f\u00f6r att prata om s\u00e4nkt skatt f\u00f6r egenproducerad el.\" width=\"213\" height=\"300\" srcset=\"http:\/\/annakarinhatt.se\/blogg\/wp-content\/uploads\/2014\/05\/klotet2-213x300.jpg 213w, http:\/\/annakarinhatt.se\/blogg\/wp-content\/uploads\/2014\/05\/klotet2-727x1024.jpg 727w, http:\/\/annakarinhatt.se\/blogg\/wp-content\/uploads\/2014\/05\/klotet2.jpg 1070w\" sizes=\"auto, (max-width: 213px) 100vw, 213px\" \/><\/a><p id=\"caption-attachment-4948\" class=\"wp-caption-text\">Medverkar i Sveriges Radios Klotet f\u00f6r att prata om s\u00e4nkt skatt f\u00f6r egenproducerad el.<\/p><\/div>\n<p><a title=\"Inslaget i SR:s Klotet\" href=\"http:\/\/t.sr.se\/ShqTjQ\" target=\"_blank\">Idag har jag varit med i Klotet i P1<\/a> och ber\u00e4ttat om hur Centerpartiets och Alliansens nya reform om s\u00e4nkt skatt p\u00e5 sm\u00e5skaligt producerad f\u00f6rnybar el kommer att fungera. De senaste veckorna har det florerat m\u00e5nga fr\u00e5gor och felaktiga p\u00e5st\u00e5enden i debatten. Tyv\u00e4rr bidrog jag nog sj\u00e4lv i viss m\u00e5n till det i min f\u00f6rra bloggpost p\u00e5 temat (som d\u00e4rf\u00f6r nu ers\u00e4tts av denna). F\u00f6r att det inte ska r\u00e5da oklarhet om hur f\u00f6rslaget ser ut kommer h\u00e4r en full\u00f6dig bloggpost om hur det \u00e4r t\u00e4nkt att fungera:<\/p>\n<p>Centerpartiets och Alliansregeringens f\u00f6rslag om att den som sj\u00e4lv producerar gr\u00f6n el ska kunna g\u00f6ra ett skatteavdrag inneb\u00e4r att det blir mer f\u00f6rm\u00e5nligt att till exempel s\u00e4tta upp solceller p\u00e5 sitt villatak.<\/p>\n<p><strong>L\u00e4get idag:<\/strong><br \/>\nDet g\u00e5r alldeles utm\u00e4rkt att s\u00e4tta upp solceller p\u00e5 villataket redan idag. Skulle du producera mer el \u00e4n du g\u00f6r av med sj\u00e4lv s\u00e5 g\u00e5r det el\u00f6verskottet ut p\u00e5 eln\u00e4tet. Idag sker det vanligen utan att du f\u00e5r n\u00e5gon ers\u00e4ttning alls av elhandlaren f\u00f6r den elen, men det finns ocks\u00e5 elhandlare som betalar dig f\u00f6r den el du levererar ut p\u00e5 n\u00e4tet. Om du f\u00e5r ers\u00e4ttning f\u00f6r den el du levererar ut p\u00e5 n\u00e4tet kan du beh\u00f6va betala skatt p\u00e5 den vinst du d\u00e5 g\u00f6r. De dagar du ist\u00e4llet f\u00f6rbrukar mer el \u00e4n du sj\u00e4lv producerar m\u00e5ste du ist\u00e4llet k\u00f6pa el fr\u00e5n din elhandlare. N\u00e4r du g\u00f6r det s\u00e5 betalar du i dagsl\u00e4get energiskatt och moms f\u00f6r den elen. S\u00e5 ser det allts\u00e5 ut f\u00f6r en mikroproducent idag.<\/p>\n<p><strong>Vad kommer g\u00e4lla med Alliansregeringens nya reform?<\/strong><\/p>\n<ol>\n<li>Som mikroproducent av f\u00f6rnybar energi kommer du \u00e4ven fram\u00f6ver slippa betala b\u00e5de energiskatt och moms p\u00e5 den el som du sj\u00e4lv producerar och anv\u00e4nder direkt n\u00e4r den tillverkats. Det vill s\u00e4ga: n\u00e4r t.ex. dina solpaneler v\u00e4rmer ditt hus och h\u00e5ller i g\u00e5ng dina hush\u00e5llsapparater direkt elen producerats h\u00e4nder ingenting ur skatteperspektiv. Du matar inte ut n\u00e5gon el p\u00e5 n\u00e4tet och betalar heller ingen skatt f\u00f6r den el du d\u00e5 sj\u00e4lv anv\u00e4nder. F\u00f6r den h\u00e4r elen f\u00e5r du d\u00e4rf\u00f6r heller inte n\u00e5gon skatteneds\u00e4ttning.<\/li>\n<li>De dagar som solen skiner och panelerna producerar mer el \u00e4n du sj\u00e4lv beh\u00f6ver s\u00e5 kommer du som mikroproducent att f\u00e5 ett el\u00f6verskott som du levererar ut p\u00e5 eln\u00e4tet till en elhandlare. Den elen kan du v\u00e4lja att sk\u00e4nka bort eller ta betalt f\u00f6r av din elhandlare. Oavsett vilket du v\u00e4ljer kommer du att omfattas av den skatteneds\u00e4ttning som Centerpartiet och Alliansen nu f\u00f6resl\u00e5r.<\/li>\n<li>Andra dagar \u00e4r det tv\u00e4rt om och du beh\u00f6ver mer el \u00e4n dina solceller producerar. D\u00e5 beh\u00f6ver du k\u00f6pa el av din elhandlare fr\u00e5n eln\u00e4tet. N\u00e4r du k\u00f6per den elen kommer du, vid ink\u00f6pstillf\u00e4llet, betala energiskatt och moms p\u00e5 den elen till elhandlaren men med Centerpartiets och Alliansens nya reform f\u00e5r du (n\u00e4r du deklarerar p\u00e5f\u00f6ljande \u00e5r) tillbaka den energiskatten och momsen genom att du f\u00e5r skatten s\u00e4nkt med 60 \u00f6re\/kWh p\u00e5 all den el du k\u00f6pt fr\u00e5n eln\u00e4tet (f\u00f6rutsatt att du s\u00e5lt\/matat in lika mycket el till n\u00e4tet som du sedan k\u00f6per fr\u00e5n n\u00e4tet). Konkret inneb\u00e4r det: om du vid soligt v\u00e4der levererat ut 1000 kilowattimmar el till n\u00e4tet, s\u00e5 har du r\u00e4tt att f\u00e5 skatten s\u00e4nkt med 60 \u00f6re\/kWh f\u00f6r 1000 kilowattimmar som du k\u00f6pt in vid molnigt v\u00e4der, n\u00e4r dina solceller inte producerat tillr\u00e4ckligt med el f\u00f6r att r\u00e4cka f\u00f6r ditt elbehov.<\/li>\n<\/ol>\n<p>Skattes\u00e4nkningen f\u00e5r man allts\u00e5 vid deklarationen, men i praktiken kommer man kunna beg\u00e4ra j\u00e4mkning av Skattemyndigheten s\u00e5 att man inte beh\u00f6ver ligga ute med pengarna till deklarationen n\u00e4sta \u00e5r, precis som man redan idag kan beg\u00e4ra j\u00e4mkning f\u00f6r andra skatteavdrag, som t.ex. r\u00e4nteavdraget n\u00e4r man har l\u00e5n p\u00e5 sitt boende.<\/p>\n<p>Som mest kommer man kunna f\u00e5 skatten s\u00e4nkt p\u00e5 30 000 kilowattimmar, vilket inneb\u00e4r att skattes\u00e4nkningen som mest kan bli 18 000 kronor\/\u00e5r. Ovanp\u00e5 det ska man l\u00e4gga den ers\u00e4ttning man f\u00e5r av sitt elhandelsbolag f\u00f6r den el man s\u00e4ljer till dem.<\/p>\n<p>Den senaste veckan har det cirkulerat p\u00e5st\u00e5enden d\u00e4r vissa h\u00e4vdar att det inte skulle g\u00e5 att s\u00e4lja sitt \u00f6verskott om man samtidigt vill erh\u00e5lla skatteneds\u00e4ttning, det vill s\u00e4ga att man skulle vara tvungen att sk\u00e4nka bort sitt el\u00f6verskott f\u00f6r att man som mikroproducent ska ha r\u00e4tt till skatteavdraget p\u00e5 sm\u00e5skaligt producerad f\u00f6rnybar el.<\/p>\n<p>Det \u00e4r helt fel, vilket b\u00e5de jag och <a title=\"L\u00e4nk till Fr\u00e5gor och Svar hos Finansdepartementet\" href=\"http:\/\/www.regeringen.se\/sb\/d\/18673\/a\/239622#239622\" target=\"_blank\">Finansdepartementet tydligt har klargjort<\/a>.<\/p>\n<p>Vissa har ocks\u00e5 h\u00e4vdat att en mikroproducent skulle komma att r\u00e4knas som n\u00e4ringsidkare och d\u00e4rf\u00f6r beh\u00f6va redovisa moms.<\/p>\n<p>Den bed\u00f6mningen g\u00f6r inte regeringen. N\u00e4r det g\u00e4ller fr\u00e5gan om man \u00e4r skyldig att redovisa moms eller inte g\u00e4ller EU:s momsdirektiv, p\u00e5 det h\u00e4r omr\u00e5det liksom p\u00e5 alla andra omr\u00e5den. Fram till f\u00f6rra \u00e5ret fanns det i de svenska momsreglerna en gr\u00e4ns som sa att verksamheter som hade en oms\u00e4ttning under 30 000 kronor per \u00e5r var att betrakta som \u201dhobbyverksamhet\u201d, och d\u00e4rmed inte skulle beh\u00f6va redovisa moms.<\/p>\n<p>Sedan dess har EU:s momsdirektiv \u00e4ndrats. I det nya EU-direktiv som nu styr v\u00e5r momslagstiftning finns det inte n\u00e5got exakt belopp f\u00f6r n\u00e4r man ska slippa redovisa moms, men den bed\u00f6mning regeringen g\u00f6r \u00e4r att man som privatperson i normalfallet inte kommer att bli momsskyldig n\u00e4r produktionen \u00e4r s\u00e5 pass begr\u00e4nsad som den kommer vara f\u00f6r en mikroproducent. S\u00e5 h\u00e4r uttrycker vi det i den proposition [<a title=\"Prop. 2012\/13:124 - &quot;Begreppet beskattningsbar person - en teknisk anpassning av merv\u00e4rdesskattelagen&quot;\" href=\"http:\/\/annakarinhatt.se\/blogg\/wp-content\/uploads\/2014\/05\/58cae7e2.pdf#page=82\" target=\"_blank\">PDF<\/a>] vi l\u00e4mnat till Riksdagen:<\/p>\n<blockquote><p>Enligt regeringens uppfattning b\u00f6r dock sv\u00e5righeterna att vid till\u00e4mpningen av de nya reglerna avgr\u00e4nsa vad som utg\u00f6r ekonomisk verksamhet, och som s\u00e5ledes omfattas av merv\u00e4rdesskattens till\u00e4mpningsomr\u00e5de, inte \u00f6verdrivas. I de allra flesta fall torde beskattningsresultatet bli detsamma som vid till\u00e4mpningen av merv\u00e4rdesskattelagen i dess nuvarande utformning.<\/p><\/blockquote>\n<p>Den avslutande formuleringen om \u201dnuvarande utformning\u201d syftar allts\u00e5 p\u00e5 de tidigare best\u00e4mmelserna (&#8221;hobby-best\u00e4mmelsen&#8221;) som angav en exakt gr\u00e4ns f\u00f6r n\u00e4r man skulle slippa redovisa moms.<\/p>\n<p>Regeringens bed\u00f6mning \u00e4r allts\u00e5 att flertalet mikroproducenter inte kommer att bli skyldiga att redovisa moms fram\u00f6ver. Ytterst \u00e4r det dock Skattemyndigheten som har ansvar f\u00f6r till\u00e4mpningen av lagstiftningen, och hur deras till\u00e4mpning exakt kommer se ut kan vi se n\u00e4r de pr\u00f6var de nya reglerna i skarpt l\u00e4ge.<\/p>\n<p>F\u00f6r den enskilde kommer systemet f\u00f6r skatteminskning av mikroproducerad f\u00f6rnybar el i normalfallet att bli enkelt och inte inneb\u00e4ra mer \u00e4n att man beh\u00f6ver kontrollera uppgifterna i sin deklaration f\u00f6r att f\u00e5 skattes\u00e4nkningen.<\/p>\n<p>Och precis det har varit min, Centerpartiets och Alliansregeringens ambition hela tiden: att skapa ett system som \u00e4r gynnsamt f\u00f6r den som producerar sin egen gr\u00f6na el, med en modell som \u00e4r f\u00f6renlig med b\u00e5de svensk och EU:s lagstiftning och som kommer att fungera enkelt i praktiken.<\/p>\n<p>Sol-el \u00e4r just nu Sveriges snabbast v\u00e4xande energislag, och v\u00e4xte f\u00f6rra \u00e5ret med 86 procent. Det \u00e4r en del av en global omv\u00e4lvning som f\u00e5 har f\u00f6rutsett, och som jag tror kommer forts\u00e4tta \u00f6verraska oss. Med denna reform hj\u00e4lper Centerpartiet och Alliansen till att p\u00e5skynda denna utveckling.<\/p>\n<p><iframe loading=\"lazy\" src=\"http:\/\/sverigesradio.se\/embed?url=http%3A%2F%2Fsverigesradio.se%2Fsida%2Favsnitt%2F369392%3Fprogramid%3D3345\" width=\"100%\" height=\"150\" frameborder=\"0\"><\/iframe><\/p>\n","protected":false},"excerpt":{"rendered":"<p>Idag har jag varit med i Klotet i P1 och ber\u00e4ttat om hur Centerpartiets och Alliansens nya reform om s\u00e4nkt skatt p\u00e5 sm\u00e5skaligt producerad f\u00f6rnybar el kommer att fungera. De senaste veckorna har det florerat m\u00e5nga fr\u00e5gor och felaktiga p\u00e5st\u00e5enden i debatten. Tyv\u00e4rr bidrog jag nog sj\u00e4lv i viss m\u00e5n till det i min f\u00f6rra&nbsp;<a href=\"http:\/\/annakarinhatt.se\/blogg\/sankt-skatt-pa-fornybar-el-sa-funkar-det\/\" class=\"read-more\">Continue Reading<\/a><\/p>\n","protected":false},"author":3,"featured_media":0,"comment_status":"open","ping_status":"open","sticky":false,"template":"","format":"standard","meta":{"ngg_post_thumbnail":0,"footnotes":""},"categories":[87],"tags":[170,335,99,102],"class_list":["post-4946","post","type-post","status-publish","format-standard","hentry","category-energi","tag-energi-2","tag-fornybar-el","tag-fornybar-energi","tag-fornybart","cat-87-id"],"_links":{"self":[{"href":"http:\/\/annakarinhatt.se\/blogg\/wp-json\/wp\/v2\/posts\/4946","targetHints":{"allow":["GET"]}}],"collection":[{"href":"http:\/\/annakarinhatt.se\/blogg\/wp-json\/wp\/v2\/posts"}],"about":[{"href":"http:\/\/annakarinhatt.se\/blogg\/wp-json\/wp\/v2\/types\/post"}],"author":[{"embeddable":true,"href":"http:\/\/annakarinhatt.se\/blogg\/wp-json\/wp\/v2\/users\/3"}],"replies":[{"embeddable":true,"href":"http:\/\/annakarinhatt.se\/blogg\/wp-json\/wp\/v2\/comments?post=4946"}],"version-history":[{"count":5,"href":"http:\/\/annakarinhatt.se\/blogg\/wp-json\/wp\/v2\/posts\/4946\/revisions"}],"predecessor-version":[{"id":4954,"href":"http:\/\/annakarinhatt.se\/blogg\/wp-json\/wp\/v2\/posts\/4946\/revisions\/4954"}],"wp:attachment":[{"href":"http:\/\/annakarinhatt.se\/blogg\/wp-json\/wp\/v2\/media?parent=4946"}],"wp:term":[{"taxonomy":"category","embeddable":true,"href":"http:\/\/annakarinhatt.se\/blogg\/wp-json\/wp\/v2\/categories?post=4946"},{"taxonomy":"post_tag","embeddable":true,"href":"http:\/\/annakarinhatt.se\/blogg\/wp-json\/wp\/v2\/tags?post=4946"}],"curies":[{"name":"wp","href":"https:\/\/api.w.org\/{rel}","templated":true}]}}