{"id":4582,"date":"2014-01-22T15:31:16","date_gmt":"2014-01-22T14:31:16","guid":{"rendered":"http:\/\/annakarinhatt.se\/blogg\/?p=4582"},"modified":"2014-01-22T16:47:08","modified_gmt":"2014-01-22T15:47:08","slug":"nytt-klimat-och-energipaket-fran-eu-kommissionen","status":"publish","type":"post","link":"https:\/\/annakarinhatt.se\/blogg\/nytt-klimat-och-energipaket-fran-eu-kommissionen\/","title":{"rendered":"Nytt klimat- och energipaket fr\u00e5n EU-kommissionen"},"content":{"rendered":"<p>S\u00e5 har EU-kommissionen nu i eftermiddag \u00e4ntligen presenterat ett nytt<a href=\"http:\/\/europa.eu\/rapid\/press-release_IP-14-54_en.htm\"> klimat- och energipaket<\/a>, med nya ambitioner f\u00f6r 2030. Att de nu lagt ett f\u00f6rslag p\u00e5 bordet \u00e4r v\u00e4ldigt bra, eftersom vi i EU b\u00e5de beh\u00f6ver f\u00f6rbereda oss f\u00f6r de kommande globala klimatf\u00f6rhandlingarna i Paris 2015, och f\u00f6r att vi tidigt och tydligt ska kunna ge besked om vad som kommer g\u00e4lla till de som ska investera i energi i Europa fram\u00f6ver.<\/p>\n<p>Syftet med f\u00f6rslaget till nytt klimat- och energiramverk \u00e4r att sl\u00e5 fast de m\u00e5l och ambitioner som ska ta EU vidare fr\u00e5n de m\u00e5l f\u00f6r klimat, f\u00f6rnybar energi och energieffektivisering som vi redan har, och som str\u00e4cker sig till 2020. I korthet g\u00e5r EU-kommissionens f\u00f6rslag ut p\u00e5 att de f\u00f6resl\u00e5r ett nytt bindande m\u00e5l f\u00f6r utsl\u00e4ppsminskningar om 40 procent till 2030, och ett f\u00f6rnybartm\u00e5l om minst 27 procent till 2030, som f\u00f6resl\u00e5s bli bindande p\u00e5 EU-niv\u00e5, men som man inte\u00a0b\u00f6rdef\u00f6rdelar mellan de olika medlemsstaterna. Dessutom f\u00f6resl\u00e5r EU-kommissionen bland annat en sk\u00e4rpning av EU:s handelssystem med utsl\u00e4ppsr\u00e4tter.<\/p>\n<p>Jag och regeringen har sedan l\u00e4nge uppmanat EU-kommissionen att snarast \u00e5terkomma med f\u00f6rslag till Eu:s klimat- och energiramverk till 2030, och uppmanat dem att i det sammanhanget inte bara \u00f6verv\u00e4ga EU:s fortsatta klimatambitioner, utan ocks\u00e5 EU:s framtida ambitioner n\u00e4r det g\u00e4ller f\u00f6rnybar energi och energieffektivisering.<\/p>\n<p>Att EU beh\u00f6ver ett nytt klimat- och energiramverk \u00e4r tydligt, av flera sk\u00e4l: dels beh\u00f6ver vi det f\u00f6r att s\u00e4kerst\u00e4lla att vi kan n\u00e5 2-gradersm\u00e5let och begr\u00e4nsa den globala uppv\u00e4rmningen, dels beh\u00f6ver vi det f\u00f6r att kunna ge tydliga spelregler till samh\u00e4llet och den industri som skall investera i till exempel f\u00f6rnybar energi och dels beh\u00f6ver vi det f\u00f6r att f\u00f6rbereda det globala klimatm\u00f6tet i Paris 2015.<\/p>\n<p>Den fr\u00e5ga som \u00e4r p\u00e5 m\u00e5ngas l\u00e4ppar idag \u00e4r naturligtvis om det f\u00f6rslag som kommissionen presenterat \u00e4r tillr\u00e4ckligt ambiti\u00f6st f\u00f6r att klara det? Och det \u00e4r ocks\u00e5 en fr\u00e5ga som regeringen nu tar sig an. Att Centerpartiet sedan tidigare tagit st\u00e4llning f\u00f6r att EU beh\u00f6ver anta nya m\u00e5l f\u00f6r s\u00e5v\u00e4l klimat som f\u00f6rnybar energi \u00e4r ingen hemlighet, och det \u00e4r inte heller n\u00e5gon hemlighet att EU, n\u00e4r det g\u00e4ller energieffektivisering, beh\u00f6ver effektivisera sin energianv\u00e4ndning \u00e4nnu mer och d\u00e4rf\u00f6r beh\u00f6ver \u00e5terkomma till fr\u00e5gan om nya m\u00e5l f\u00f6r energieffektivisering n\u00e4r den aviserade \u00f6versynen av det befinliga energieffektiviseringsdirektivet, senare i \u00e5r, \u00e4r gjord.<\/p>\n<p>Det som nu v\u00e4ntar \u00e4r ett bra analysarbete, s\u00e5 att vi f\u00f6rst\u00e5r vad kommissionens hela f\u00f6rslag &#8211; som sp\u00e4nner \u00f6ver \u00e4nnu fler delar \u00e4n det ramverk vi har idag &#8211; inneb\u00e4r, f\u00f6r EU och f\u00f6r Sverige. Just den uppgiften v\u00e4ntar nu oss i regeringen, som ett led i att f\u00f6rbereda en gemensam svensk st\u00e5ndpunkt och\u00a0Sveriges positioner i det fortsatta f\u00f6rhandlingsarbetet. Den 20-21 mars m\u00f6ts EU:s stats- och regeringschefer f\u00f6r att diskutera energi- och klimatpaketet i Bryssel. En av mina huvudfr\u00e5gor den n\u00e4rmaste tiden kommer vara att Sverige ska g\u00f6ra ett starkt och tydligt avtryck i de diskussioner som nu ligger framf\u00f6r oss. F\u00f6r EU-f\u00f6rhandlingarna om det framtida klimat- och energipaketet har bara b\u00f6rjat.<\/p>\n<p>&nbsp;<\/p>\n","protected":false},"excerpt":{"rendered":"<p>S\u00e5 har EU-kommissionen nu i eftermiddag \u00e4ntligen presenterat ett nytt klimat- och energipaket, med nya ambitioner f\u00f6r 2030. Att de nu lagt ett f\u00f6rslag p\u00e5 bordet \u00e4r v\u00e4ldigt bra, eftersom vi i EU b\u00e5de beh\u00f6ver f\u00f6rbereda oss f\u00f6r de kommande globala klimatf\u00f6rhandlingarna i Paris 2015, och f\u00f6r att vi tidigt och tydligt ska kunna ge&nbsp;<a href=\"https:\/\/annakarinhatt.se\/blogg\/nytt-klimat-och-energipaket-fran-eu-kommissionen\/\" class=\"read-more\">Continue Reading<\/a><\/p>\n","protected":false},"author":3,"featured_media":0,"comment_status":"open","ping_status":"open","sticky":false,"template":"","format":"standard","meta":{"ngg_post_thumbnail":0,"footnotes":""},"categories":[87,77],"tags":[321,168,96,99,309],"class_list":["post-4582","post","type-post","status-publish","format-standard","hentry","category-energi","category-internationellt","tag-321","tag-energieffektivisering","tag-eu","tag-fornybar-energi","tag-klimat","cat-87-id","cat-77-id"],"_links":{"self":[{"href":"https:\/\/annakarinhatt.se\/blogg\/wp-json\/wp\/v2\/posts\/4582","targetHints":{"allow":["GET"]}}],"collection":[{"href":"https:\/\/annakarinhatt.se\/blogg\/wp-json\/wp\/v2\/posts"}],"about":[{"href":"https:\/\/annakarinhatt.se\/blogg\/wp-json\/wp\/v2\/types\/post"}],"author":[{"embeddable":true,"href":"https:\/\/annakarinhatt.se\/blogg\/wp-json\/wp\/v2\/users\/3"}],"replies":[{"embeddable":true,"href":"https:\/\/annakarinhatt.se\/blogg\/wp-json\/wp\/v2\/comments?post=4582"}],"version-history":[{"count":6,"href":"https:\/\/annakarinhatt.se\/blogg\/wp-json\/wp\/v2\/posts\/4582\/revisions"}],"predecessor-version":[{"id":4588,"href":"https:\/\/annakarinhatt.se\/blogg\/wp-json\/wp\/v2\/posts\/4582\/revisions\/4588"}],"wp:attachment":[{"href":"https:\/\/annakarinhatt.se\/blogg\/wp-json\/wp\/v2\/media?parent=4582"}],"wp:term":[{"taxonomy":"category","embeddable":true,"href":"https:\/\/annakarinhatt.se\/blogg\/wp-json\/wp\/v2\/categories?post=4582"},{"taxonomy":"post_tag","embeddable":true,"href":"https:\/\/annakarinhatt.se\/blogg\/wp-json\/wp\/v2\/tags?post=4582"}],"curies":[{"name":"wp","href":"https:\/\/api.w.org\/{rel}","templated":true}]}}