{"id":5270,"date":"2014-06-30T16:03:36","date_gmt":"2014-06-30T14:03:36","guid":{"rendered":"http:\/\/annakarinhatt.se\/blogg\/?p=5270"},"modified":"2014-06-30T16:03:36","modified_gmt":"2014-06-30T14:03:36","slug":"vi-ses-i-almedalen","status":"publish","type":"post","link":"https:\/\/annakarinhatt.se\/blogg\/vi-ses-i-almedalen\/","title":{"rendered":"Vi ses i Almedalen!"},"content":{"rendered":"<h6><div class=\"post-thumb clearfix\">\r\n    <figure class=\"featured-thumbnail thumbnail large\">\r\n        <div class=\"hider-page\"><\/div>\r\n        <a class=\"image-wrap image-popup-no-margins\"  href=\"\/blogg\/wp-content\/uploads\/2014\/06\/almedalen.jpg\" data-rel=\"Photo\">\r\n            <img decoding=\"async\" src=\"\/blogg\/wp-content\/uploads\/2014\/06\/almedalen.jpg\" alt=\"photo\" \/>\r\n            <span class=\"zoom-icon\"><\/span>\r\n        <\/a>\r\n    <\/figure>\r\n    <div class=\"clear\"><\/div>\r\n<\/div>P\u00e5 v\u00e4g till Visby och Almedalen f\u00f6r en sp\u00e4nnande vecka. Foto:\u00a0<a title=\"Foto p\u00e5 Wikimedia Commons\" href=\"https:\/\/commons.wikimedia.org\/wiki\/File:Visby_13-.JPG#mediaviewer\/File:Visby_13-.JPG\" target=\"_blank\">\u017beglarz \/ Wikimedia Commons<\/a>.<\/h6>\n<p>&nbsp;<\/p>\n<p>S\u00e5d\u00e4r! D\u00e5 har jag rensat skrivbordet fr\u00e5n diverse departements\u00e4renden och packat v\u00e4skan f\u00f6r en h\u00e4rlig vecka p\u00e5 Gotland och i Almedalen. Det ska verkligen bli kul att \u00e5terse gamla v\u00e4nner, tr\u00e4ffa nya bekantskaper och debattera, diskutera och lyssna p\u00e5 en l\u00e5ng rad sp\u00e4nnande id\u00e9er och politiska f\u00f6rslag. Eftersom jag gillar att ha m\u00e5nga j\u00e4rn i elden s\u00e5 \u00e4r jag glad att ha ett h\u00e4rligt fullsp\u00e4ckat schema de dagar jag \u00e4r d\u00e4r (vilket \u00e4r tisdag-torsdag och l\u00f6rdag eftermiddag &#8211; s\u00f6ndag eftermiddag). \u00c4r du p\u00e5 plats? Kom g\u00e4rna f\u00f6rbi och lyssna och diskutera n\u00e4r det passar dig b\u00e4st. Och vem vet, kanske hinner vi till och med s\u00e4ga hej och v\u00e4xla n\u00e5gra ord i n\u00e5gon paus!?<\/p>\n<p>H\u00e4r hittar du mig under mina schemalagda aktiviteter under dagarna p\u00e5 &#8221;\u00f6jn&#8221;:<\/p>\n<p><!--more--><\/p>\n<p><strong>Tisdag 1 juli<\/strong><\/p>\n<p>07.15<br \/>\nDeltar i direkts\u00e4nd debatt med Milj\u00f6partiets spr\u00e5kr\u00f6r \u00c5sa Romson i TV4.<\/p>\n<p>08.30 &#8211; 09.45<\/p>\n<p><a href=\"http:\/\/www.almedalsveckan.info\/event\/user-view\/18567?redir=\" target=\"_blank\">IT skapar framtidens smarta energisystem \u2013 n\u00e4r dina prylar pratar med varandra<\/a><br \/>\nArrang\u00f6r: Sustainable Innovation<br \/>\nPlats: Fartyget Teaterskeppet, &#8221;Lilla matsalen&#8221;<\/p>\n<p><em>Energin\u00e4t och informationsn\u00e4tverk v\u00e4xer samman. Sakernas internet skapar nya f\u00f6ruts\u00e4ttningar f\u00f6r energieffektivisering. Kan vi sluta bekymra oss om energieffektivisering n\u00e4r prylarna pratar direkt med varandra? Energi- och IT-minister Anna-Karin Hatt m.fl. diskuterar.<\/em><\/p>\n<p>11.00 &#8211; 12.00<\/p>\n<p><a href=\"http:\/\/www.almedalsveckan.info\/event\/user-view\/20013?redir=%23eidx_0\" target=\"_blank\">Hj\u00e4lp med IT-tj\u00e4nster i hemmet \u2013 r\u00e4ttighet eller lyx?<\/a><br \/>\nArrang\u00f6r: IT&amp;Telekomf\u00f6retagen och Almega<br \/>\nPlats: Wisby Strand Congress &amp; Event, Donnersgatan 2 , &#8221;Almegat\u00e4ltet&#8221;<\/p>\n<p><em>Svenska konsumenter vill kunna k\u00f6pa skattesubventionerade IT-tj\u00e4nster (RIT-avdrag) likv\u00e4l som hush\u00e5llstj\u00e4nster. En r\u00e4ttighet f\u00f6r alla menar vissa &#8211; en on\u00f6dig lyx menar andra. Ska RUT f\u00e5 s\u00e4llskap av RIT? Debatt mellan politiker och n\u00e4ringslivsf\u00f6retr\u00e4dare.<\/em><\/p>\n<p>13.00 &#8211; 14.00<\/p>\n<p><a href=\"http:\/\/www.almedalsveckan.info\/event\/user-view\/20317?redir=%23eidx_2\" target=\"_blank\">S\u00e5 kan EU:s klimatm\u00e5l st\u00e4rka jobb och konkurrenskraft<\/a><\/p>\n<p>Arrang\u00f6r: E.ON i samarbete med Global Utmaning<br \/>\nPlats: S:t Hansgatan 21 , &#8221;E.ON:s t\u00e4lt&#8221;<\/p>\n<p><em>Hur b\u00f6r den svenska f\u00e4rdplanen fram till &#8211; och bortom &#8211; EU:s klimatm\u00e5l 2020 se ut? Hur g\u00e5r det med m\u00e5let att Sverige ska bli CO2-neutralt 2050 om vi inte driver p\u00e5?<\/em><\/p>\n<p>16.00 &#8211; 16.15<\/p>\n<p><a href=\"http:\/\/www.almedalsveckan.info\/event\/user-view\/22219?redir=%23eidx_3\" target=\"_blank\">N\u00e4r har alla svenskar snabbt bredband? Vad kan Anna-Karin Hatt g\u00f6ra \u00e5t digitala klyftor?<\/a><br \/>\nArrang\u00f6r: Dagens Samh\u00e4lle<br \/>\nPlats: Cram\u00e9rgatan, H305, Intervju \u201dUtanf\u00f6r H\u00f6gskolans entr\u00e9&#8221;<\/p>\n<p><em>Hur m\u00e5nga e-tj\u00e4nster kan sm\u00e5 kommuner erbjuda? Hur uppkopplad m\u00e5ste skolan och v\u00e5rden vara?<\/em><\/p>\n<p>&nbsp;<\/p>\n<p><strong>Onsdag 2 juli<\/strong><\/p>\n<p>09.00 &#8211; 09.50<\/p>\n<p><a href=\"http:\/\/www.almedalsveckan.info\/event\/user-view\/17507?redir=%23eidx_4\" target=\"_blank\">H\u00f6g tid att koppla upp den svenska skolan<\/a><br \/>\nArrang\u00f6r: Sveriges Kommuner och Landsting<br \/>\nPlats: Donnerska huset, Donners plats 1 , &#8221;Hallfreda h\u00f6rsal&#8221;<\/p>\n<p><em>Vi st\u00e5r inf\u00f6r en digital revolution! Men trots \u00f6kad tillg\u00e5ng till IT, \u00f6kar inte anv\u00e4ndandet i skolan. Hur skyndar vi p\u00e5 utvecklingen? Svenska elever beh\u00f6ver rustas f\u00f6r det digitaliserade arbetslivet och erbjudas det st\u00f6d som IT kan utg\u00f6ra f\u00f6r den med s\u00e4rskilda behov.<\/em><\/p>\n<p>12.30 \u2013 15.00<\/p>\n<p><a href=\"http:\/\/www.alliansen.se\/almedalen-2014\/\" target=\"_blank\">Alliansmingel<\/a><\/p>\n<p>Plats: S:t Karins ruin, Stora Torget<\/p>\n<p><em>Anna-Karin Hatt deltar fr\u00e5n scen.<\/em> OBS! F\u00f6ranm\u00e4lan kr\u00e4vs: annica@alliansen.se. Medtag presslegitimation.<\/p>\n<p>15.00 &#8211; 16.00<\/p>\n<p>Tillg\u00e4nglig f\u00f6r samtal och diskussioner f\u00f6r dig som har v\u00e4garna f\u00f6rbi p\u00e5 Centerpartiets m\u00f6tesplats.<br \/>\nPlats: Sankt Hansplan<\/p>\n<p>&nbsp;<\/p>\n<p><strong>Torsdag 3 juli<\/strong><\/p>\n<p>07.00 &#8211; 08.00<\/p>\n<p><a href=\"http:\/\/www.almedalsveckan.info\/event\/user-view\/22959?redir=%23eidx_5\" target=\"_blank\">Medverkar direkt i Godmorgon Almedalen-om opinionsbildning, engagemang och samh\u00e4lle i en digital samtid<\/a><br \/>\nArrang\u00f6r: JMW tillsammans med Cision och Hej Digitalt<br \/>\nPlats: S\u00f6dra Kyrkogatan 8, Hej Digitalt<\/p>\n<p><em>Lives\u00e4ndning av Godmorgon Almedalen. Allt fr\u00e5n n\u00e4taktivism, nya s\u00e4tt att engagera sig och digitalisering diskuteras. Idag med fokus p\u00e5 spr\u00e5k och kommunikation, vardagen i skolan och Almedalskampanjers roll i opinionsbildning och digitala agendan. Dessutom TedX Almedalen.<\/em><\/p>\n<p>09.00<br \/>\nRegeringssammantr\u00e4de<br \/>\nPlats: Residenset, Strandgatan 1<\/p>\n<p>10.30 &#8211; 12.00<\/p>\n<p><a href=\"http:\/\/www.almedalsveckan.info\/event\/user-view\/19569?redir=%23eidx_6\" target=\"_blank\">Drivmedelsbranschens valutfr\u00e5gning &#8211; hur ska omst\u00e4llningen fr\u00e5n fossilt till f\u00f6rnybart g\u00e5 till?<\/a><br \/>\nArrang\u00f6r: SPBI &#8211; Svenska Petroelum &amp; Biodrivmedel Instututet<br \/>\nPlats: Clarion Hotel Wisby, Strandgatan 6<\/p>\n<p><em>Sverige ska g\u00e5 f\u00f6re i omst\u00e4llningen fr\u00e5n fossilt till f\u00f6rnybart. Det \u00e4r den svenska drivmedelsbranschen som ska g\u00f6ra det. Men hur tycker politikerna att man ska g\u00f6ra? Vilka styrmedel beh\u00f6vs? Och vad tycker branschens Vd:ar som finns p\u00e5 plats om svaren?<\/em><\/p>\n<p>14.00 &#8211; 14.25<\/p>\n<p><a href=\"http:\/\/www.almedalsveckan.info\/event\/user-view\/22419?redir=%23eidx_7\" target=\"_blank\">Heta stolen: Fordonsbranschen tar pulsen p\u00e5 energiministern<\/a><\/p>\n<p>Arrang\u00f6r: BIL Sweden och MRF<br \/>\nPlats: Uppsala universitet, Campus Gotland, Cram\u00e9rgatan 3<\/p>\n<p><em>Fr\u00e5gestund med energiminister Anna-Karin Hatt om klimat, milj\u00f6 och transporter.<\/em><\/p>\n<p>15.00 &#8211; 15.45<\/p>\n<p><a href=\"http:\/\/www.alliansen.se\/almedalen-2014\/\" target=\"_blank\">M\u00f6t ministern som st\u00e4ller om till ett h\u00e5llbart och digitalt Sverige.<\/a><br \/>\nArrang\u00f6r: Alliansen<\/p>\n<p>Plats: Alliansterassen<\/p>\n<p>&nbsp;<\/p>\n<p><strong>L\u00f6rdag 5 juli<\/strong><\/p>\n<p>17.00 &#8211; 18.00<\/p>\n<p><a href=\"http:\/\/www.almedalsveckan.info\/event\/user-view\/21997?redir=%23eidx_8\" target=\"_blank\">Nikodemussamtal i sk\u00e4rningspunkten religion\/politik med representant fr\u00e5n Centerpartiet<\/a><br \/>\nArrang\u00f6r: Svenska kyrkan Visby domkyrkof\u00f6rsamling<br \/>\nPlats: S:ta Maria domkyrka, V\u00e4stra Kyrkogatan 2<\/p>\n<p><em>Ett samtal i sk\u00e4rningspunkten mellan religion och politik med IT- och energiminister Anna-Karin Hatt, f\u00f6retr\u00e4dare f\u00f6r Centerpartiets partiledning. Inte debatt eller utfr\u00e5gning &#8211; utan ett \u00f6ppet, \u00e4rligt och gott samtal d\u00e4r ocks\u00e5 politikern som person f\u00e5r rum.<\/em><\/p>\n<p>&nbsp;<\/p>\n<p><strong>S\u00f6ndag 6 juli<\/strong><\/p>\n<p>10.30 &#8211; 10.55<\/p>\n<p><a href=\"http:\/\/www.almedalsveckan.info\/event\/user-view\/17677?redir=%23eidx_9\" target=\"_blank\">Raka svar: IT- och energiminister Anna-Karin Hatt (C)<\/a><br \/>\nArrang\u00f6r: Expressen<br \/>\nPlats: &#8221;Expressens valstuga&#8221;, Donners plats, H411<\/p>\n<p><em>It- och energiminister Anna-Karin Hatt (C) fr\u00e5gas ut av Expressens politikreporter Annie Reuterski\u00f6ld om aktuella politiska fr\u00e5gor.<\/em><\/p>\n","protected":false},"excerpt":{"rendered":"<p>P\u00e5 v\u00e4g till Visby och Almedalen f\u00f6r en sp\u00e4nnande vecka. Foto:\u00a0\u017beglarz \/ Wikimedia Commons. &nbsp; S\u00e5d\u00e4r! D\u00e5 har jag rensat skrivbordet fr\u00e5n diverse departements\u00e4renden och packat v\u00e4skan f\u00f6r en h\u00e4rlig vecka p\u00e5 Gotland och i Almedalen. Det ska verkligen bli kul att \u00e5terse gamla v\u00e4nner, tr\u00e4ffa nya bekantskaper och debattera, diskutera och lyssna p\u00e5 en&nbsp;<a href=\"https:\/\/annakarinhatt.se\/blogg\/vi-ses-i-almedalen\/\" class=\"read-more\">Continue Reading<\/a><\/p>\n","protected":false},"author":3,"featured_media":0,"comment_status":"open","ping_status":"open","sticky":false,"template":"","format":"standard","meta":{"ngg_post_thumbnail":0,"footnotes":""},"categories":[18],"tags":[33,170,21],"class_list":["post-5270","post","type-post","status-publish","format-standard","hentry","category-centerpartiet","tag-almedalen","tag-energi-2","tag-it","cat-18-id"],"_links":{"self":[{"href":"https:\/\/annakarinhatt.se\/blogg\/wp-json\/wp\/v2\/posts\/5270","targetHints":{"allow":["GET"]}}],"collection":[{"href":"https:\/\/annakarinhatt.se\/blogg\/wp-json\/wp\/v2\/posts"}],"about":[{"href":"https:\/\/annakarinhatt.se\/blogg\/wp-json\/wp\/v2\/types\/post"}],"author":[{"embeddable":true,"href":"https:\/\/annakarinhatt.se\/blogg\/wp-json\/wp\/v2\/users\/3"}],"replies":[{"embeddable":true,"href":"https:\/\/annakarinhatt.se\/blogg\/wp-json\/wp\/v2\/comments?post=5270"}],"version-history":[{"count":9,"href":"https:\/\/annakarinhatt.se\/blogg\/wp-json\/wp\/v2\/posts\/5270\/revisions"}],"predecessor-version":[{"id":5282,"href":"https:\/\/annakarinhatt.se\/blogg\/wp-json\/wp\/v2\/posts\/5270\/revisions\/5282"}],"wp:attachment":[{"href":"https:\/\/annakarinhatt.se\/blogg\/wp-json\/wp\/v2\/media?parent=5270"}],"wp:term":[{"taxonomy":"category","embeddable":true,"href":"https:\/\/annakarinhatt.se\/blogg\/wp-json\/wp\/v2\/categories?post=5270"},{"taxonomy":"post_tag","embeddable":true,"href":"https:\/\/annakarinhatt.se\/blogg\/wp-json\/wp\/v2\/tags?post=5270"}],"curies":[{"name":"wp","href":"https:\/\/api.w.org\/{rel}","templated":true}]}}