{"id":5366,"date":"2014-08-27T09:20:06","date_gmt":"2014-08-27T07:20:06","guid":{"rendered":"http:\/\/annakarinhatt.se\/blogg\/?p=5366"},"modified":"2014-08-27T14:29:31","modified_gmt":"2014-08-27T12:29:31","slug":"centerpartiet-och-alliansen-satsar-mer-pa-solelen","status":"publish","type":"post","link":"https:\/\/annakarinhatt.se\/blogg\/centerpartiet-och-alliansen-satsar-mer-pa-solelen\/","title":{"rendered":"Centerpartiet och Alliansen satsar mer p\u00e5 solelen"},"content":{"rendered":"<div class=\"post-thumb clearfix\">\r\n    <figure class=\"featured-thumbnail thumbnail large\">\r\n        <div class=\"hider-page\"><\/div>\r\n        <a class=\"image-wrap image-popup-no-margins\"  href=\"http:\/\/annakarinhatt.se\/blogg\/wp-content\/uploads\/2014\/08\/IMG_1331.jpg\" data-rel=\"Photo\">\r\n            <img decoding=\"async\" src=\"http:\/\/annakarinhatt.se\/blogg\/wp-content\/uploads\/2014\/08\/IMG_1331.jpg\" alt=\"photo\" \/>\r\n            <span class=\"zoom-icon\"><\/span>\r\n        <\/a>\r\n    <\/figure>\r\n    <div class=\"clear\"><\/div>\r\n<\/div>Just nu byggs den f\u00f6rnybara energin ut v\u00e4ldigt snabbt, i Sverige och v\u00e4rlden. Och allra snabbast v\u00e4xer solelen. De senaste \u00e5ren har priset p\u00e5 solpanelerna kraftigt fallit i pris, vilket g\u00f6r att solel p\u00e5 allvar\u00a0nu \u00e4r\u00a0ett riktigt bra alternativ ocks\u00e5 p\u00e5 v\u00e5ra breddgrader. Tack vare att solelen v\u00e4xer snabbt i hela v\u00e4rlden s\u00e5 faller priset p\u00e5 panelerna f\u00f6r oss alla.\u00a0Varje g\u00e5ng den installerade kapaciteten solel i v\u00e4rlden f\u00f6rdubblas s\u00e5\u00a0sjunker kostnaderna\u00a0f\u00f6r solelen med\u00a0ungef\u00f6r en femtedel. N\u00e5got som bland annat det internationella organet f\u00f6r f\u00f6rnybar energi, <a href=\"http:\/\/www.irena.org\/DocumentDownloads\/Publications\/RE_Technologies_Cost_Analysis-SOLAR_PV.pdf\" target=\"_blank\">IRENA <\/a>, pekat p\u00e5.<\/p>\n<p>\u00c4ven i <a href=\"http:\/\/www.energimyndigheten.se\/Press\/Pressmeddelanden\/Fortsatt-starkt-intresse-for-solceller-gav-solcellseffekt-pa-431-MW-under-2013\/\" target=\"_blank\">Sverige g\u00e5r utvecklingen av solel rasande <\/a>fort. Den utvecklingen vill vi i Centerpartiet, tillsammans med resten av Alliansen, satsa \u00e4nnu mer p\u00e5, s\u00e5 att solelen kan v\u00e4xa \u00e4nnu snabbare i Sverige. I v\u00e5rt kommande valmanifest, och i den budget som vi kommer l\u00e4gga tillsammans f\u00f6r n\u00e4sta \u00e5r om vi blir omvalda och f\u00e5r f\u00f6rtroendet att forts\u00e4tta leda landet, kommer vi l\u00e4gga tv\u00e5 viktiga f\u00f6rslag som kommer leda till mer solel och mer sm\u00e5skaligt producerad f\u00f6rnybar el. Om den nyheten rapporterar\u00a0<a title=\"sr.se\" href=\"http:\/\/sverigesradio.se\/sida\/artikel.aspx?programid=83&amp;artikel=5948065\" target=\"_blank\">Ekot<\/a> idag. \u00c4ven <a title=\"DN: Regeringen lovar mer pengar till solkraft\" href=\"http:\/\/www.dn.se\/valet-2014\/regeringen-lovar-mer-pengar-till-solkraft\/\" target=\"_blank\">Dagens Nyheter<\/a> och <a title=\"Milj\u00f6aktuellt: Regeringen lovar mer pengar i solcellsst\u00f6d\" href=\"http:\/\/miljoaktuellt.idg.se\/2.1845\/1.580253\/regeringen-lovar-mer-pengar-i-solcellsstod\" target=\"_blank\">Milj\u00f6aktuellt<\/a> har rapporterat om nyheten idag.<\/p>\n<p><strong>1.\u00a0Vi\u00a0satsar mer p\u00e5 solcellsst\u00f6det<\/strong>, det investeringsst\u00f6d som man kan f\u00e5 om man s\u00e4tter upp solceller p\u00e5 t.ex. villataket och d\u00e4r man kan f\u00e5 upp till 35 procent av investeringskostnaden betald av regeringen. Solcellsst\u00f6det \u00e4r oerh\u00f6rt popul\u00e4rt och k\u00f6n f\u00f6r att f\u00e5 del av pengarna \u00e4r l\u00e5ng. F\u00f6r att \u00e4nnu fler ska kunna f\u00e5 del av investeringsst\u00f6det kommer vi f\u00f6r n\u00e4sta \u00e5r\u00a0satsa ytterligare 50 miljoner kronor p\u00e5 solcellsst\u00f6det. Tack vare det kommer \u00e4nnu fler kunna s\u00e4ttta upp solceller och bli sin egen solelsproducent.<\/p>\n<p><strong>2. Vi s\u00e4nker skatten ordentligt f\u00f6r den som producerar sm\u00e5skalig f\u00f6rnybar el<\/strong>, t.ex. solel p\u00e5 taket eller genom ett mindre vindkraftverk p\u00e5 den egna fastigheten. Fr\u00e5n och med \u00e5rsskiftet kommer den som producerar sin egen f\u00f6rnybara el, och som producerat ett \u00f6verskott av el som man s\u00e5lt ut p\u00e5 eln\u00e4tet, f\u00e5 skatten s\u00e4nkt med 60 \u00f6re\/kWh n\u00e4r han eller hon sedan k\u00f6per el fr\u00e5n n\u00e4tet de dagar n\u00e4r den egna produktionen inte r\u00e4cker till. Fr\u00e5n b\u00f6rjan avsatte vi 8 miljoner kronor\/\u00e5r f\u00f6r den reformen, men tack vare att vi nu ser ett snabbt v\u00e4xande intresse f\u00f6r att investera i solel\u00a0\u00f6kar vi satsningen och avs\u00e4ttter nu 25 miljoner kronor per \u00e5r f\u00f6r skattes\u00e4nkningen p\u00e5 sm\u00e5skalig f\u00f6rnybar el. Det ger bra villkor, och l\u00e5ngsiktigt goda villkor, f\u00f6r den sm\u00e5skaliga f\u00f6rnybara elen s\u00e5 att den villa\u00e4gare, lantbrukare eller sm\u00e5f\u00f6retagare som funderar p\u00e5 att ta steget och bli sin egen f\u00f6rnybara elproducent ska v\u00e5ga\u00a0 ta steget att\u00a0investera i f\u00f6rnybar el. (Vill du veta mer om hur skattes\u00e4nkningen p\u00e5 f\u00f6rnybar el\u00a0kommer fungera s\u00e5\u00a0<a href=\"http:\/\/annakarinhatt.se\/blogg\/sankt-skatt-pa-fornybar-el-sa-funkar-det\/\" target=\"_blank\">skrev<\/a> jag om det h\u00e4r\u00a0p\u00e5 bloggen innan sommaren).<\/p>\n<p>Solel \u00e4r en fantastisk m\u00f6jlighet f\u00f6r framtiden. Det \u00e4r en m\u00f6jlighet f\u00f6r Sverige, f\u00f6r den sm\u00e5skalige producenten, och f\u00f6r de\u00a0svenska f\u00f6retag och den svensk forskning vi har p\u00e5 solelsomr\u00e5det, ett omr\u00e5de d\u00e4r vi i Sverige redan idag ligger l\u00e5ngt fram. Och nu sl\u00e5r utbyggnaden av solel alla rekord i Sverige. Sedan Centerpartiet och Alliansen kom till makten 2006\u00a0har solelen niofaldigats i Sverige. Den starka utvecklingen vill vi i Centerpartiet, tillsammans med resten av Alliansen, forts\u00e4tta satsa p\u00e5!<\/p>\n","protected":false},"excerpt":{"rendered":"<p>Just nu byggs den f\u00f6rnybara energin ut v\u00e4ldigt snabbt, i Sverige och v\u00e4rlden. Och allra snabbast v\u00e4xer solelen. De senaste \u00e5ren har priset p\u00e5 solpanelerna kraftigt fallit i pris, vilket g\u00f6r att solel p\u00e5 allvar\u00a0nu \u00e4r\u00a0ett riktigt bra alternativ ocks\u00e5 p\u00e5 v\u00e5ra breddgrader. Tack vare att solelen v\u00e4xer snabbt i hela v\u00e4rlden s\u00e5 faller priset&nbsp;<a href=\"https:\/\/annakarinhatt.se\/blogg\/centerpartiet-och-alliansen-satsar-mer-pa-solelen\/\" class=\"read-more\">Continue Reading<\/a><\/p>\n","protected":false},"author":3,"featured_media":0,"comment_status":"open","ping_status":"open","sticky":false,"template":"","format":"standard","meta":{"ngg_post_thumbnail":0,"footnotes":""},"categories":[27,18,87],"tags":[99,272,379,392],"class_list":["post-5366","post","type-post","status-publish","format-standard","hentry","category-alliansen","category-centerpartiet","category-energi","tag-fornybar-energi","tag-nettodebitering","tag-solceller","tag-val2014","cat-27-id","cat-18-id","cat-87-id"],"_links":{"self":[{"href":"https:\/\/annakarinhatt.se\/blogg\/wp-json\/wp\/v2\/posts\/5366","targetHints":{"allow":["GET"]}}],"collection":[{"href":"https:\/\/annakarinhatt.se\/blogg\/wp-json\/wp\/v2\/posts"}],"about":[{"href":"https:\/\/annakarinhatt.se\/blogg\/wp-json\/wp\/v2\/types\/post"}],"author":[{"embeddable":true,"href":"https:\/\/annakarinhatt.se\/blogg\/wp-json\/wp\/v2\/users\/3"}],"replies":[{"embeddable":true,"href":"https:\/\/annakarinhatt.se\/blogg\/wp-json\/wp\/v2\/comments?post=5366"}],"version-history":[{"count":15,"href":"https:\/\/annakarinhatt.se\/blogg\/wp-json\/wp\/v2\/posts\/5366\/revisions"}],"predecessor-version":[{"id":5402,"href":"https:\/\/annakarinhatt.se\/blogg\/wp-json\/wp\/v2\/posts\/5366\/revisions\/5402"}],"wp:attachment":[{"href":"https:\/\/annakarinhatt.se\/blogg\/wp-json\/wp\/v2\/media?parent=5366"}],"wp:term":[{"taxonomy":"category","embeddable":true,"href":"https:\/\/annakarinhatt.se\/blogg\/wp-json\/wp\/v2\/categories?post=5366"},{"taxonomy":"post_tag","embeddable":true,"href":"https:\/\/annakarinhatt.se\/blogg\/wp-json\/wp\/v2\/tags?post=5366"}],"curies":[{"name":"wp","href":"https:\/\/api.w.org\/{rel}","templated":true}]}}