{"id":5410,"date":"2014-08-30T15:16:53","date_gmt":"2014-08-30T13:16:53","guid":{"rendered":"http:\/\/annakarinhatt.se\/blogg\/?p=5410"},"modified":"2014-08-30T15:16:53","modified_gmt":"2014-08-30T13:16:53","slug":"annu-en-c-markt-allianssatsning-pa-bredband","status":"publish","type":"post","link":"https:\/\/annakarinhatt.se\/blogg\/annu-en-c-markt-allianssatsning-pa-bredband\/","title":{"rendered":"\u00c4nnu en C-m\u00e4rkt Allianssatsning &#8211; p\u00e5 bredband"},"content":{"rendered":"<div class=\"post-thumb clearfix\">\r\n    <figure class=\"featured-thumbnail thumbnail large\">\r\n        <div class=\"hider-page\"><\/div>\r\n        <a class=\"image-wrap image-popup-no-margins\"  href=\"http:\/\/annakarinhatt.se\/blogg\/wp-content\/uploads\/2014\/08\/bbbild.jpg\" data-rel=\"Photo\">\r\n            <img decoding=\"async\" src=\"http:\/\/annakarinhatt.se\/blogg\/wp-content\/uploads\/2014\/08\/bbbild.jpg\" alt=\"photo\" \/>\r\n            <span class=\"zoom-icon\"><\/span>\r\n        <\/a>\r\n    <\/figure>\r\n    <div class=\"clear\"><\/div>\r\n<\/div> \u00c4ven den h\u00e4r dagen \u00e4r en bra gr\u00f6n centerdag. F\u00f6r idag har jag, \u00e5 Centerpartiets och hela Alliansregeringens v\u00e4gnar, ber\u00e4ttat att vi nu g\u00f6r \u00e4nnu en viktig satsning f\u00f6r att f\u00e5 bra och snabbt bredband i hela landet. Fr\u00e5n och med n\u00e4sta \u00e5r, och hela v\u00e4gen fram till 2020, kommer vi om vi blir omvalda och f\u00e5r f\u00f6rtroendet att leda landet i fyra \u00e5r till satsa 18 miljoner kronor per \u00e5r p\u00e5 att inr\u00e4tta bredbandskoordinatorer som ska vara med och p\u00e5skynda bredbandsutbyggnaden, i alla l\u00e4n.<\/p>\n<p>Ska hela landet kunna v\u00e4xa s\u00e5 m\u00e5ste hela landet ocks\u00e5 ha bra bredband, och bredband i v\u00e4rldsklass. D\u00e4rf\u00f6r har vi i Centerpartiet och Alliansen hittills satsat hela 2,2 miljarder kronor, mellan 2007 och 2013, p\u00e5 att bygga ut snabbt bredband p\u00e5 landsbygden. Och bland annat tack vare det kan 57 procent av alla svenska hush\u00e5ll och f\u00f6retag idag f\u00e5 ett bredband om minst 100 Mbit\/s. <\/p>\n<p>Men \u00e4nnu mer beh\u00f6ver g\u00f6ras. Det ambiti\u00f6sa m\u00e5l som vi i Alliansregeringen slagit fast, och som vi jobbar efter, \u00e4r att 90 procent av alla hush\u00e5ll och  f\u00f6retag ska ha tillg\u00e5ng till bredband med en hastighet om minst 100 Mbit\/s senast 2020. Och f\u00f6r att n\u00e5 det m\u00e5let, och p\u00e5skynda bredbandsutbyggnaden g\u00e5r Centerpartiet tillsammans med hela Alliansen till val p\u00e5 att satsa ytterligare 3,25 miljarder kronor p\u00e5 att bygga bredband p\u00e5 landsbygden mellan i \u00e5r och 2020.<\/p>\n<p>Till det l\u00f6ftet l\u00e4gger vi idag ett nytt l\u00f6fte om att inr\u00e4tta bredbandskoordinatorer i alla l\u00e4n. Tanken med  <a title=\"sn.se\" href=\"http:\/\/www.sn.se\/ekonomi\/ekonomi\/1.2593611\" target=\"_blank\">f\u00f6rslaget<\/a> \u00e4r att underl\u00e4tta f\u00f6r alla bredbandsf\u00f6reningar som finns runtom i landet, som jobbar ideellt och som skulle ha god nytta av att f\u00e5 en utpekad kontaktperson att v\u00e4nda sig till, som kan ge tips och r\u00e5d och st\u00f6d f\u00f6r hur man som ideell bredbandsf\u00f6rening ska agera. Samtidigt kan vi med Bredbandskoordinatorerna f\u00f6rb\u00e4ttra styrningen, ge mer och b\u00e4ttre v\u00e4gledning och f\u00f6lja upp b\u00e4ttre regionalt och  se till s\u00e5 att vi f\u00e5r s\u00e5 mycket bredband som m\u00f6jligt f\u00f6r de 3,25 miljarder som Centerpartiet och Alliansen vill satsa p\u00e5 det.<\/p>\n<p>Och den satsningen kan spel stor roll. F\u00f6r kan vi underl\u00e4tta f\u00f6r alla de eldsj\u00e4lar som l\u00e4gger timmar av frivilligt arbete p\u00e5 att dra fiber hem till sig, s\u00e5 inneb\u00e4r det ocks\u00e5 att \u00e4nnu fler kan f\u00e5 tillg\u00e5ng till snabbt och framtidss\u00e4kert bredband!<\/p>\n","protected":false},"excerpt":{"rendered":"<p>\u00c4ven den h\u00e4r dagen \u00e4r en bra gr\u00f6n centerdag. F\u00f6r idag har jag, \u00e5 Centerpartiets och hela Alliansregeringens v\u00e4gnar, ber\u00e4ttat att vi nu g\u00f6r \u00e4nnu en viktig satsning f\u00f6r att f\u00e5 bra och snabbt bredband i hela landet. Fr\u00e5n och med n\u00e4sta \u00e5r, och hela v\u00e4gen fram till 2020, kommer vi om vi blir omvalda&nbsp;<a href=\"https:\/\/annakarinhatt.se\/blogg\/annu-en-c-markt-allianssatsning-pa-bredband\/\" class=\"read-more\">Continue Reading<\/a><\/p>\n","protected":false},"author":3,"featured_media":0,"comment_status":"open","ping_status":"open","sticky":false,"template":"","format":"standard","meta":{"ngg_post_thumbnail":0,"footnotes":""},"categories":[27,18,7],"tags":[38,352,37,270,392],"class_list":["post-5410","post","type-post","status-publish","format-standard","hentry","category-alliansen","category-centerpartiet","category-it-politik","tag-bredband","tag-bredbandsutredningen","tag-digitala-agendan","tag-fiber","tag-val2014","cat-27-id","cat-18-id","cat-7-id"],"_links":{"self":[{"href":"https:\/\/annakarinhatt.se\/blogg\/wp-json\/wp\/v2\/posts\/5410","targetHints":{"allow":["GET"]}}],"collection":[{"href":"https:\/\/annakarinhatt.se\/blogg\/wp-json\/wp\/v2\/posts"}],"about":[{"href":"https:\/\/annakarinhatt.se\/blogg\/wp-json\/wp\/v2\/types\/post"}],"author":[{"embeddable":true,"href":"https:\/\/annakarinhatt.se\/blogg\/wp-json\/wp\/v2\/users\/3"}],"replies":[{"embeddable":true,"href":"https:\/\/annakarinhatt.se\/blogg\/wp-json\/wp\/v2\/comments?post=5410"}],"version-history":[{"count":4,"href":"https:\/\/annakarinhatt.se\/blogg\/wp-json\/wp\/v2\/posts\/5410\/revisions"}],"predecessor-version":[{"id":5415,"href":"https:\/\/annakarinhatt.se\/blogg\/wp-json\/wp\/v2\/posts\/5410\/revisions\/5415"}],"wp:attachment":[{"href":"https:\/\/annakarinhatt.se\/blogg\/wp-json\/wp\/v2\/media?parent=5410"}],"wp:term":[{"taxonomy":"category","embeddable":true,"href":"https:\/\/annakarinhatt.se\/blogg\/wp-json\/wp\/v2\/categories?post=5410"},{"taxonomy":"post_tag","embeddable":true,"href":"https:\/\/annakarinhatt.se\/blogg\/wp-json\/wp\/v2\/tags?post=5410"}],"curies":[{"name":"wp","href":"https:\/\/api.w.org\/{rel}","templated":true}]}}