{"id":5428,"date":"2014-09-05T11:36:51","date_gmt":"2014-09-05T09:36:51","guid":{"rendered":"http:\/\/annakarinhatt.se\/blogg\/?p=5428"},"modified":"2014-09-05T11:36:51","modified_gmt":"2014-09-05T09:36:51","slug":"lagre-elnatsavgifter-och-battre-elnat","status":"publish","type":"post","link":"https:\/\/annakarinhatt.se\/blogg\/lagre-elnatsavgifter-och-battre-elnat\/","title":{"rendered":"L\u00e4gre eln\u00e4tsavgifter &#8211; och b\u00e4ttre eln\u00e4t"},"content":{"rendered":"<div class=\"post-thumb clearfix\">\r\n    <figure class=\"featured-thumbnail thumbnail large\">\r\n        <div class=\"hider-page\"><\/div>\r\n        <a class=\"image-wrap image-popup-no-margins\"  href=\"http:\/\/annakarinhatt.se\/blogg\/wp-content\/uploads\/2014\/09\/eln\u00e4t.jpg\" data-rel=\"Photo\">\r\n            <img decoding=\"async\" src=\"http:\/\/annakarinhatt.se\/blogg\/wp-content\/uploads\/2014\/09\/eln\u00e4t.jpg\" alt=\"photo\" \/>\r\n            <span class=\"zoom-icon\"><\/span>\r\n        <\/a>\r\n    <\/figure>\r\n    <div class=\"clear\"><\/div>\r\n<\/div>\n<h6>\u00a0Den nya f\u00f6rordningen v\u00e4rnar elkonsumenternas intressen. Foto:\u00a0Letartean\/wikimedia commons.<\/h6>\n<p>&nbsp;<br \/>\nIg\u00e5r fattade jag och Alliansregeringen beslut om att sk\u00e4rpa eln\u00e4tsregleringen f\u00f6r att s\u00e4kra att vi som eln\u00e4tskunder inte beh\u00f6ver betala osk\u00e4liga eln\u00e4tsavgifter, och inte beh\u00f6ver betala f\u00f6r ett och samma eln\u00e4t flera g\u00e5nger om. Den nyheten har s\u00e5v\u00e4l <a href=\"http:\/\/www.svt.se\/nyheter\/ekonomi\/#.\/nya-regler-for-elnaten-tiotals-miljarder-i-lagre-avgifter?&amp;_suid=140990759855806480798528766121\">Rapport<\/a>, <a href=\"http:\/\/www.di.se\/#!\/artiklar\/2014\/9\/4\/regeringen-slapper-elprisbomb\/\">Dagens Industri <\/a>som <a href=\"http:\/\/www.svt.se\/nyheter\/ekonomi\/#.\/nya-regler-for-elnaten-tiotals-miljarder-i-lagre-avgifter?&amp;_suid=140990759855806480798528766121\">Ekot <\/a>och <a href=\"http:\/\/www.svd.se\/naringsliv\/nyheter\/sverige\/sankta-elnatsavgifter-att-vanta_3884914.svd\">Svenska Dagbladet<\/a>.<\/p>\n<p>Av den samlade elkostnad man har som elkonsument best\u00e5r ungef\u00e4r en tredjedel av en eln\u00e4tsavgift, som man betalar f\u00f6r att f\u00e5 den el man beh\u00f6ver\u00a0levererad hem till sig. Av l\u00e4tt insedda sk\u00e4l har eln\u00e4tsbolagen, eftersom vi inte har eller vill ha parallella eln\u00e4t i\u00a0landet,\u00a0det man kallar f\u00f6r &#8221;naturliga monopol&#8221; i det omr\u00e5de d\u00e4r man har sitt n\u00e4t. Eftersom eln\u00e4ten \u00e4r ett s\u00e5dant naturligt monopol \u00e4r det otroligt viktigt att vi politiker ser till s\u00e5 att vi har en stark reglering som s\u00e4krar att eln\u00e4tsbolagen inte\u00a0kan ta ut osk\u00e4liga priser av sina kunder, vilket annars skulle kunna ske.<\/p>\n<p>Sedan 2012 till\u00e4mpas de nya eln\u00e4tsregler som Centerpartiet och Alliansregeringen utarbetat, som inneb\u00e4r att eln\u00e4tsbolagen ska redovisa kostnaderna f\u00f6r sina eln\u00e4t och planeringen f\u00f6r dessa till Energimarknadsinspektionen (EI), som sedan fastst\u00e4ller en int\u00e4ktsram som anger hur mycket varje enskilt eln\u00e4tsf\u00f6retag maximalt f\u00e5r ta ut i eln\u00e4tsavgifter av sina kunder under en viss\u00a0fyra\u00e5rs-period. Men tyv\u00e4rr har eln\u00e4tsbolagen och EI tvistat om hur man ska fastst\u00e4lla vilka kostnader bolagen ska f\u00e5 betalt f\u00f6r, och i praktiken har det inneburit att eln\u00e4tsbolagen har kunnat ta betalt f\u00f6r gamla, redan avskrivna, eln\u00e4t flera g\u00e5nger om.<\/p>\n<p>Det \u00e4r inte rimligt. Som elkund ska man kunna k\u00e4nna sig trygg i att den eln\u00e4tsavgift man betalar \u00e4r rimlig och sk\u00e4lig, och att man inte beh\u00f6ver betala f\u00f6r ett och samma eln\u00e4t flera g\u00e5nger om. D\u00e4rf\u00f6r har jag som energiminister under en tid f\u00f6rberett f\u00f6r\u00e4ndringar i eln\u00e4tsregleringen och ig\u00e5r kunde Centerpartiet och hela Alliansregeringen fatta beslut om en f\u00f6r\u00e4ndrad eln\u00e4tsreglering, d\u00e4r vi sk\u00e4rper skyddet f\u00f6r elkonsumenten och f\u00f6rtydligar spelreglerna f\u00f6r eln\u00e4tsbolagen. Med de nya reglerna blir det tydligt att eln\u00e4tsbolagen ska kunna ta betalt f\u00f6r de investeringar man verkligen g\u00f6r, f\u00f6r de insatser man g\u00f6r f\u00f6r att f\u00f6rb\u00e4ttra eln\u00e4tet eller bygga smartare n\u00e4r (t.ex. nya funktioner som minskar avbrotten) och f\u00f6r att f\u00e5 en rimlig avkastning p\u00e5 sin verksamhet. Men man kommer fram\u00f6ver inte kunna ta betalt f\u00f6r ett eln\u00e4t som redan \u00e4r avbetalt och avskrivet.<\/p>\n<p>Exakt hur detta kommer p\u00e5verka varje enskild elkund \u00e4r det f\u00f6r tidigt att s\u00e4ga n\u00e5got om, eftersom EI nu ska till\u00e4mpa de nya reglerna p\u00e5 den tillsynsperiod som b\u00f6rjar 2016. Men ber\u00e4kningar som EI gjort pekar p\u00e5 att det sammantaget kan handla om flera tiotals miljarder i l\u00e4gre kostnader f\u00f6r elkunderna som helhet. F\u00f6r v\u00e4ldigt m\u00e5nga elkunder borde det betyda tydligt s\u00e4nkta eln\u00e4tsavgifter, eller att avgiftsh\u00f6jningarna fram\u00f6ver \u00e5tminstone inte kommer kunna\u00a0\u00a0bli s\u00e5 stora som de annars skulle ha kunnat bli. Men vi kan kostatera att de som f\u00f6retr\u00e4der kunderna \u00e4r positiva, som till exempel Sveriges Konsumenter, <a href=\"http:\/\/www.fastighetsagarna.se\/aktuellt-och-opinion\/nyheter\/nyheter-2014\/valkommen-natreglering-starker-konsumenterna\">Fastighets\u00e4garna <\/a>och <a href=\"http:\/\/www.unt.se\/ekonomi\/nya-regler-ska-ge-skaligt-elpris-3340677.aspx\">Villa\u00e4garna<\/a>.<\/p>\n<p>En ledstj\u00e4rna f\u00f6r mig som energiminister, f\u00f6r oss i Centerpartiet och f\u00f6r hela Alliansregeringen \u00e4r att s\u00e4kra att vi har en trygg energif\u00f6rs\u00f6rjning, och att svenska konsumenter och f\u00f6retag har konkurrenskraftiga elpriser. I det ing\u00e5r ocks\u00e5 eln\u00e4tsavgifterna. Med den nya eln\u00e4tsregleringen tar vi \u00e4nnu ett viktigt steg f\u00f6r att s\u00e4kerst\u00e4lla just det, samtidigt som vi skapar \u00f6kad tydlighet f\u00f6r eln\u00e4tsbolagen om vilka spelregler som g\u00e4ller!<\/p>\n<p>&nbsp;<\/p>\n<p><iframe loading=\"lazy\" src=\"http:\/\/www.svt.se\/wd?widgetId=23991&amp;sectionId=532&amp;articleId=2296100&amp;type=embed&amp;contextSectionId=532&amp;autostart=false\" width=\"650\" height=\"365\" frameborder=\"0\" scrolling=\"no\"><\/iframe><\/p>\n","protected":false},"excerpt":{"rendered":"<p>\u00a0Den nya f\u00f6rordningen v\u00e4rnar elkonsumenternas intressen. Foto:\u00a0Letartean\/wikimedia commons. &nbsp; Ig\u00e5r fattade jag och Alliansregeringen beslut om att sk\u00e4rpa eln\u00e4tsregleringen f\u00f6r att s\u00e4kra att vi som eln\u00e4tskunder inte beh\u00f6ver betala osk\u00e4liga eln\u00e4tsavgifter, och inte beh\u00f6ver betala f\u00f6r ett och samma eln\u00e4t flera g\u00e5nger om. Den nyheten har s\u00e5v\u00e4l Rapport, Dagens Industri som Ekot och Svenska Dagbladet.&nbsp;<a href=\"https:\/\/annakarinhatt.se\/blogg\/lagre-elnatsavgifter-och-battre-elnat\/\" class=\"read-more\">Continue Reading<\/a><\/p>\n","protected":false},"author":3,"featured_media":0,"comment_status":"open","ping_status":"open","sticky":false,"template":"","format":"standard","meta":{"ngg_post_thumbnail":0,"footnotes":""},"categories":[87],"tags":[111,140,327,240],"class_list":["post-5428","post","type-post","status-publish","format-standard","hentry","category-energi","tag-el","tag-elnat","tag-elnatsavgifter","tag-konsumentmakt","cat-87-id"],"_links":{"self":[{"href":"https:\/\/annakarinhatt.se\/blogg\/wp-json\/wp\/v2\/posts\/5428","targetHints":{"allow":["GET"]}}],"collection":[{"href":"https:\/\/annakarinhatt.se\/blogg\/wp-json\/wp\/v2\/posts"}],"about":[{"href":"https:\/\/annakarinhatt.se\/blogg\/wp-json\/wp\/v2\/types\/post"}],"author":[{"embeddable":true,"href":"https:\/\/annakarinhatt.se\/blogg\/wp-json\/wp\/v2\/users\/3"}],"replies":[{"embeddable":true,"href":"https:\/\/annakarinhatt.se\/blogg\/wp-json\/wp\/v2\/comments?post=5428"}],"version-history":[{"count":9,"href":"https:\/\/annakarinhatt.se\/blogg\/wp-json\/wp\/v2\/posts\/5428\/revisions"}],"predecessor-version":[{"id":5441,"href":"https:\/\/annakarinhatt.se\/blogg\/wp-json\/wp\/v2\/posts\/5428\/revisions\/5441"}],"wp:attachment":[{"href":"https:\/\/annakarinhatt.se\/blogg\/wp-json\/wp\/v2\/media?parent=5428"}],"wp:term":[{"taxonomy":"category","embeddable":true,"href":"https:\/\/annakarinhatt.se\/blogg\/wp-json\/wp\/v2\/categories?post=5428"},{"taxonomy":"post_tag","embeddable":true,"href":"https:\/\/annakarinhatt.se\/blogg\/wp-json\/wp\/v2\/tags?post=5428"}],"curies":[{"name":"wp","href":"https:\/\/api.w.org\/{rel}","templated":true}]}}