{"id":5447,"date":"2014-09-12T09:30:34","date_gmt":"2014-09-12T07:30:34","guid":{"rendered":"http:\/\/annakarinhatt.se\/blogg\/?p=5447"},"modified":"2014-09-12T09:30:34","modified_gmt":"2014-09-12T07:30:34","slug":"sex-forslag-for-battre-pendling-i-sormland","status":"publish","type":"post","link":"https:\/\/annakarinhatt.se\/blogg\/sex-forslag-for-battre-pendling-i-sormland\/","title":{"rendered":"Sex f\u00f6rslag f\u00f6r b\u00e4ttre pendling i S\u00f6rmland"},"content":{"rendered":"<h6><div class=\"post-thumb clearfix\">\r\n    <figure class=\"featured-thumbnail thumbnail large\">\r\n        <div class=\"hider-page\"><\/div>\r\n        <a class=\"image-wrap image-popup-no-margins\"  href=\"http:\/\/annakarinhatt.se\/blogg\/wp-content\/uploads\/2014\/09\/flen.jpg\" data-rel=\"Photo\">\r\n            <img decoding=\"async\" src=\"http:\/\/annakarinhatt.se\/blogg\/wp-content\/uploads\/2014\/09\/flen.jpg\" alt=\"photo\" \/>\r\n            <span class=\"zoom-icon\"><\/span>\r\n        <\/a>\r\n    <\/figure>\r\n    <div class=\"clear\"><\/div>\r\n<\/div>Med Centerpartiets f\u00f6rslag till b\u00e4ttre pendlingsm\u00f6jligheter kommer S\u00f6rmlands perronger att vara fulla med pendlare.<\/h6>\n<p>&nbsp;<\/p>\n<p>Med 2 dagar kvar till valdagen presenterar jag och mina centerkollegor i S\u00f6rmland Jens Persson (kommunalr\u00e5d i Str\u00e4ngn\u00e4s och ledamot i S\u00f6rmlands kollektivtrafikmyndighet) och Mattias Claesson (gruppledare f\u00f6r Centerpartiet i landstinget) i S\u00f6rmlands Nyheter och Eskilstuna-kuriren\u00a0idag Centerpartiets sex f\u00f6rslag f\u00f6r att f\u00f6rb\u00e4ttra pendlingsm\u00f6jligheterna i, till och fr\u00e5n\u00a0S\u00f6rmlands l\u00e4n. Ska hela S\u00f6rmland kunna v\u00e4xa och utvecklas, ska f\u00f6retag kunna starta, v\u00e4xa och anst\u00e4lla h\u00e4r, och ska fler vilja och kunna v\u00e4lja att\u00a0 bo och leva i hela S\u00f6rmland s\u00e5 kr\u00e4vs det bra kommunikationer och riktigt bra m\u00f6jligheter att pendla, till och fr\u00e5n jobbet eller studierna.<\/p>\n<p>Och att det finns m\u00e5nga som pendlar, och som l\u00e4ngtar efter \u00e4nnu b\u00e4ttre pendlingsm\u00f6jligheter, blev v\u00e4ldigt tydligt i onsdags morse n\u00e4r jag tillsammans med m\u00e5nga andra centerpartister m\u00f6tte morgontidiga pendlare p\u00e5 stationerna i Katrineholm, Flen och Gnesta. Bra kommunikationer \u00e4r helt avg\u00f6rande b\u00e5de f\u00f6r att S\u00f6rmland ska kunna bygga och ha v\u00e4lm\u00e5ende, h\u00e5llbara st\u00e4der, men ocks\u00e5 f\u00f6r att S\u00f6rmland ska kunna f\u00e5 v\u00e4rldens modernaste landsbygd.<\/p>\n<p>Just d\u00e4rf\u00f6r g\u00e5r vi i Centerpartiet till val p\u00e5 sex f\u00f6rslag som vi vill f\u00e5 ditt st\u00f6d att genomf\u00f6ra &#8211; i S\u00f6rmlands kommuner, i landstinget och i regeringen och riksdagen. Vi vill:<\/p>\n<ol>\n<li>Ge t\u00e5gpendlarna l\u00e5ngsiktiga besked som man kan lita p\u00e5. N\u00e4r vissa str\u00e4ckor pl\u00f6tsligt inte finns med i planeringen f\u00f6r n\u00e4sta \u00e5r, som det var ett tag\u00a0med Gnestapendeln \u00a0i arbetet med T\u00e5gplan 2014, skapar det mycket oro och os\u00e4kerhet. Bor man och flyttar till en ort m\u00e5ste man kunna f\u00f6rlita sig p\u00e5 att t\u00e5gtrafiken forts\u00e4tter under \u00f6versk\u00e5dlig framtid. Ingen ska beh\u00f6va tveka om att flytta till en ort, av oro f\u00f6r att t\u00e5get inte ska finnas kvar n\u00e4sta \u00e5r.<\/li>\n<li>Forts\u00e4tt investera i S\u00f6rmlands infrastruktur. Centerpartiet och Alliansregeringen g\u00e5r till val p\u00e5 att satsa en miljard kronor p\u00e5 infrastrukturen\u00a0i S\u00f6rmland, 2014-2025. Stora satsningar ska genomf\u00f6ras p\u00e5 j\u00e4rnv\u00e4gen, bland annat med dubbelsp\u00e5r p\u00e5 Ostl\u00e4nken mellan J\u00e4rna och Link\u00f6ping. Efter 30 \u00e5r av diskussioner \u00e4r Centerpartiet nu med och ser till s\u00e5 att Ostl\u00e4nken \u00e4ntligen blir verklighet.<\/li>\n<li>G\u00f6r det enklare att pendla. Centerpartiet i S\u00f6rmland vill inf\u00f6ra ett pendlarkort som g\u00e4ller i hela M\u00e4lardalen till en kostnad av max 1000 kronor per m\u00e5nad.<\/li>\n<li>M\u00f6t b\u00e5de kvinnors och m\u00e4ns pendlingsbehov. Majoriteten av de pendlare som reser kollektivt \u00e4r kvinnor. Ett j\u00e4mst\u00e4llt transportsystem d\u00e4r mer resurser l\u00e4ggs p\u00e5 att f\u00f6rb\u00e4ttra den kollektiva pendlingen underl\u00e4ttar f\u00f6r kvinnor att vidga sin arbetsmarknad, och st\u00e4rker n\u00e4ringslivet och tillv\u00e4xtm\u00f6jligheterna.<\/li>\n<li>Forts\u00e4tt satsa p\u00e5 att underh\u00e5lla den infrastruktur vi redan har. En tillg\u00e4nglig och s\u00e4ker pendling, d\u00e4r man kan lita p\u00e5 att man kommer i tid till skolan eller jobbet, men ocks\u00e5 till h\u00e4mtningen p\u00e5 f\u00f6rskolan, till tr\u00e4ningspasset eller kundm\u00f6tet \u00e4r viktigt f\u00f6r att livspusslet ska g\u00e5 ihop. Vi i Centerpartiet har under Alliansregeringens f\u00f6rsta tv\u00e5 mandatperioder lyckats f\u00e5 igenom kraftfullt \u00f6kade satsningar p\u00e5 drift och underh\u00e5ll, p\u00e5 b\u00e5de j\u00e4rnv\u00e4g och v\u00e4g. Den prioriteringen kommer vi forts\u00e4tta med.<\/li>\n<li>Inf\u00f6r persontrafik p\u00e5 TGOJ-banan. Med utvecklingen p\u00e5 Skavsta flygplats och Ostl\u00e4nken kommer\u00a0 underlaget f\u00f6r persontrafik p\u00e5 hela str\u00e4ckan mellan Eskilstuna och Oxel\u00f6sund \u00f6ka. Det \u00e4r en positiv utveckling, som vi i Centerpartiet v\u00e4lkomnar och vill se.<\/li>\n<\/ol>\n<p>S\u00f6rmland \u00e4r ett fantastiskt l\u00e4n med fantastiska livsmilj\u00f6er. Med b\u00e4ttre m\u00f6jligheter till pendling, b\u00e5de inom, till och fr\u00e5n S\u00f6rmland kan S\u00f6rmland forts\u00e4tta utvecklas som ett attraktivt l\u00e4n och ett l\u00e4n som\u00a0 fler v\u00e4ljer att leva i, bos\u00e4tta sig i, arbeta i, studera i och driva f\u00f6retag i. L\u00e4gger man sin r\u00f6st\u00a0p\u00e5 Centerpartiet i S\u00f6rmland p\u00e5 s\u00f6ndag, l\u00e4gger man sin r\u00f6st p\u00e5 ett parti som kommer forts\u00e4tta driva en politik f\u00f6r att hela S\u00f6rmland ska kunna v\u00e4xa och utvecklas och bli ett \u00e4nnu b\u00e4ttre l\u00e4n att leva i.<\/p>\n<p>&nbsp;<\/p>\n","protected":false},"excerpt":{"rendered":"<p>Med Centerpartiets f\u00f6rslag till b\u00e4ttre pendlingsm\u00f6jligheter kommer S\u00f6rmlands perronger att vara fulla med pendlare. &nbsp; Med 2 dagar kvar till valdagen presenterar jag och mina centerkollegor i S\u00f6rmland Jens Persson (kommunalr\u00e5d i Str\u00e4ngn\u00e4s och ledamot i S\u00f6rmlands kollektivtrafikmyndighet) och Mattias Claesson (gruppledare f\u00f6r Centerpartiet i landstinget) i S\u00f6rmlands Nyheter och Eskilstuna-kuriren\u00a0idag Centerpartiets sex f\u00f6rslag f\u00f6r&nbsp;<a href=\"https:\/\/annakarinhatt.se\/blogg\/sex-forslag-for-battre-pendling-i-sormland\/\" class=\"read-more\">Continue Reading<\/a><\/p>\n","protected":false},"author":3,"featured_media":0,"comment_status":"open","ping_status":"open","sticky":false,"template":"","format":"standard","meta":{"ngg_post_thumbnail":0,"footnotes":""},"categories":[15],"tags":[404,403,402,349],"class_list":["post-5447","post","type-post","status-publish","format-standard","hentry","category-allman-politik","tag-centerpartiet","tag-kollektivtrafik","tag-pendling","tag-sormland","cat-15-id"],"_links":{"self":[{"href":"https:\/\/annakarinhatt.se\/blogg\/wp-json\/wp\/v2\/posts\/5447","targetHints":{"allow":["GET"]}}],"collection":[{"href":"https:\/\/annakarinhatt.se\/blogg\/wp-json\/wp\/v2\/posts"}],"about":[{"href":"https:\/\/annakarinhatt.se\/blogg\/wp-json\/wp\/v2\/types\/post"}],"author":[{"embeddable":true,"href":"https:\/\/annakarinhatt.se\/blogg\/wp-json\/wp\/v2\/users\/3"}],"replies":[{"embeddable":true,"href":"https:\/\/annakarinhatt.se\/blogg\/wp-json\/wp\/v2\/comments?post=5447"}],"version-history":[{"count":10,"href":"https:\/\/annakarinhatt.se\/blogg\/wp-json\/wp\/v2\/posts\/5447\/revisions"}],"predecessor-version":[{"id":5460,"href":"https:\/\/annakarinhatt.se\/blogg\/wp-json\/wp\/v2\/posts\/5447\/revisions\/5460"}],"wp:attachment":[{"href":"https:\/\/annakarinhatt.se\/blogg\/wp-json\/wp\/v2\/media?parent=5447"}],"wp:term":[{"taxonomy":"category","embeddable":true,"href":"https:\/\/annakarinhatt.se\/blogg\/wp-json\/wp\/v2\/categories?post=5447"},{"taxonomy":"post_tag","embeddable":true,"href":"https:\/\/annakarinhatt.se\/blogg\/wp-json\/wp\/v2\/tags?post=5447"}],"curies":[{"name":"wp","href":"https:\/\/api.w.org\/{rel}","templated":true}]}}