{"id":5462,"date":"2014-09-12T21:23:25","date_gmt":"2014-09-12T19:23:25","guid":{"rendered":"http:\/\/annakarinhatt.se\/blogg\/?p=5462"},"modified":"2014-09-12T21:45:08","modified_gmt":"2014-09-12T19:45:08","slug":"c-och-mp-skillnaden-mellan-praktik-och-retorik","status":"publish","type":"post","link":"https:\/\/annakarinhatt.se\/blogg\/c-och-mp-skillnaden-mellan-praktik-och-retorik\/","title":{"rendered":"C och MP &#8211; skillnaden mellan praktik och retorik"},"content":{"rendered":"<div class=\"post-thumb clearfix\">\r\n    <figure class=\"featured-thumbnail thumbnail large\">\r\n        <div class=\"hider-page\"><\/div>\r\n        <a class=\"image-wrap image-popup-no-margins\"  href=\"http:\/\/annakarinhatt.se\/blogg\/wp-content\/uploads\/2014\/09\/vindkraft.jpg\" data-rel=\"Photo\">\r\n            <img decoding=\"async\" src=\"http:\/\/annakarinhatt.se\/blogg\/wp-content\/uploads\/2014\/09\/vindkraft.jpg\" alt=\"photo\" \/>\r\n            <span class=\"zoom-icon\"><\/span>\r\n        <\/a>\r\n    <\/figure>\r\n    <div class=\"clear\"><\/div>\r\n<\/div>\n<p>Vi i Centerpartiet har en l\u00e5ng historia av att b\u00e5de driva p\u00e5 i h\u00e5llbarhetsfr\u00e5gorna och att leverera resultat. Sedan vi lade de f\u00f6rsta milj\u00f6motionerna p\u00e5 1960-talet har v\u00e5r retorik alltid f\u00f6ljts av praktik. Praktik i allt fr\u00e5n att Sverige varit en drivande r\u00f6st f\u00f6r h\u00f6ga ambitioner n\u00e4r det g\u00e4ller klimat och f\u00f6rnybart\u00a0 i EU, i att vi varit med och drivit fram en rekordartad utbyggnad av den f\u00f6rnybara energin nationellt eller det faktum att centerpartister i m\u00e5nga kommuner driver p\u00e5 och tillh\u00f6r de som g\u00e5r f\u00f6re. Centerpartiets ambitioner och politik n\u00e4r det g\u00e4ller klimat och f\u00f6rnybart h\u00e4nger ihop &#8211; fr\u00e5n retorik till praktik. Och d\u00e4rf\u00f6r kan vi vara v\u00e4ldigt stolta \u00f6ver de\u00a0konkreta resultat som vi \u00e5stadkommit. Under v\u00e5ra tv\u00e5 f\u00f6rsta mandatperioder i Alliansregeringen har vi i Centerpartiet sett till s\u00e5 att vindkraften tiodubblats, att elen fr\u00e5n bioenergi \u00f6kat med femtio procent och att bioenergin nu g\u00e5tt om oljan som Sveriges enskilt st\u00f6rsta energik\u00e4lla.\u00a0\u00a0Tack vare en mycket m\u00e5lmedveten politik har vi byggt ut den f\u00f6rnybara energin s\u00e5 att mer \u00e4n h\u00e4lften av all energi i Sverige nu kommer fr\u00e5n det f\u00f6rnybara.<\/p>\n<p>I valr\u00f6relsen j\u00e4mf\u00f6rs vi i Centerpartiet ofta med Milj\u00f6partiet, som \u00e4r ett parti som ofta har ett h\u00f6gt tonl\u00e4ge i klimat- och energidebatten. Och att ocks\u00e5 de har h\u00f6ga ambitioner n\u00e4r det g\u00e4ller milj\u00f6 och klimat \u00e4r i grunden bra. De pekar p\u00e5 s\u00e5v\u00e4l landbaserad som havsbaserad vindkraft som en l\u00f6sning, de vill att Vattenfall skall bygga 20 TWh vinkraftsproduktion ytterligare, vilket motsvara ca 9500 av dagens vindkraftsverk. \u00a0Men\u00a0i kv\u00e4llens partiledardebatt i SVT kunde v\u00e5r partiledare Annie L\u00f6\u00f6f visa att MP:s retorik\u00a0l\u00e5ngtifr\u00e5n alltid matchas med konkret praktik.<\/p>\n<p>Den centerstyrda kommunen Uppvidinge i Kronobergs l\u00e4n \u00e4r en kommun som gjort sig k\u00e4nd f\u00f6r att\u00a0ha satsat stort p\u00e5 vindkraft. Och Uppvidinge har pekats ut som ett riksintresse f\u00f6r vindkraft och vindkraftsutbyggnaden har ett stort st\u00f6d. Men Uppvidinge \u00e4r ocks\u00e5 en av de kommuner d\u00e4r Milj\u00f6partietnu helt blockerar Sveriges st\u00f6rsta landbaserade vindkraftspark. Inte en g\u00e5ng, utan hela\u00a0fyra g\u00e5nger, har\u00a0Milj\u00f6partiet sett till att blockera och bordl\u00e4gga de beslut som kr\u00e4vs f\u00f6r att vindkraftsparken ska kunna bli verklighet. <a href=\"http:\/\/www.svt.se\/nyheter\/regionalt\/smalandsnytt\/vindkraftsbolagen-drar-sig-ur-storsatsning\">Och d\u00e4rmed har man\u00a0i praktiken\u00a0nu effektivt\u00a0stoppat denna angel\u00e4gna satsning p\u00e5 vindkraften<\/a>.<\/p>\n<p>Tack vare att Milj\u00f6partiet blockerar kommunens beslut har nu de bolag, bland annat Stena, som varit beredda att satsa miljardbelopp p\u00e5 att bygga ny vindkraft i Uppvidinge\u00a0tvingats\u00a0dra sig ur. Den satsning som nu uteblir, till f\u00f6ljd av Milj\u00f6partiets agerande, handlar om 175 vinkraftverk och en effekt om 500 Megawatt. Det\u00a0handlar med andra ord om en vindkraftspark som \u00e4r dubbelt s\u00e5 stor som\u00a0den st\u00f6rsta vindkraftsparken vi har\u00a0p\u00e5 land i Sverige och Europa idag (J\u00e4dra\u00e5s i Ockelbo, med sina 66 verk och en installerad effekt om 230 Megawatt). Det handlar om mer \u00e4n all vindkraft som finns installerad i Kronoberg idag.\u00a0Men det blir nu inte av. Konsekvensen av Milj\u00f6partiets agerande bliratt\u00a0ett tusental jobbtillf\u00e4llen under byggtiden uteblir, och att en\u00a0v\u00e4ldigt angel\u00e4gen satsning p\u00e5 f\u00f6rnybar energi inte blir av. Vilket f\u00f6rst\u00e5s beklagas av s\u00e5v\u00e4l <a href=\"http:\/\/sverigesradio.se\/sida\/artikel.aspx?programid=106&amp;artikel=5961288\">kommunstyrelsens ordf\u00f6rande<\/a>, av bolaget <a href=\"http:\/\/sverigesradio.se\/sida\/artikel.aspx?programid=106&amp;artikel=5961490&amp;playaudio=5073434\">Stenarenewable <\/a>som av m\u00e5nga\u00a0<a href=\"http:\/\/sverigesradio.se\/sida\/artikel.aspx?programid=106&amp;artikel=5961652\">Uppvidingebor<\/a>.<\/p>\n<p>Det \u00e4r en sak att ha h\u00f6ga ambitioner, som MP har. Men f\u00f6ljs de inte av konkret praktik \u00e4r ambitionerna inte s\u00e4rskilt mycket v\u00e4rt. Och g\u00e4r man en sak nationellt och den motsatta lokalt talar det sitt eget tydliga spr\u00e5k. Vi i Centerpartiet har b\u00e5de h\u00f6ga ambitioner och levererar konkreta milj\u00f6resultat.<\/p>\n","protected":false},"excerpt":{"rendered":"<p>Vi i Centerpartiet har en l\u00e5ng historia av att b\u00e5de driva p\u00e5 i h\u00e5llbarhetsfr\u00e5gorna och att leverera resultat. Sedan vi lade de f\u00f6rsta milj\u00f6motionerna p\u00e5 1960-talet har v\u00e5r retorik alltid f\u00f6ljts av praktik. Praktik i allt fr\u00e5n att Sverige varit en drivande r\u00f6st f\u00f6r h\u00f6ga ambitioner n\u00e4r det g\u00e4ller klimat och f\u00f6rnybart\u00a0 i EU, i&nbsp;<a href=\"https:\/\/annakarinhatt.se\/blogg\/c-och-mp-skillnaden-mellan-praktik-och-retorik\/\" class=\"read-more\">Continue Reading<\/a><\/p>\n","protected":false},"author":3,"featured_media":0,"comment_status":"open","ping_status":"open","sticky":false,"template":"","format":"standard","meta":{"ngg_post_thumbnail":0,"footnotes":""},"categories":[87],"tags":[170,212,83,99,34,164],"class_list":["post-5462","post","type-post","status-publish","format-standard","hentry","category-energi","tag-energi-2","tag-energiomstallning","tag-energipolitik","tag-fornybar-energi","tag-hallbar-tillvaxt","tag-vindkraft","cat-87-id"],"_links":{"self":[{"href":"https:\/\/annakarinhatt.se\/blogg\/wp-json\/wp\/v2\/posts\/5462","targetHints":{"allow":["GET"]}}],"collection":[{"href":"https:\/\/annakarinhatt.se\/blogg\/wp-json\/wp\/v2\/posts"}],"about":[{"href":"https:\/\/annakarinhatt.se\/blogg\/wp-json\/wp\/v2\/types\/post"}],"author":[{"embeddable":true,"href":"https:\/\/annakarinhatt.se\/blogg\/wp-json\/wp\/v2\/users\/3"}],"replies":[{"embeddable":true,"href":"https:\/\/annakarinhatt.se\/blogg\/wp-json\/wp\/v2\/comments?post=5462"}],"version-history":[{"count":11,"href":"https:\/\/annakarinhatt.se\/blogg\/wp-json\/wp\/v2\/posts\/5462\/revisions"}],"predecessor-version":[{"id":5475,"href":"https:\/\/annakarinhatt.se\/blogg\/wp-json\/wp\/v2\/posts\/5462\/revisions\/5475"}],"wp:attachment":[{"href":"https:\/\/annakarinhatt.se\/blogg\/wp-json\/wp\/v2\/media?parent=5462"}],"wp:term":[{"taxonomy":"category","embeddable":true,"href":"https:\/\/annakarinhatt.se\/blogg\/wp-json\/wp\/v2\/categories?post=5462"},{"taxonomy":"post_tag","embeddable":true,"href":"https:\/\/annakarinhatt.se\/blogg\/wp-json\/wp\/v2\/tags?post=5462"}],"curies":[{"name":"wp","href":"https:\/\/api.w.org\/{rel}","templated":true}]}}