{"id":5481,"date":"2014-09-25T11:17:03","date_gmt":"2014-09-25T09:17:03","guid":{"rendered":"http:\/\/annakarinhatt.se\/blogg\/?p=5481"},"modified":"2014-09-25T12:20:37","modified_gmt":"2014-09-25T10:20:37","slug":"mot-framtiden-efter-11-fantastiska-ar-i-hjartat-av-alliansen","status":"publish","type":"post","link":"https:\/\/annakarinhatt.se\/blogg\/mot-framtiden-efter-11-fantastiska-ar-i-hjartat-av-alliansen\/","title":{"rendered":"Mot framtiden &#8211; efter 11 fantastiska \u00e5r i hj\u00e4rtat av Alliansen!"},"content":{"rendered":"<h6><div class=\"post-thumb clearfix\">\r\n    <figure class=\"featured-thumbnail thumbnail large\">\r\n        <div class=\"hider-page\"><\/div>\r\n        <a class=\"image-wrap image-popup-no-margins\"  href=\"http:\/\/annakarinhatt.se\/blogg\/wp-content\/uploads\/2014\/09\/avtackning-ndep.jpg\" data-rel=\"Photo\">\r\n            <img decoding=\"async\" src=\"http:\/\/annakarinhatt.se\/blogg\/wp-content\/uploads\/2014\/09\/avtackning-ndep.jpg\" alt=\"photo\" \/>\r\n            <span class=\"zoom-icon\"><\/span>\r\n        <\/a>\r\n    <\/figure>\r\n    <div class=\"clear\"><\/div>\r\n<\/div>Avtackning p\u00e5 N\u00e4ringsdepartementet efter 11 fantastiska \u00e5r i Alliansen.<\/h6>\n<p>&nbsp;<\/p>\n<p>Om Stefan L\u00f6fven lyckas med det uppdrag han f\u00e5tt av Riksdagens talman s\u00e5 kommer, om n\u00e5gon eller n\u00e5gra veckor, den \u00f6verg\u00e5ngsregering som jag nu ing\u00e5r i avg\u00e5, och en ny regering tr\u00e4da till. F\u00f6r mig inneb\u00e4r det att jag d\u00e5 s\u00e4tter punkt f\u00f6r tv\u00e5 fantastiska mandatperioder i regeringen, och f\u00f6r n\u00e4stan 11 \u00e5r mitt i hj\u00e4rtat av skapandet av Alliansen och de 8 \u00e5r d\u00e5 vi i Alliansregeringen styrt Sverige.<\/p>\n<p>Jag \u00e4r otroligt stolt \u00f6ver den tiden, och \u00f6ver vad vi tillsammans lyckats \u00e5stadkomma under den!<\/p>\n<p>Jag \u00e4r otroligt stolt \u00f6ver att vi v\u00e5gade skapa Alliansen, och att vi etablerade en helt ny politisk kultur, och samarbetsform med den. Ett samarbete som inte bygger p\u00e5 den starkes lag, eller p\u00e5 att dra varandra vid n\u00e4san. Utan p\u00e5 insikten om att 1 + 1 + 1 + 1 faktiskt &#8211; om man verkligen lyssnar p\u00e5 varandra och fokuserar p\u00e5 att tillsammans hitta de b\u00e4sta l\u00f6sningarna p\u00e5 olika samh\u00e4llsproblem &#8211; kan bli st\u00f6rre \u00e4n 4:a.<\/p>\n<p>Och jag \u00e4r stolt \u00f6ver alla de strukturella f\u00f6r\u00e4ndringar vi tillsammans har gjort. Att vi &#8211; trots att vi just har varit igenom en omfattande finanskris och stark internationell l\u00e5gkonjunktur, den starkaste sedan depressionen p\u00e5 1930-talet &#8211; nu st\u00e5r starkare \u00e4n n\u00e4stan n\u00e5got annat land i Europa. Att 350 000 fler har ett jobb att g\u00e5 till, j\u00e4mf\u00f6rt med 2006. Att mer \u00e4n 200 000 av dem har utl\u00e4ndsk bakgrund. Att vi har 200 000 fler f\u00f6retag och att antalet personer f\u00f6rpassade i permanent utanf\u00f6rskap fr\u00e5n arbetsmarknaden sjunkit med 200 000 sedan vi tr\u00e4dde till. Jag \u00e4r stolt \u00f6ver att vi varit r\u00e4dda om v\u00e5ra statsfinanser, s\u00e5 att vi nu har stadigt sjunkande statsskuld, n\u00e4r andra l\u00e4nder i Europa kraftfullt tvingats \u00f6ka sin. Och jag \u00e4r stolt \u00f6ver att vi just d\u00e4rf\u00f6r idag kan satsa mer p\u00e5 v\u00e4lf\u00e4rden \u00e4n vad vi gjort n\u00e5gon g\u00e5ng tidigare i Sveriges historia.<\/p>\n<p>Och jag \u00e4r stolt \u00f6ver <strong>det jag \u00e5stadkommit, som energiminister i Alliansregeringen<\/strong>. Att vi 2009, n\u00e4r jag var en av de ansvariga statssekreterarna f\u00f6r att f\u00f6rhandla den, f\u00f6rm\u00e5dde formulera och ge Sverige den bredaste och mest l\u00e5ngsiktiga klimat- och energi\u00f6verenskommelse vi n\u00e5gonsin haft, och att den sedan dess lett till m\u00e5nga goda, h\u00e5llbara resultat. Att investeringarna i energisektorn under mina \u00e5r som energiminister slagit alla rekord, och att utbyggnaden av det f\u00f6rnybara lett till att vi g\u00e5tt fr\u00e5n 43 procent f\u00f6rnybart i Sverige 2006, till 51 procent det senaste \u00e5ret som myndigheten kunnat m\u00e4ta. Och att b\u00e5de industrin och vi komsumenter nu kan sova gott om natten, f\u00f6r att vi har en trygg energif\u00f6rs\u00f6rjning och historiskt l\u00e5ga och konkurrenskraftiga elpriser. Att vi kunnat g\u00f6ra s\u00e5 m\u00e5nga reformer f\u00f6r att st\u00e4rka den enskildes st\u00e4llning p\u00e5 energimarknaden, och skydda konsumenterna mot osk\u00e4liga priser och avgifter.<\/p>\n<p>Jag \u00e4r stolt \u00f6ver <strong>det jag \u00e5stadkommit som it-minister i Alliansregeringen<\/strong> \u2013 att jag, som Sveriges f\u00f6rsta it-minister med \u00f6vergripande ansvar f\u00f6r alla it-politikens omr\u00e5den, h\u00f6jt statusen och ambitionerna i regeringen och regeringskansliet f\u00f6r de fr\u00e5gorna. Att jag bara ett \u00e5r efter att jag tilltr\u00e4dde, h\u00f6sten 2011, kunde presentera den Digitala Agenda f\u00f6r Sverige som jag och departementet, tillsammans med m\u00e5nga av er i n\u00e4ringslivet och i ber\u00f6rda organisationer, varit med och arbetat fram. Att vi med den som utg\u00e5ngspunkt sedan h\u00f6jt tempot i att st\u00e4lla om till en modern och effektiv e-f\u00f6rvaltning. Att vi kraftfullt \u00f6kat satsningarna p\u00e5 att bygga bredband, b\u00e5de p\u00e5 landsbygden och inne i stan. Att vi genom att ge bra f\u00f6ruts\u00e4ttningar och frig\u00f6ra mest utrymme i etern f\u00f6r mobiltelefoni av alla l\u00e4nder i hela Europa, tydligt drivit och driver p\u00e5 utbyggnaden av mobiltelefonin. Och att vi nu mer \u00e4n n\u00e5gonsin pratar om vilka nytta vi kan skapa med it, och om hur vi kan \u00e5stadkomma fler resultat om vi anv\u00e4nder smart it b\u00e4ttre \u2013 i v\u00e5ra sm\u00e5f\u00f6retag, i v\u00e5rt milj\u00f6arbete och n\u00e4r v\u00e5ra barn ska f\u00e5 chansen att l\u00e4ra sig mer i skolan. Bara f\u00f6r att n\u00e4mna n\u00e5gra av alla de m\u00f6jligheter som smart it ger.<\/p>\n<p>Allt detta \u2013 och mycket, mycket mer \u2013 \u00e4r jag stolt \u00f6ver och b\u00e4r med mig n\u00e4r jag nu ska ta mig an nya utmaningar!<\/p>\n<p>Lika stolt som jag \u00e4r \u00f6ver de resultaten, lika stolt \u00e4r jag \u00f6ver att ha f\u00e5tt samarbeta med er som varit med och gjort allt det m\u00f6jligt:<\/p>\n<p><strong>Tack till alla opolitiska tj\u00e4nstem\u00e4n p\u00e5 mina enheter p\u00e5 N\u00e4ringsdepartementet<\/strong>, och alla ni andra, i ett otroligt professionellt regeringskansli. Ni \u00e4r det piano som varje musicerande minister med reformambitioner m\u00e5ste ha! Och tack <strong>alla GD:ar och myndighetschefer<\/strong>, som har det viktiga uppdraget att hj\u00e4lpa regeringen att f\u00f6rverkliga sin politik.<\/p>\n<p>Tack till alla er jag m\u00f6tt och haft f\u00f6rm\u00e5nen att f\u00e5 debattera, diskutera och samarbeta med, i b\u00e5de <strong>it- och energibranschen och \u2013industrin<\/strong>. Ni har bjudit mig det sunda tuggmotst\u00e5nd man som minister beh\u00f6ver, och ni har varit en sporre f\u00f6r att n\u00e5 nya resultat. Ni har kommit med ov\u00e4rderliga egna id\u00e9er, och haft v\u00e4rdefulla synpunkter som hj\u00e4lpt mig och oss i regeringen att f\u00f6rb\u00e4ttra och f\u00f6rfina v\u00e5ra f\u00f6rslag. Ni har velat vara med och bidra, och ni har varit pigga p\u00e5 att svara n\u00e4r jag som minister bjudit in till en, ibland b\u00e5de ovanlig och banbrytande, \u201driktig\u201d dialog. Oavsett om den handlat om bredbandsutbyggnad, k\u00e4rnkraftskr\u00e5ngel, nya klimat- och energim\u00e5l f\u00f6r 2030 eller hur vi kan st\u00e4rka den enskilde konsumentens st\u00e4llning b\u00e5de p\u00e5 it-marknaden och som energikonsument. Jag hoppas att m\u00e5nga av oss kommer forts\u00e4tta m\u00f6tas i m\u00e5nga olika sammanhang fram\u00f6ver!<\/p>\n<p>Tack till er som ing\u00e5tt i de olika f\u00f6rsamlingar eller r\u00e5d jag skapat eller lett. Till ni som varit mina viktig informella r\u00e5dgivare i <strong>Digitaliseringsr\u00e5det<\/strong>. Till er som jobbar \u00e5t, eller varit ledam\u00f6ter, i <strong>Bredbandsforum<\/strong>s styrgrupp och p\u00e5 dess kansli. Till er som ing\u00e5r i <strong>Digitaliseringskommissionen<\/strong>, som ska se till s\u00e5 att den Digitala Agendan g\u00e5r fr\u00e5n ambitioner p\u00e5 ett papper till riktig verkstad varje dag.<\/p>\n<p>Tack ocks\u00e5 till <strong>alla mina internationella it- och energiministerkollegor<\/strong> \u2013 som jag m\u00f6tt och f\u00f6rhandlat med s\u00e5 m\u00e5nga g\u00e5nger i olika europeiska och internationella beslutsfattarrum. I EU:s it- och energiministerr\u00e5d, i USA-initierade G20-samarbetet Clean Energy Ministerial (dit jag och Sverige bj\u00f6ds in som ledare inom f\u00f6rnybar och koldioxidsn\u00e5l energi), inom ramen f\u00f6r International Energy Agency (IEA) eller vid andra internationella bes\u00f6k eller i andra internationella sammanhang. Ni har l\u00e4rt mig mycket om hur olika \u2013 men m\u00e5nga g\u00e5nger ocks\u00e5 lika &#8211; v\u00e5ra utmaningar kan vara, ocks\u00e5 n\u00e4ra oss i Europa. Och ni har f\u00e5tt mig att finslipa argumenten och se saken ocks\u00e5 ur ert perspektiv, s\u00e5 att vi tillsammans har kunnat fatta beslut som vi alla har kunnat st\u00e5 bakom, och som g\u00e5r i den riktning som Europa och v\u00e4rlden beh\u00f6ver.<\/p>\n<p>Och ett hj\u00e4rtevarmt tack till <strong>alla mina fina ministerkollegor i Alliansregeringen<\/strong> &#8211; ingen n\u00e4mnd, men ingen heller gl\u00f6md. Det har fr\u00e5n den f\u00f6rsta dagen varit en otrolig f\u00f6rm\u00e5n att f\u00e5 arbeta med er i v\u00e5r regeringskonstellation. Oavsett om ni nu g\u00e5r till riksdagen, i aktiv och granskande opposition, eller om ni liksom jag kommer s\u00f6ka er nya utmaningar s\u00e5 \u00f6nskar jag var och en av er varmt lycka till! Jag kommer med sp\u00e4nning f\u00f6lja er framtida resa och jag ser fram emot att h\u00e5lla kontakten med m\u00e5nga av er, som blivit till n\u00e4ra politiska v\u00e4nner, ocks\u00e5 fram\u00f6ver!<\/p>\n<p>Likas\u00e5 ett stort tack till alla de <strong>statssekreterarkollegor, fr\u00e5n alla fyra Allianspartierna<\/strong>, som jag hade f\u00f6rm\u00e5nen att f\u00e5 arbeta tillsammans med under Alliansregeringens f\u00f6rsta mandatperiod (2006 \u2013 2010), och allra s\u00e4rskilt till <strong>statssekreterarkollegorna p\u00e5 den numera beryktade samordningen<\/strong>! Tillsammans byggde vi en helt unik funktion i koalitionsregeringen, som i hela \u00e5tta \u00e5r lyckades l\u00f6sa b\u00e5de sm\u00e5 och stora meningsskiljaktigheter, p\u00e5 ett s\u00e4tt som gjorde att alla fyra partier kunde m\u00e5 bra i samarbetet, och b\u00e5de bidra till och vinna p\u00e5 det. Om den mekanismen tror jag att m\u00e5nga kommer vilja veta mer, n\u00e4r framg\u00e5ngarna bakom Alliansen s\u00e5 sm\u00e5ningom ska analyseras!<\/p>\n<p>\u00c4nnu mer ett stort tack till det verkliga <strong>\u201dhj\u00e4rng\u00e4nget\u201d i Alliansen<\/strong> \u2013 till den k\u00e4rna som var med och tog de f\u00f6rsta modiga stegen och bildade Alliansen 2004, och som sedan under varierande l\u00e5ng tid burit den hela v\u00e4gen fram till 2014: till Fredrik Reinfeldt (m), Maud Olofsson (c), Lars Leijonborg (fp) och G\u00f6ran H\u00e4gglund (kd) \u2013 ursprungspartiledarna som fattade det kloka och modiga beslutet att bilda \u201dAllians f\u00f6r Sverige\u201d 2004, och att p\u00e5b\u00f6rja resan dit redan innan dess. Det var l\u00e5ngt ifr\u00e5n sj\u00e4lvklart att det dj\u00e4rva steget skulle lyckas, men det var vad Sverige beh\u00f6vde, och vi \u00e4r m\u00e5nga som kommer vara er evigt tacksamma f\u00f6r att ni v\u00e5gade det!<\/p>\n<p>Men ocks\u00e5 ett tack till <strong>det partiledarg\u00e4ng som sedan tog \u00f6ver<\/strong> \u2013 Fredrik Reinfeldt, Annie L\u00f6\u00f6f, G\u00f6ran H\u00e4gglund och Jan Bj\u00f6rklund. Ni \u00e4r alla den d\u00e4r sortens m\u00e5ngsidiga elitidrottare som politiken beh\u00f6ver: duktiga p\u00e5 spurter likv\u00e4l som p\u00e5 l\u00e5ngdistans, och med en f\u00f6rk\u00e4rlek f\u00f6r att v\u00e4xeldra och ta en stafett f\u00f6r att hj\u00e4lpa varandra, n\u00e4r det kan beh\u00f6vas. Det \u00e4r ledarskap, och riktigt samarbete, och ett o\u00e4ndligt viktigt kitt i v\u00e5r Allians!<\/p>\n<p>Och ett tack ocks\u00e5 till det g\u00e4ng som n\u00e5gon g\u00e5ng av n\u00e5gon kallades <strong>\u201dpakten, som tog makten\u201d<\/strong> \u2013 till det g\u00e4ng av partiledarstabschefer som f\u00f6rf\u00f6rhandlade snart sagt varenda partiledar\u00f6verenskommelse innan Alliansen vann och tilltr\u00e4dde 2006. Till Anders Borg (m), Helena Dyrssen (fp) och Jakob Forssmed (kd), som alla vet hur en h\u00e5llfast politisk \u00f6verenskommelse ska formas, och hur den n\u00f6dv\u00e4ndiga f\u00f6rankringen i riksdagsgrupper och partiorganisationer beh\u00f6ver m\u00f6tas och tas. S\u00e5 mycket av det som kommit att bli Alliansens signum satte vi redan d\u00e5 \u2013 den verkliga viljan att lyssna p\u00e5 varandra, att ge och ta av varandra och insikten att varje enskild \u00f6verenskommelse m\u00e5ste vara s\u00e5 bra att man kan m\u00f6tas, \u00f6ga mot \u00f6ga, \u00f6ver f\u00f6rhandlingsbordet n\u00e4sta dag. Tack f\u00f6r alla de timmar och dagar vi delat i den tidiga Alliansens v\u00e4rld!<\/p>\n<p>Och ett stort tack till alla ni som under Alliansens f\u00f6rsta mandatperiod var <strong>mina medarbetare p\u00e5 Centerpartiets del av samordningskansliet p\u00e5 Statsr\u00e5dsberedningen i Rosenbad<\/strong>, n\u00e4r jag som statssekreterare fick uppdrag att bygga Centerpartiets kansli d\u00e4r. Till Magnus Waller\u00e5, som var min h\u00f6gra hand och som efter valet 2010, n\u00e4r jag blev minister, blev min eftertr\u00e4dare som statssekreterare d\u00e4r. Tack till alla er som jag hade f\u00f6rm\u00e5nen att f\u00e5 rekrytera och jobba med de fyra \u00e5ren \u2013 inte minst Magnus Waller\u00e5, Anders Holmestig (numera LRF), Anders W Jonsson (numera Centerpartiets gruppledare i Riksdagen), Daniel Johansson (fram till nu min statssekreterare p\u00e5 N\u00e4ringsdepartementet), Sofia Olsson (nu regionansvarig f\u00f6r Individuell M\u00e4nniskohj\u00e4lp i Indien), Mila Eklund (nu internationell sekreterare f\u00f6r Centerpartiet) och Malin Nordstrand (numera chef f\u00f6r Centerpartiets riksdagskansli) som alla var med i det jungfruliga ursprungsg\u00e4ng som direkt efter valet 2006 b\u00f6rjade med mig p\u00e5 Rosenbad!<\/p>\n<p>Och ett obeskrivligt stort tack <strong>till alla er som jobbat i min ministerstab<\/strong> sedan jag blev minister 2010! Till Daniel Johansson och Marita Ljung, som b\u00e5da varit mina helt oslagbara statssekreterare. Till Hannes Carl Borg, Kristian Ljungblad och Mia Nordstr\u00f6m, som i olika skeden varit mina viktiga energipolitiska bollplank, som energipolitiska politiska sakkunniga. Till Henrik Ishihara, min it-politiskt sakkunnige, som ingen sl\u00e5r p\u00e5 fingrarna n\u00e4r det g\u00e4ller bredband, it och internetpolitik. Till Malin Forsbrand, Julia F\u00e4rjhage och Kristian Ljungblad, som alla i olika omg\u00e5ngar tagit sig an utmaningen att leda min ministerstab. Ett stort tack ocks\u00e5 till de viktiga assistenterna &#8211; Susanne Levin, Eira Norberg och Gudrun R\u00e5berg &#8211; som h\u00e5llit reda p\u00e5 mig och mina statssekreterare och sett till s\u00e5 att kalendern och allt annat praktiskt fungerat och kommit p\u00e5 plats! Ingen ledare klarar sig utan en riktigt bra assistent, som kan s\u00e4ga ja och ibland nej, till b\u00e5de utomst\u00e5ende och minister i sig. Och ett stort tack till min alltid allerte och vakne pressekreterare Jonas Johansson, som tog steget fr\u00e5n journalistiken till min stab och politiken &#8211; jag \u00e4r otroligt tacksam f\u00f6r det! En minister \u00e4r ingenting utan sina duktiga r\u00e5dgivare. Utan duktiga m\u00e4nniskor som er i min stab skulle jag inte ha kunnat utr\u00e4tta ens en br\u00e5kdel av allt det jag har gjort, f\u00f6rst som it- och regionminister och sedan som it- och energiminister denna mandatperiod!<\/p>\n<p>Och till sist ett o\u00e4ndligt stort tack till er som \u00e4r <strong>mina allra n\u00e4rmaste<\/strong>. Till min familj och mina barn som levt n\u00e4ra allt det jag levt n\u00e4ra under alla dessa 11 \u00e5r. Som st\u00f6ttat mig, och sporrat mig. Som delat de soliga dagarna och de d\u00e4r molnen dragit fram. Som ibland kanske suckat \u00f6ver att jag beh\u00f6vt se \u00e4nnu en nyhetss\u00e4ndning, men som \u00e4nnu oftare krupit upp i soffan och sett den d\u00e4r viktiga debatten med mig. Som f\u00f6ljt och f\u00f6ljt med i vartenda steg jag tagit, och som f\u00f6refaller ha varit ganska n\u00f6jda med det. Nu v\u00e4ntar nya sp\u00e4nnande, och f\u00f6rhoppningsvis ocks\u00e5 viktiga, utmaningar fram\u00f6ver, men n\u00e4r jouren faller bort och mamma inte beh\u00f6ver vara beredd alla dygnets 24 timmar, s\u00e5 hoppas och tror jag att vi ocks\u00e5 kommer hinna en extra koja, en extra sagobok, en extra mysmiddag och ett extra biobes\u00f6k till!<\/p>\n<p>Vad som v\u00e4ntar om h\u00f6rnet vet jag \u00e4nnu inte s\u00e4rskilt mycket om, och n\u00e4r allt nu b\u00f6rjar landa s\u00e5 k\u00e4nns det faktiskt ganska sp\u00e4nnande det! Rent politiskt kommer jag forts\u00e4tta bidra till Centerpartiets och Alliansens utveckling utifr\u00e5n de plattformar jag har, men professionellt kommer jag nu s\u00f6ka mig nya utmaningar! Och kanske \u00e4r det god tid att g\u00f6ra det. F\u00f6r efter 11 \u00e5r \u2013 som \u00e4r den tid som g\u00e5tt sedan jag strax f\u00f6re jul 2003 tog steget tillbaka till politiken efter fyra \u00e5r i n\u00e4ringslivet, bland annat som VD f\u00f6r ett friskolef\u00f6retag \u2013 \u00e4r tiden kanske mogen att ta ett nytt kliv, till n\u00e4ringslivet, organisations-Sverige eller till n\u00e5got annat som kan ge en rej\u00e4l utmaning och d\u00e4r jag kan forts\u00e4tta f\u00e5 utlopp f\u00f6r min kreativitet och inspiration!<\/p>\n<p>Oavsett vilka d\u00f6rrar som nu \u00f6ppnas mot framtiden, s\u00e5 kommer mycket av det jag gjort genom \u00e5ren \u00e4ven fram\u00f6ver att vara viktiga drivkrafter f\u00f6r mig:<\/p>\n<p>Mitt engagemang f\u00f6r milj\u00f6, h\u00e5llbarhet och mer f\u00f6rnybar och klimatsmart energi &#8211; ocks\u00e5 i ett internationellt perspektiv.<\/p>\n<p>Mitt driv f\u00f6r att bygga Sverige starkare med mer it, mer bredband och en starkare och mer innovativ it-industri. Och inte minst att anv\u00e4nda mer smart it f\u00f6r att st\u00e4lla om till mer h\u00e5llbar energi.<\/p>\n<p>Min \u00f6vertygelse om att vi beh\u00f6ver en skola som, bland annat med smart it, m\u00f6ter v\u00e5ra barns lust att l\u00e4ra, d\u00e4r de \u00e4r, utifr\u00e5n deras behov.<\/p>\n<p>Min k\u00e4rlek till, och erfarenhet av, att vara med och leda, kommunicera och f\u00e5 m\u00e5nga att samlas bakom tydliga och gemensamma m\u00e5l. Och min erfarenhet av att sedan m\u00e5nga \u00e5r jobba med, och i, olika typer av styrelser och styrelseuppdrag.<\/p>\n<p>Och alla de erfarenheter jag samlat p\u00e5 mig genom att i n\u00e4stan 11 \u00e5r varit med och f\u00f6rhandlat ihop, h\u00e5llit samman och utvecklat v\u00e5r Allians och den politik vi genomf\u00f6rt under Alliansregeringens 8 \u00e5r. F\u00f6rst som statssekreterare och sedan som minister. Det \u00e4r erfarenheter som jag \u00e4r v\u00e4ldigt glad att ha.<\/p>\n<p>Vilka som nu vill dra nytta av mig, med min bakgrund och erfarenhet, ska bli otroligt sp\u00e4nnande att se! Sj\u00e4lv ser jag fram emot att f\u00e5 forts\u00e4tta v\u00e4xa och utvecklas med nya utmaningar. Skulle du vara en av dem som tror att jag kan ha n\u00e5got viktigt att bidra med hos er, h\u00f6r g\u00e4rna av dig om det! Jag vill g\u00e4rna diskutera olika m\u00f6jligheter och f\u00f6rslag f\u00f6r att kunna se var den plats finns d\u00e4r jag kan ha mest att bidra med. (Vill du s\u00e5 n\u00e5r du mig p\u00e5 mejladressen akh [snabel-a] annakarinhatt.se\u00a0och har du mitt nummer sedan tidigare \u00e4r det bara att sl\u00e5 en signal)<\/p>\n<p>N\u00e4r \u00f6verg\u00e5ngsregeringen avg\u00e5r, och den nya regeringen tr\u00e4der till, s\u00e5 summeras ett viktigt kapitel i mitt och m\u00e5nga andras politiska liv. D\u00e4rmed inte sagt att det kapitlet inte l\u00e4ngre fram kan f\u00e5 s\u00e4llskap av flera! Jag \u00e4r otroligt stolt \u00f6ver det jag varit med om att utr\u00e4tta, och jag \u00e4r lika nyfiken p\u00e5 att se vilka v\u00e4gar framtiden nu tar. Tack alla ni som varit med och gjort denna fantastiska resa m\u00f6jlig \u2013 f\u00f6r mig som person, f\u00f6r Centerpartiet och f\u00f6r hela v\u00e5r Allians. Jag \u00e4r, och kommer alltid vara er, och oss, oerh\u00f6rt tacksam f\u00f6r det!<\/p>\n","protected":false},"excerpt":{"rendered":"<p>Avtackning p\u00e5 N\u00e4ringsdepartementet efter 11 fantastiska \u00e5r i Alliansen. &nbsp; Om Stefan L\u00f6fven lyckas med det uppdrag han f\u00e5tt av Riksdagens talman s\u00e5 kommer, om n\u00e5gon eller n\u00e5gra veckor, den \u00f6verg\u00e5ngsregering som jag nu ing\u00e5r i avg\u00e5, och en ny regering tr\u00e4da till. F\u00f6r mig inneb\u00e4r det att jag d\u00e5 s\u00e4tter punkt f\u00f6r tv\u00e5 fantastiska&nbsp;<a href=\"https:\/\/annakarinhatt.se\/blogg\/mot-framtiden-efter-11-fantastiska-ar-i-hjartat-av-alliansen\/\" class=\"read-more\">Continue Reading<\/a><\/p>\n","protected":false},"author":3,"featured_media":0,"comment_status":"open","ping_status":"open","sticky":false,"template":"","format":"standard","meta":{"ngg_post_thumbnail":0,"footnotes":""},"categories":[20],"tags":[],"class_list":["post-5481","post","type-post","status-publish","format-standard","hentry","category-personligt","cat-20-id"],"_links":{"self":[{"href":"https:\/\/annakarinhatt.se\/blogg\/wp-json\/wp\/v2\/posts\/5481","targetHints":{"allow":["GET"]}}],"collection":[{"href":"https:\/\/annakarinhatt.se\/blogg\/wp-json\/wp\/v2\/posts"}],"about":[{"href":"https:\/\/annakarinhatt.se\/blogg\/wp-json\/wp\/v2\/types\/post"}],"author":[{"embeddable":true,"href":"https:\/\/annakarinhatt.se\/blogg\/wp-json\/wp\/v2\/users\/3"}],"replies":[{"embeddable":true,"href":"https:\/\/annakarinhatt.se\/blogg\/wp-json\/wp\/v2\/comments?post=5481"}],"version-history":[{"count":11,"href":"https:\/\/annakarinhatt.se\/blogg\/wp-json\/wp\/v2\/posts\/5481\/revisions"}],"predecessor-version":[{"id":5495,"href":"https:\/\/annakarinhatt.se\/blogg\/wp-json\/wp\/v2\/posts\/5481\/revisions\/5495"}],"wp:attachment":[{"href":"https:\/\/annakarinhatt.se\/blogg\/wp-json\/wp\/v2\/media?parent=5481"}],"wp:term":[{"taxonomy":"category","embeddable":true,"href":"https:\/\/annakarinhatt.se\/blogg\/wp-json\/wp\/v2\/categories?post=5481"},{"taxonomy":"post_tag","embeddable":true,"href":"https:\/\/annakarinhatt.se\/blogg\/wp-json\/wp\/v2\/tags?post=5481"}],"curies":[{"name":"wp","href":"https:\/\/api.w.org\/{rel}","templated":true}]}}