{"id":5603,"date":"2015-05-27T17:22:22","date_gmt":"2015-05-27T15:22:22","guid":{"rendered":"http:\/\/annakarinhatt.se\/blogg\/?p=5603"},"modified":"2015-05-27T17:22:22","modified_gmt":"2015-05-27T15:22:22","slug":"tack-och-hej","status":"publish","type":"post","link":"https:\/\/annakarinhatt.se\/blogg\/tack-och-hej\/","title":{"rendered":"Tack och hej!"},"content":{"rendered":"<p>Under min tid som it- och energiminister anv\u00e4nde jag\u00a0den h\u00e4r bloggen som ett st\u00e4lle d\u00e4r jag kunde\u00a0l\u00e4gga ut texten, och sprida kunskapen om vad jag gjorde\u00a0direkt till er. I och med att jag nu g\u00e5r in i andra uppgifter, och tar steget fr\u00e5n politiken till n\u00e4ringslivet, s\u00e5 har jag ocks\u00e5 best\u00e4mt mig f\u00f6r att l\u00e5ta den h\u00e4r\u00a0bloggen somna in. Men ist\u00e4llet f\u00f6r att st\u00e4nga den helt har jag best\u00e4mt mig f\u00f6r att l\u00e5ta den\u00a0ligga kvar som ett s\u00f6kbart historiskt dokument\u00a0\u00f6ver vad jag gjorde som it- och energiminister, och som andre vice partiledare f\u00f6r Centerpartiet. Vem vet, kanske kan b\u00e5de jag och n\u00e5gra av er l\u00e4sare ha gl\u00e4dje av det?<\/p>\n<p>Stort tack f\u00f6r att du f\u00f6ljt mig h\u00e4r p\u00e5 bloggen, och v\u00e4lkommen att forts\u00e4tta f\u00f6lja mig i mina andra digitala kanaler &#8211; p\u00e5 Twitter, Instagram och Facebook &#8211; fram\u00f6ver!<\/p>\n<p>\/Anna-Karin Hatt<\/p>\n<p>27\/5 2015<\/p>\n","protected":false},"excerpt":{"rendered":"<p>Under min tid som it- och energiminister anv\u00e4nde jag\u00a0den h\u00e4r bloggen som ett st\u00e4lle d\u00e4r jag kunde\u00a0l\u00e4gga ut texten, och sprida kunskapen om vad jag gjorde\u00a0direkt till er. I och med att jag nu g\u00e5r in i andra uppgifter, och tar steget fr\u00e5n politiken till n\u00e4ringslivet, s\u00e5 har jag ocks\u00e5 best\u00e4mt mig f\u00f6r att l\u00e5ta&nbsp;<a href=\"https:\/\/annakarinhatt.se\/blogg\/tack-och-hej\/\" class=\"read-more\">Continue Reading<\/a><\/p>\n","protected":false},"author":3,"featured_media":0,"comment_status":"open","ping_status":"open","sticky":false,"template":"","format":"standard","meta":{"ngg_post_thumbnail":0,"footnotes":""},"categories":[26],"tags":[],"class_list":["post-5603","post","type-post","status-publish","format-standard","hentry","category-bilder","cat-26-id"],"_links":{"self":[{"href":"https:\/\/annakarinhatt.se\/blogg\/wp-json\/wp\/v2\/posts\/5603","targetHints":{"allow":["GET"]}}],"collection":[{"href":"https:\/\/annakarinhatt.se\/blogg\/wp-json\/wp\/v2\/posts"}],"about":[{"href":"https:\/\/annakarinhatt.se\/blogg\/wp-json\/wp\/v2\/types\/post"}],"author":[{"embeddable":true,"href":"https:\/\/annakarinhatt.se\/blogg\/wp-json\/wp\/v2\/users\/3"}],"replies":[{"embeddable":true,"href":"https:\/\/annakarinhatt.se\/blogg\/wp-json\/wp\/v2\/comments?post=5603"}],"version-history":[{"count":3,"href":"https:\/\/annakarinhatt.se\/blogg\/wp-json\/wp\/v2\/posts\/5603\/revisions"}],"predecessor-version":[{"id":5606,"href":"https:\/\/annakarinhatt.se\/blogg\/wp-json\/wp\/v2\/posts\/5603\/revisions\/5606"}],"wp:attachment":[{"href":"https:\/\/annakarinhatt.se\/blogg\/wp-json\/wp\/v2\/media?parent=5603"}],"wp:term":[{"taxonomy":"category","embeddable":true,"href":"https:\/\/annakarinhatt.se\/blogg\/wp-json\/wp\/v2\/categories?post=5603"},{"taxonomy":"post_tag","embeddable":true,"href":"https:\/\/annakarinhatt.se\/blogg\/wp-json\/wp\/v2\/tags?post=5603"}],"curies":[{"name":"wp","href":"https:\/\/api.w.org\/{rel}","templated":true}]}}